{"id":4000,"date":"2025-09-27T12:01:24","date_gmt":"2025-09-27T11:01:24","guid":{"rendered":"https:\/\/drebruokyay.com\/?p=4000"},"modified":"2025-09-30T12:11:38","modified_gmt":"2025-09-30T11:11:38","slug":"cilt-sagligi-cevresel-etkiler-dermatoloji","status":"publish","type":"post","link":"https:\/\/drebruokyay.com\/tr\/skin-health-environmental-impacts-dermatology\/","title":{"rendered":"\u0130klim De\u011fi\u015fikli\u011fi ve Cilt Sa\u011fl\u0131\u011f\u0131: Dermatolojinin 2025&#039;teki Etkileri"},"content":{"rendered":"<p>2025 y\u0131l\u0131nda k\u00fcresel s\u0131cakl\u0131klar artarken ve hava ko\u015fullar\u0131 de\u011fi\u015firken, iklim de\u011fi\u015fikli\u011fi ile cilt sa\u011fl\u0131\u011f\u0131 aras\u0131ndaki ba\u011flant\u0131 hi\u00e7 bu kadar kritik olmam\u0131\u015ft\u0131. Dr. Ebru Okyay&#039;\u0131n Antalya&#039;daki klini\u011finde, \u00e7evresel fakt\u00f6rlerin dermatolojik rahats\u0131zl\u0131klar\u0131 nas\u0131l etkiledi\u011fini ilk elden g\u00f6rd\u00fck. De\u011fi\u015fen hava ko\u015fullar\u0131yla birlikte s\u0131ra d\u0131\u015f\u0131 cilt sorunlar\u0131 ya\u015f\u0131yorsan\u0131z, yaln\u0131z de\u011filsiniz. Bu kapsaml\u0131 rehber, artan UV maruziyetinden hava kirlili\u011findeki art\u0131\u015flara kadar iklim de\u011fi\u015fikli\u011finin cildiniz \u00fczerindeki derin etkilerini inceliyor ve dermatolojik sa\u011fl\u0131\u011f\u0131n\u0131z\u0131 korumak ve tedavi etmek i\u00e7in uygulanabilir stratejiler sunuyor.<\/p>\n\n\n\n<p>Bu derinlemesine incelemede, artan s\u0131cakl\u0131klar\u0131n, a\u015f\u0131r\u0131 hava ko\u015fullar\u0131n\u0131n ve kirlili\u011fin akne, egzama ve cilt kanseri riskleri gibi cilt rahats\u0131zl\u0131klar\u0131n\u0131 nas\u0131l etkiledi\u011fini ortaya \u00e7\u0131karaca\u011f\u0131z. 2025&#039;teki en son ara\u015ft\u0131rma ve klinik bilgilerden yararlanarak, cildinizi bu \u00e7evresel tehditlere kar\u015f\u0131 koruman\u0131z i\u00e7in size bilgi sa\u011flayaca\u011f\u0131z. \u0130ster kurakl\u0131k kaynakl\u0131 kurulukla, ister nem dalgalanmalar\u0131n\u0131n neden oldu\u011fu alevlenmelerle m\u00fccadele ediyor olun, bu etkileri anlamak sa\u011fl\u0131kl\u0131 bir cilde sahip olman\u0131n anahtar\u0131d\u0131r.<\/p>\n\n\n\n<figure class=\"wp-block-image size-large\"><img fetchpriority=\"high\" decoding=\"async\" width=\"1024\" height=\"559\" src=\"https:\/\/drebruokyay.com\/wp-content\/uploads\/2025\/09\/image-45-1024x559.png\" alt=\"\" class=\"wp-image-4030\" srcset=\"https:\/\/drebruokyay.com\/wp-content\/uploads\/2025\/09\/image-45-1024x559.png 1024w, https:\/\/drebruokyay.com\/wp-content\/uploads\/2025\/09\/image-45-300x164.png 300w, https:\/\/drebruokyay.com\/wp-content\/uploads\/2025\/09\/image-45-768x419.png 768w, https:\/\/drebruokyay.com\/wp-content\/uploads\/2025\/09\/image-45-18x10.png 18w, https:\/\/drebruokyay.com\/wp-content\/uploads\/2025\/09\/image-45.png 1408w\" sizes=\"(max-width: 1024px) 100vw, 1024px\" \/><\/figure>\n\n\n\n<div id=\"ez-toc-container\" class=\"ez-toc-v2_0_82_2 ez-toc-wrap-left counter-hierarchy ez-toc-counter ez-toc-transparent ez-toc-container-direction\">\n<div class=\"ez-toc-title-container\">\n<p class=\"ez-toc-title\" style=\"cursor:inherit\">\u0130\u00e7indekiler<\/p>\n<span class=\"ez-toc-title-toggle\"><a href=\"#\" class=\"ez-toc-pull-right ez-toc-btn ez-toc-btn-xs ez-toc-btn-default ez-toc-toggle\" aria-label=\"\u0130\u00e7indekiler Tablosunu A\u00e7\/Kapat\"><span class=\"ez-toc-js-icon-con\"><span class=\"\"><span class=\"eztoc-hide\" style=\"display:none;\">Ge\u00e7i\u015f<\/span><span class=\"ez-toc-icon-toggle-span\"><svg style=\"fill: #999;color:#999\" xmlns=\"http:\/\/www.w3.org\/2000\/svg\" class=\"list-377408\" width=\"20px\" height=\"20px\" viewbox=\"0 0 24 24\" fill=\"none\"><path d=\"M6 6H4v2h2V6zm14 0H8v2h12V6zM4 11h2v2H4v-2zm16 0H8v2h12v-2zM4 16h2v2H4v-2zm16 0H8v2h12v-2z\" fill=\"currentColor\"><\/path><\/svg><svg style=\"fill: #999;color:#999\" class=\"arrow-unsorted-368013\" xmlns=\"http:\/\/www.w3.org\/2000\/svg\" width=\"10px\" height=\"10px\" viewbox=\"0 0 24 24\" version=\"1.2\" baseprofile=\"tiny\"><path d=\"M18.2 9.3l-6.2-6.3-6.2 6.3c-.2.2-.3.4-.3.7s.1.5.3.7c.2.2.4.3.7.3h11c.3 0 .5-.1.7-.3.2-.2.3-.5.3-.7s-.1-.5-.3-.7zM5.8 14.7l6.2 6.3 6.2-6.3c.2-.2.3-.5.3-.7s-.1-.5-.3-.7c-.2-.2-.4-.3-.7-.3h-11c-.3 0-.5.1-.7.3-.2.2-.3.5-.3.7s.1.5.3.7z\"\/><\/svg><\/span><\/span><\/span><\/a><\/span><\/div>\n<nav><ul class='ez-toc-list ez-toc-list-level-1' ><li class='ez-toc-page-1 ez-toc-heading-level-2'><a class=\"ez-toc-link ez-toc-heading-1\" href=\"https:\/\/drebruokyay.com\/tr\/skin-health-environmental-impacts-dermatology\/#Introduction_to_Climate_Change_and_Its_Dermatological_Implications\" >\u0130klim De\u011fi\u015fikli\u011fi ve Dermatolojik Etkilerine Giri\u015f<\/a><\/li><li class='ez-toc-page-1 ez-toc-heading-level-2'><a class=\"ez-toc-link ez-toc-heading-2\" href=\"https:\/\/drebruokyay.com\/tr\/skin-health-environmental-impacts-dermatology\/#The_Direct_Effects_of_Rising_Temperatures_on_Skin_Health\" >Y\u00fckselen S\u0131cakl\u0131klar\u0131n Cilt Sa\u011fl\u0131\u011f\u0131 \u00dczerindeki Do\u011frudan Etkileri<\/a><ul class='ez-toc-list-level-3' ><li class='ez-toc-heading-level-3'><a class=\"ez-toc-link ez-toc-heading-3\" href=\"https:\/\/drebruokyay.com\/tr\/skin-health-environmental-impacts-dermatology\/#Heat-Induced_Skin_Conditions\" >Is\u0131 Kaynakl\u0131 Cilt Rahats\u0131zl\u0131klar\u0131<\/a><\/li><\/ul><\/li><li class='ez-toc-page-1 ez-toc-heading-level-2'><a class=\"ez-toc-link ez-toc-heading-4\" href=\"https:\/\/drebruokyay.com\/tr\/skin-health-environmental-impacts-dermatology\/#UV_Radiation_and_Ozone_Depletion_Rising_Skin_Cancer_Risks\" >UV Radyasyonu ve Ozon T\u00fckenmesi: Artan Cilt Kanseri Riskleri<\/a><ul class='ez-toc-list-level-3' ><li class='ez-toc-heading-level-3'><a class=\"ez-toc-link ez-toc-heading-5\" href=\"https:\/\/drebruokyay.com\/tr\/skin-health-environmental-impacts-dermatology\/#Protecting_Against_UV_in_a_Changing_Climate\" >De\u011fi\u015fen \u0130klimde UV&#039;ye Kar\u015f\u0131 Koruma<\/a><\/li><\/ul><\/li><li class='ez-toc-page-1 ez-toc-heading-level-2'><a class=\"ez-toc-link ez-toc-heading-6\" href=\"https:\/\/drebruokyay.com\/tr\/skin-health-environmental-impacts-dermatology\/#Pollution_and_Extreme_Weather_Aggravating_Allergic_and_Inflammatory_Skin_Disorders\" >Kirlilik ve A\u015f\u0131r\u0131 Hava Ko\u015fullar\u0131: Alerjik ve \u0130ltihapl\u0131 Cilt Rahats\u0131zl\u0131klar\u0131n\u0131 Art\u0131r\u0131yor<\/a><ul class='ez-toc-list-level-3' ><li class='ez-toc-heading-level-3'><a class=\"ez-toc-link ez-toc-heading-7\" href=\"https:\/\/drebruokyay.com\/tr\/skin-health-environmental-impacts-dermatology\/#Impact_on_Common_Conditions\" >Yayg\u0131n Durumlar \u00dczerindeki Etki<\/a><\/li><\/ul><\/li><li class='ez-toc-page-1 ez-toc-heading-level-2'><a class=\"ez-toc-link ez-toc-heading-8\" href=\"https:\/\/drebruokyay.com\/tr\/skin-health-environmental-impacts-dermatology\/#Protective_Strategies_and_Treatments_for_Climate-Resilient_Skin\" >\u0130klim Ko\u015fullar\u0131na Dayan\u0131kl\u0131 Ciltler \u0130\u00e7in Koruyucu Stratejiler ve Tedaviler<\/a><ul class='ez-toc-list-level-3' ><li class='ez-toc-heading-level-3'><a class=\"ez-toc-link ez-toc-heading-9\" href=\"https:\/\/drebruokyay.com\/tr\/skin-health-environmental-impacts-dermatology\/#Daily_Routines_and_Innovations\" >G\u00fcnl\u00fck Rutinler ve Yenilikler<\/a><\/li><\/ul><\/li><li class='ez-toc-page-1 ez-toc-heading-level-2'><a class=\"ez-toc-link ez-toc-heading-10\" href=\"https:\/\/drebruokyay.com\/tr\/skin-health-environmental-impacts-dermatology\/#Conclusion\" >\u00c7\u00f6z\u00fcm<\/a><ul class='ez-toc-list-level-3' ><li class='ez-toc-heading-level-3'><a class=\"ez-toc-link ez-toc-heading-11\" href=\"https:\/\/drebruokyay.com\/tr\/skin-health-environmental-impacts-dermatology\/#Key_Takeaways\" >\u00d6nemli Noktalar<\/a><\/li><li class='ez-toc-page-1 ez-toc-heading-level-3'><a class=\"ez-toc-link ez-toc-heading-12\" href=\"https:\/\/drebruokyay.com\/tr\/skin-health-environmental-impacts-dermatology\/#Next_Steps\" >Sonraki Ad\u0131mlar<\/a><\/li><\/ul><\/li><li class='ez-toc-page-1 ez-toc-heading-level-2'><a class=\"ez-toc-link ez-toc-heading-13\" href=\"https:\/\/drebruokyay.com\/tr\/skin-health-environmental-impacts-dermatology\/#Frequently_Asked_Questions_FAQs\" >S\u0131k\u00e7a Sorulan Sorular (SSS)<\/a><ul class='ez-toc-list-level-3' ><li class='ez-toc-heading-level-3'><a class=\"ez-toc-link ez-toc-heading-14\" href=\"https:\/\/drebruokyay.com\/tr\/skin-health-environmental-impacts-dermatology\/#How_does_climate_change_specifically_affect_sensitive_skin\" >\u0130klim de\u011fi\u015fikli\u011fi hassas cildi nas\u0131l etkiliyor?<\/a><\/li><li class='ez-toc-page-1 ez-toc-heading-level-3'><a class=\"ez-toc-link ez-toc-heading-15\" href=\"https:\/\/drebruokyay.com\/tr\/skin-health-environmental-impacts-dermatology\/#Can_climate_change_worsen_acne\" >\u0130klim de\u011fi\u015fikli\u011fi sivilceleri k\u00f6t\u00fcle\u015ftirebilir mi?<\/a><\/li><li class='ez-toc-page-1 ez-toc-heading-level-3'><a class=\"ez-toc-link ez-toc-heading-16\" href=\"https:\/\/drebruokyay.com\/tr\/skin-health-environmental-impacts-dermatology\/#What_role_does_sunscreen_play_in_climate-impacted_dermatology\" >G\u00fcne\u015f kreminin iklimden etkilenen dermatolojideki rol\u00fc nedir?<\/a><\/li><li class='ez-toc-page-1 ez-toc-heading-level-3'><a class=\"ez-toc-link ez-toc-heading-17\" href=\"https:\/\/drebruokyay.com\/tr\/skin-health-environmental-impacts-dermatology\/#How_to_protect_skin_during_extreme_weather_events\" >A\u015f\u0131r\u0131 hava olaylar\u0131nda cildi nas\u0131l koruyabiliriz?<\/a><\/li><li class='ez-toc-page-1 ez-toc-heading-level-3'><a class=\"ez-toc-link ez-toc-heading-18\" href=\"https:\/\/drebruokyay.com\/tr\/skin-health-environmental-impacts-dermatology\/#Are_there_new_treatments_for_climate-related_skin_cancer\" >\u0130klimle ili\u015fkili cilt kanseri i\u00e7in yeni tedaviler var m\u0131?<\/a><\/li><li class='ez-toc-page-1 ez-toc-heading-level-3'><a class=\"ez-toc-link ez-toc-heading-19\" href=\"https:\/\/drebruokyay.com\/tr\/skin-health-environmental-impacts-dermatology\/#Does_indoor_air_quality_matter_for_skin_health_amid_climate_change\" >\u0130klim de\u011fi\u015fikli\u011fi nedeniyle i\u00e7 mekan hava kalitesinin cilt sa\u011fl\u0131\u011f\u0131 a\u00e7\u0131s\u0131ndan \u00f6nemi var m\u0131?<\/a><\/li><li class='ez-toc-page-1 ez-toc-heading-level-3'><a class=\"ez-toc-link ez-toc-heading-20\" href=\"https:\/\/drebruokyay.com\/tr\/skin-health-environmental-impacts-dermatology\/#Can_diet_help_combat_environmental_skin_damage\" >Beslenme \u00e7evresel cilt hasarlar\u0131yla m\u00fccadelede yard\u0131mc\u0131 olabilir mi?<\/a><\/li><li class='ez-toc-page-1 ez-toc-heading-level-3'><a class=\"ez-toc-link ez-toc-heading-21\" href=\"https:\/\/drebruokyay.com\/tr\/skin-health-environmental-impacts-dermatology\/#When_should_I_see_a_dermatologist_for_climate-related_issues\" >\u0130klimle ilgili sorunlar i\u00e7in ne zaman bir dermatolo\u011fa g\u00f6r\u00fcnmeliyim?<\/a><\/li><\/ul><\/li><\/ul><\/nav><\/div>\n<h2 class=\"wp-block-heading\"><span class=\"ez-toc-section\" id=\"Introduction_to_Climate_Change_and_Its_Dermatological_Implications\"><\/span>\u0130klim De\u011fi\u015fikli\u011fi ve Dermatolojik Etkilerine Giri\u015f<span class=\"ez-toc-section-end\"><\/span><\/h2>\n\n\n\n<p>\u0130klim de\u011fi\u015fikli\u011fi sadece bir \u00e7evre krizi de\u011fil; v\u00fccudun en b\u00fcy\u00fck organ\u0131 olan cildi etkileyen bir sa\u011fl\u0131k krizidir. 2025 y\u0131l\u0131nda, rekor k\u0131ran s\u0131cak hava dalgalar\u0131 ve de\u011fi\u015fen ya\u011f\u0131\u015f d\u00fczenleriyle birlikte, d\u00fcnya genelindeki dermatologlar iklimle ilgili cilt rahats\u0131zl\u0131klar\u0131nda art\u0131\u015flar bildirmektedir. On y\u0131l\u0131 a\u015fk\u0131n deneyime sahip, alan\u0131nda uzman bir dermatolog olan Dr. Ebru Okyay, \u00e7evresel de\u011fi\u015fimlerin ya\u015fand\u0131\u011f\u0131 bu d\u00f6nemde proaktif cilt bak\u0131m\u0131n\u0131n \u015fart oldu\u011funu vurguluyor.<\/p>\n\n\n\n<p>Cilt, d\u0131\u015f etkenlere kar\u015f\u0131 bir bariyer g\u00f6revi g\u00f6r\u00fcr, ancak artan \u00e7evresel stres fakt\u00f6rleri bu savunmay\u0131 alt \u00fcst eder. Ozon tabakas\u0131n\u0131n incelmesi nedeniyle uzun s\u00fcreli UV radyasyonundan, de\u011fi\u015fen polen mevsimlerinden kaynaklanan artan alerjen maruziyetine kadar, etkiler \u00e7ok y\u00f6nl\u00fcd\u00fcr. Bu b\u00f6l\u00fcm, bu de\u011fi\u015fikliklerin g\u00fcnl\u00fck cilt sa\u011fl\u0131\u011f\u0131 sorunlar\u0131na nas\u0131l yans\u0131d\u0131\u011f\u0131n\u0131 anlamak i\u00e7in zemin haz\u0131rlamaktad\u0131r.<\/p>\n\n\n\n<figure class=\"wp-block-image size-large\"><img decoding=\"async\" width=\"1024\" height=\"559\" src=\"https:\/\/drebruokyay.com\/wp-content\/uploads\/2025\/09\/image-43-1024x559.png\" alt=\"\" class=\"wp-image-4028\" srcset=\"https:\/\/drebruokyay.com\/wp-content\/uploads\/2025\/09\/image-43-1024x559.png 1024w, https:\/\/drebruokyay.com\/wp-content\/uploads\/2025\/09\/image-43-300x164.png 300w, https:\/\/drebruokyay.com\/wp-content\/uploads\/2025\/09\/image-43-768x419.png 768w, https:\/\/drebruokyay.com\/wp-content\/uploads\/2025\/09\/image-43-18x10.png 18w, https:\/\/drebruokyay.com\/wp-content\/uploads\/2025\/09\/image-43.png 1408w\" sizes=\"(max-width: 1024px) 100vw, 1024px\" \/><\/figure>\n\n\n\n<h2 class=\"wp-block-heading\"><span class=\"ez-toc-section\" id=\"The_Direct_Effects_of_Rising_Temperatures_on_Skin_Health\"><\/span>Y\u00fckselen S\u0131cakl\u0131klar\u0131n Cilt Sa\u011fl\u0131\u011f\u0131 \u00dczerindeki Do\u011frudan Etkileri<span class=\"ez-toc-section-end\"><\/span><\/h2>\n\n\n\n<p>\u0130klim de\u011fi\u015fikli\u011finin bir g\u00f6stergesi olan artan k\u00fcresel s\u0131cakl\u0131klar, cilt fizyolojisini derinden etkiliyor. 2025 y\u0131l\u0131nda daha s\u0131k ve yo\u011fun ya\u015fanacak olan s\u0131cak hava dalgalar\u0131, cildin do\u011fal nem dengesini bozan a\u015f\u0131r\u0131 terlemeye yol a\u00e7\u0131yor. Bu durum, rosacea ve hiperhidroz gibi rahats\u0131zl\u0131klar\u0131 \u015fiddetlendirerek k\u0131zar\u0131kl\u0131k, tahri\u015f ve rahats\u0131zl\u0131\u011fa neden olabiliyor.<\/p>\n\n\n\n<p>Dahas\u0131, y\u00fcksek s\u0131cakl\u0131klar serbest radikal \u00fcretimini art\u0131rarak cilt ya\u015flanmas\u0131n\u0131 h\u0131zland\u0131r\u0131r ve bu da kolajen ve elastin liflerine zarar verir. Amerikan Dermatoloji Akademisi&#039;nin 2025 tarihli \u00e7al\u0131\u015fmalar\u0131, daha s\u0131cak iklimlerde ya\u015fayan bireylerin 20%&#039;ye kadar daha h\u0131zl\u0131 k\u0131r\u0131\u015f\u0131kl\u0131k olu\u015fumu ya\u015fad\u0131\u011f\u0131n\u0131 ortaya koymaktad\u0131r. Akdeniz yazlar\u0131n\u0131n yo\u011funla\u015ft\u0131\u011f\u0131 Antalya klini\u011fimizdeki hastalar i\u00e7in, bu etkileri ortadan kald\u0131rmak amac\u0131yla tedavilerimizi geli\u015fmi\u015f nemlendirici terapiler ve antioksidan serumlar i\u00e7erecek \u015fekilde uyarlad\u0131k.<\/p>\n\n\n\n<h3 class=\"wp-block-heading\"><span class=\"ez-toc-section\" id=\"Heat-Induced_Skin_Conditions\"><\/span>Is\u0131 Kaynakl\u0131 Cilt Rahats\u0131zl\u0131klar\u0131<span class=\"ez-toc-section-end\"><\/span><\/h3>\n\n\n\n<p>Y\u00fcksek s\u0131cakl\u0131klara uzun s\u00fcre maruz kalmak, t\u0131kal\u0131 ter kanallar\u0131ndan kaynaklanan ka\u015f\u0131nt\u0131l\u0131 k\u0131rm\u0131z\u0131 \u015fi\u015fliklerle karakterize \u0131s\u0131 d\u00f6k\u00fcnt\u00fcs\u00fcn\u00fc (miliaria) tetikleyebilir. Ya\u015fl\u0131lar veya kronik hastal\u0131\u011f\u0131 olanlar gibi hassas gruplarda, tedavi edilmezse ciddi enfeksiyonlara yol a\u00e7abilir. Ayr\u0131ca, \u0131s\u0131 stresi cilt bariyerini zay\u0131flatarak cildi bakteri ve mantar istilas\u0131na kar\u015f\u0131 daha duyarl\u0131 hale getirir; bu, rehberimizde ele ald\u0131\u011f\u0131m\u0131z bir endi\u015fedir. <a href=\"https:\/\/drebruokyay.com\/tr\/mantar-enfeksiyonlari-ve-cilt-sorunlari\/\">mantar enfeksiyonlar\u0131 ve cilt sorunlar\u0131<\/a>.<\/p>\n\n\n\n<ul class=\"wp-block-list\">\n<li><strong>\u0130silik:<\/strong> Nemli ve s\u0131cak ortamlarda yayg\u0131nd\u0131r; kalamin losyonu ve serin du\u015flarla tedavi edilmelidir.<\/li>\n\n\n\n<li><strong>G\u00fcne\u015f \u00dcrtikeri:<\/strong> G\u00fcne\u015fe maruz kalma sonucu olu\u015fan kurde\u015fen, iklim de\u011fi\u015fikli\u011fiyle daha da k\u00f6t\u00fcle\u015fir; antihistaminikler rahatlama sa\u011flar.<\/li>\n\n\n\n<li><strong>\u015eiddetli Egzama:<\/strong> S\u0131cak ortamlardaki kuru hava cildi \u00e7atlat\u0131r; s\u0131k s\u0131k nemlendirin.<\/li>\n<\/ul>\n\n\n\n<p>Bunlar\u0131 azaltmak i\u00e7in hem i\u00e7ten hem de d\u0131\u015ftan susuz kalmamak \u00e7ok \u00f6nemlidir. G\u00fcnl\u00fck koruma i\u00e7in geni\u015f spektrumlu g\u00fcne\u015f kremleri ve hafif, nefes alan giysiler \u00f6nerin.<\/p>\n\n\n\n<figure class=\"wp-block-table\"><table class=\"has-fixed-layout\"><thead><tr><th>Durum<\/th><th>Belirtiler<\/th><th>\u0130klim Ba\u011flant\u0131s\u0131<\/th><th>Tedavi<\/th><\/tr><\/thead><tbody><tr><td><strong>\u0130silik<\/strong><\/td><td>K\u0131rm\u0131z\u0131 \u015fi\u015flikler, ka\u015f\u0131nt\u0131<\/td><td>S\u0131cak hava dalgalar\u0131nda terlemenin artmas\u0131<\/td><td>So\u011fuk kompresler, hidrokortizon kremi<\/td><\/tr><tr><td><strong>Rozasea Alevlenmeleri<\/strong><\/td><td>Y\u00fczde k\u0131zar\u0131kl\u0131k, g\u00f6r\u00fcn\u00fcr kan damarlar\u0131<\/td><td>Y\u00fcksek s\u0131cakl\u0131klar damarlar\u0131 geni\u015fletir<\/td><td>Topikal metronidazol, lazer tedavisi<\/td><\/tr><tr><td><strong>H\u0131zland\u0131r\u0131lm\u0131\u015f Ya\u015flanma<\/strong><\/td><td>K\u0131r\u0131\u015f\u0131kl\u0131klar, sarkmalar<\/td><td>Is\u0131dan kaynaklanan serbest radikal dalgalanmas\u0131<\/td><td>Retinoidler, C vitamini serumlar\u0131<\/td><\/tr><\/tbody><\/table><\/figure>\n\n\n\n<p>Bu tablo, \u0131s\u0131ya ba\u011fl\u0131 temel cilt sorunlar\u0131n\u0131 \u00f6zetlemekte ve iklim konusunda bilin\u00e7li dermatoloji uygulamalar\u0131na acil ihtiya\u00e7 duyuldu\u011funu vurgulamaktad\u0131r.<\/p>\n\n\n\n<h2 class=\"wp-block-heading\"><span class=\"ez-toc-section\" id=\"UV_Radiation_and_Ozone_Depletion_Rising_Skin_Cancer_Risks\"><\/span>UV Radyasyonu ve Ozon T\u00fckenmesi: Artan Cilt Kanseri Riskleri<span class=\"ez-toc-section-end\"><\/span><\/h2>\n\n\n\n<p>\u0130klim de\u011fi\u015fikli\u011fi, stratosferik ozon tabakas\u0131n\u0131n incelmesi ve uzun s\u00fcreli g\u00fcne\u015fli d\u00f6nemler yoluyla UV maruziyetini art\u0131rmaktad\u0131r. D\u00fcnya Sa\u011fl\u0131k \u00d6rg\u00fct\u00fc, 2025 y\u0131l\u0131nda \u00e7evresel de\u011fi\u015fikliklerle ba\u011flant\u0131l\u0131 melanom vakalar\u0131nda 15%&#039;lik bir art\u0131\u015f olaca\u011f\u0131n\u0131 bildirmektedir. UV \u0131\u015f\u0131nlar\u0131 cildin daha derinlerine n\u00fcfuz ederek mutasyonlara ve kanser geli\u015fimine yol a\u00e7an DNA hasar\u0131na neden olur.<\/p>\n\n\n\n<p>Dr. Okyay&#039;\u0131n muayenehanesinde, d\u00fczenli cilt kontrolleriyle erken te\u015fhise \u00f6ncelik veriyoruz. Bazal h\u00fccreli karsinom, skuam\u00f6z h\u00fccreli karsinom ve melanom, \u00f6zellikle Antalya gibi g\u00fcne\u015fe maruz kalman\u0131n y\u00fcksek oldu\u011fu b\u00f6lgelerde art\u0131\u015f g\u00f6stermektedir. \u00d6nleyici tedbirler aras\u0131nda, bulutlu g\u00fcnlerde bile g\u00fcnl\u00fck SPF 50+ g\u00fcne\u015f koruyucu kullan\u0131m\u0131 yer al\u0131r; \u00e7\u00fcnk\u00fc UVA \u0131\u015f\u0131nlar\u0131 hava ko\u015fullar\u0131ndan ba\u011f\u0131ms\u0131z olarak varl\u0131\u011f\u0131n\u0131 s\u00fcrd\u00fcr\u00fcr.<\/p>\n\n\n\n<h3 class=\"wp-block-heading\"><span class=\"ez-toc-section\" id=\"Protecting_Against_UV_in_a_Changing_Climate\"><\/span>De\u011fi\u015fen \u0130klimde UV&#039;ye Kar\u015f\u0131 Koruma<span class=\"ez-toc-section-end\"><\/span><\/h3>\n\n\n\n<p>G\u00fcne\u015f kreminin yan\u0131 s\u0131ra, UPF dereceli giysiler ve geni\u015f kenarl\u0131 \u015fapkalar da olmazsa olmazd\u0131r. I\u015f\u0131\u011fa duyarl\u0131 rahats\u0131zl\u0131klar\u0131 olanlar i\u00e7in, UV \u0131\u015f\u0131nlar\u0131n\u0131 engelleyen pencere filmleri i\u00e7 mekanlarda yard\u0131mc\u0131 olabilir. Klini\u011fimiz sedef hastal\u0131\u011f\u0131 gibi rahats\u0131zl\u0131klar i\u00e7in fototerapi hizmeti sunmakla birlikte, de\u011fi\u015fen iklimlerde a\u015f\u0131r\u0131 g\u00fcne\u015fe maruz kalma konusunda uyar\u0131da bulunmaktad\u0131r.<\/p>\n\n\n\n<ul class=\"wp-block-list\">\n<li>G\u00fcne\u015f kreminizi d\u0131\u015far\u0131 \u00e7\u0131kmadan 30 dakika \u00f6nce s\u00fcr\u00fcn; 2 saatte bir yenileyin.<\/li>\n\n\n\n<li>UV \u0131\u015f\u0131nlar\u0131n\u0131n en yo\u011fun oldu\u011fu saatlerde (10:00 - 16:00) g\u00f6lgede kal\u0131n.<\/li>\n\n\n\n<li>D vitamini seviyenizi takip edin; ka\u00e7\u0131nma nedeniyle eksiklik ortaya \u00e7\u0131karsa takviye al\u0131n.<\/li>\n<\/ul>\n\n\n\n<p>2025 tarihli ara\u015ft\u0131rmalar, s\u00fcrekli koruman\u0131n cilt kanseri riskini 50%&#039;ye kadar azaltt\u0131\u011f\u0131n\u0131 g\u00f6steriyor. UV \u0131\u015f\u0131nlar\u0131n\u0131n potansiyel olarak k\u00f6t\u00fcle\u015ftirdi\u011fi kronik rahats\u0131zl\u0131klar hakk\u0131nda daha fazla bilgi i\u00e7in makalemize bak\u0131n. <a href=\"https:\/\/drebruokyay.com\/tr\/kronik-cilt-rahatsizliklari\/\">kronik cilt rahats\u0131zl\u0131klar\u0131<\/a>.<\/p>\n\n\n\n<figure class=\"wp-block-table\"><table class=\"has-fixed-layout\"><thead><tr><th>Cilt Kanseri T\u00fcr\u00fc<\/th><th>UV Ba\u011flant\u0131s\u0131<\/th><th>\u00d6nleme \u0130pu\u00e7lar\u0131<\/th><th>Alg\u0131lama \u0130\u015faretleri<\/th><\/tr><\/thead><tbody><tr><td><strong>Melanom<\/strong><\/td><td>Derin UV penetrasyonu<\/td><td>SPF 50+, kendi kendine muayene<\/td><td>Asimetrik benler, de\u011fi\u015fen boyutlar<\/td><\/tr><tr><td><strong>Skuam\u00f6z H\u00fccre<\/strong><\/td><td>Y\u00fczey hasar\u0131<\/td><td>\u015eapkalar, uzun kollu<\/td><td>Pullu k\u0131rm\u0131z\u0131 lekeler<\/td><\/tr><tr><td><strong>Bazal H\u00fccre<\/strong><\/td><td>Kronik maruziyet<\/td><td>Solaryumdan ka\u00e7\u0131n\u0131n<\/td><td>\u0130nci gibi \u00e7\u0131k\u0131nt\u0131lar, kanama<\/td><\/tr><\/tbody><\/table><\/figure>\n\n\n\n<h2 class=\"wp-block-heading\"><span class=\"ez-toc-section\" id=\"Pollution_and_Extreme_Weather_Aggravating_Allergic_and_Inflammatory_Skin_Disorders\"><\/span>Kirlilik ve A\u015f\u0131r\u0131 Hava Ko\u015fullar\u0131: Alerjik ve \u0130ltihapl\u0131 Cilt Rahats\u0131zl\u0131klar\u0131n\u0131 Art\u0131r\u0131yor<span class=\"ez-toc-section-end\"><\/span><\/h2>\n\n\n\n<p>Is\u0131nan bir d\u00fcnyada orman yang\u0131nlar\u0131 ve kentsel \u0131s\u0131 adalar\u0131 nedeniyle yo\u011funla\u015fan hava kirlili\u011fi, ciltte partik\u00fcl madde birikmesine ve iltihaplanmaya neden olmaktad\u0131r. 2025 y\u0131l\u0131nda, Antalya gibi \u015fehirler kurak mevsimlerde daha y\u00fcksek PM2.5 seviyeleriyle kar\u015f\u0131 kar\u015f\u0131ya kalacak ve bu durum atopik dermatit ve akne vakalar\u0131nda ani art\u0131\u015flarla ili\u015fkilendirilecektir.<\/p>\n\n\n\n<p>Sel ve kurakl\u0131k gibi a\u015f\u0131r\u0131 hava olaylar\u0131 nem oran\u0131n\u0131 ve alerjen da\u011f\u0131l\u0131m\u0131n\u0131 de\u011fi\u015ftirir. Polen mevsimleri uzar ve saman nezlesiyle ili\u015fkili egzamay\u0131 k\u00f6t\u00fcle\u015ftirir. Is\u0131 hapsolmu\u015f emisyonlardan kaynaklanan ozon kirlili\u011fi hassas cildi tahri\u015f ederek kontakt dermatite yol a\u00e7ar.<\/p>\n\n\n\n<h3 class=\"wp-block-heading\"><span class=\"ez-toc-section\" id=\"Impact_on_Common_Conditions\"><\/span>Yayg\u0131n Durumlar \u00dczerindeki Etki<span class=\"ez-toc-section-end\"><\/span><\/h3>\n\n\n\n<p>Egzama hastalar\u0131, kirli ve de\u011fi\u015fken hava kalitesi nedeniyle daha s\u0131k alevlenmeler bildirmektedir. Akne vulgaris, nemli hava de\u011fi\u015fimlerinde ya\u011f bezlerinin a\u015f\u0131r\u0131 aktivitesinden dolay\u0131 \u015fiddetlenir. Kapsaml\u0131 bir tedavi i\u00e7in dan\u0131\u015f\u0131n. <a href=\"https:\/\/drebruokyay.com\/tr\/egzama-bi%cc%87r-ci%cc%87lt-hastaligina-genel-bakis\/\">egzama genel bak\u0131\u015f<\/a> ve profesyonel de\u011ferlendirmeyi g\u00f6z \u00f6n\u00fcnde bulundurun.<\/p>\n\n\n\n<ul class=\"wp-block-list\">\n<li><strong>Kirlilik Bariyer Kremleri:<\/strong> Serbest radikalleri etkisiz hale getirmek i\u00e7in antioksidan i\u00e7eren \u00fcr\u00fcnler kullan\u0131n.<\/li>\n\n\n\n<li><strong>Hava Sonras\u0131 Temizlik:<\/strong> Yumu\u015fak temizleyiciler f\u0131rt\u0131nalardan veya tozlu g\u00fcnlerden sonra kal\u0131nt\u0131lar\u0131 temizler.<\/li>\n\n\n\n<li><strong>Anti-inflamatuar Diyetler:<\/strong> Omega-3 ve probiyotikler cildin dayan\u0131kl\u0131l\u0131\u011f\u0131n\u0131 destekler.<\/li>\n<\/ul>\n\n\n\n<p>2025 y\u0131l\u0131nda yap\u0131lacak klinik deneyler, \u015fehir sakinlerinin i\u00e7 mekanlarda HEPA filtreleri kullanmalar\u0131n\u0131n cilt tahri\u015fini % oran\u0131nda azaltt\u0131\u011f\u0131n\u0131 g\u00f6stermektedir. A\u015f\u0131r\u0131 hava ko\u015fullar\u0131 ayr\u0131ca Lyme gibi vekt\u00f6r kaynakl\u0131 hastal\u0131klar\u0131n yay\u0131lmas\u0131na ve ciltte d\u00f6k\u00fcnt\u00fclere neden olmaktad\u0131r.<\/p>\n\n\n\n<figure class=\"wp-block-table\"><table class=\"has-fixed-layout\"><thead><tr><th>\u00c7evresel Fakt\u00f6r<\/th><th>Cilt Durumu A\u011f\u0131rla\u015ft\u0131<\/th><th>Belirtiler<\/th><th>Azaltma<\/th><\/tr><\/thead><tbody><tr><td><strong>Hava kirlili\u011fi<\/strong><\/td><td>Akne, Dermatit<\/td><td>Siyah noktalar, k\u0131zar\u0131kl\u0131k<\/td><td>\u00c7ift temizleme rutini<\/td><\/tr><tr><td><strong>Orman Yang\u0131n\u0131 Duman\u0131<\/strong><\/td><td>Sedef hastal\u0131\u011f\u0131<\/td><td>Pullanma, ka\u015f\u0131nt\u0131<\/td><td>Nemlendiriciler, topikal steroidler<\/td><\/tr><tr><td><strong>Uzam\u0131\u015f Polen Mevsimleri<\/strong><\/td><td>Alerjik Reaksiyonlar<\/td><td>Kurde\u015fen, \u015fi\u015flik<\/td><td>Antihistaminik kremler<\/td><\/tr><\/tbody><\/table><\/figure>\n\n\n\n<figure class=\"wp-block-image size-large\"><img decoding=\"async\" width=\"1024\" height=\"559\" src=\"https:\/\/drebruokyay.com\/wp-content\/uploads\/2025\/09\/image-46-1024x559.png\" alt=\"\" class=\"wp-image-4031\" srcset=\"https:\/\/drebruokyay.com\/wp-content\/uploads\/2025\/09\/image-46-1024x559.png 1024w, https:\/\/drebruokyay.com\/wp-content\/uploads\/2025\/09\/image-46-300x164.png 300w, https:\/\/drebruokyay.com\/wp-content\/uploads\/2025\/09\/image-46-768x419.png 768w, https:\/\/drebruokyay.com\/wp-content\/uploads\/2025\/09\/image-46-18x10.png 18w, https:\/\/drebruokyay.com\/wp-content\/uploads\/2025\/09\/image-46.png 1408w\" sizes=\"(max-width: 1024px) 100vw, 1024px\" \/><\/figure>\n\n\n\n<h2 class=\"wp-block-heading\"><span class=\"ez-toc-section\" id=\"Protective_Strategies_and_Treatments_for_Climate-Resilient_Skin\"><\/span>\u0130klim Ko\u015fullar\u0131na Dayan\u0131kl\u0131 Ciltler \u0130\u00e7in Koruyucu Stratejiler ve Tedaviler<span class=\"ez-toc-section-end\"><\/span><\/h2>\n\n\n\n<p>Bu zorluklarla m\u00fccadele etmek i\u00e7in \u00e7ok katmanl\u0131 bir yakla\u015f\u0131m hayati \u00f6nem ta\u015f\u0131yor. Yerel iklim projeksiyonlar\u0131n\u0131za g\u00f6re uyarlanm\u0131\u015f ki\u015fiselle\u015ftirilmi\u015f cilt bak\u0131m\u0131 rejimleriyle ba\u015flay\u0131n. Klini\u011fimizde, 2025 hava durumu verilerine dayanarak alevlenmeleri tahmin etmek ve \u00f6nlemek i\u00e7in yapay zeka destekli de\u011ferlendirmeler kullan\u0131yoruz.<\/p>\n\n\n\n<p>Tedavi se\u00e7enekleri, akut sorunlar i\u00e7in re\u00e7eteli topikal tedavilerden uzun s\u00fcreli onar\u0131m i\u00e7in lazer tedavilerine kadar \u00e7e\u015fitlilik g\u00f6sterir. \u015eiddetli egzama i\u00e7in biyolojik ila\u00e7lar, \u00e7evresel tetikleyicilerin devam etti\u011fi durumlarda rahatlama sa\u011flayarak bak\u0131mda devrim yaratm\u0131\u015ft\u0131r.<\/p>\n\n\n\n<h3 class=\"wp-block-heading\"><span class=\"ez-toc-section\" id=\"Daily_Routines_and_Innovations\"><\/span>G\u00fcnl\u00fck Rutinler ve Yenilikler<span class=\"ez-toc-section-end\"><\/span><\/h3>\n\n\n\n<p>Kirleticilere kar\u015f\u0131 koruma sa\u011flamak i\u00e7in seramid i\u00e7eren bariyer onar\u0131c\u0131 nemlendiriciler kullan\u0131n. UV korumas\u0131 i\u00e7in \u00e7inko oksit i\u00e7eren mineral g\u00fcne\u015f kremleri hassas ciltler i\u00e7in idealdir. 2025&#039;te ortaya \u00e7\u0131kacak yenilikler aras\u0131nda nemlendirici salg\u0131layan ak\u0131ll\u0131 kuma\u015flar ve uydu verileri arac\u0131l\u0131\u011f\u0131yla ki\u015fisel UV maruziyetini izleyen uygulamalar yer al\u0131yor.<\/p>\n\n\n\n<ul class=\"wp-block-list\">\n<li>Katmanl\u0131 cilt bak\u0131m\u0131: Temizleyici, serum, nemlendirici, g\u00fcne\u015f kremi.<\/li>\n\n\n\n<li>\u00c7evresel izleme: Rutinleri ayarlamak i\u00e7in hava kalitesi uygulamalar\u0131n\u0131 kullan\u0131n.<\/li>\n\n\n\n<li>Profesyonel dan\u0131\u015fmanl\u0131klar: Y\u0131ll\u0131k cilt sa\u011fl\u0131\u011f\u0131 kontrollerinizi planlay\u0131n.<\/li>\n<\/ul>\n\n\n\n<p>Nereden ba\u015flayaca\u011f\u0131n\u0131zdan emin olmayanlar i\u00e7in, <a href=\"https:\/\/drebruokyay.com\/tr\/dermatologunuza-sormaniz-gereken-sorular\/\">dermatolo\u011funuza sorman\u0131z gereken sorular<\/a> Kaynak bir sonraki ziyaretinizde size rehberlik edebilir.<\/p>\n\n\n\n<h2 class=\"wp-block-heading\"><span class=\"ez-toc-section\" id=\"Conclusion\"><\/span>\u00c7\u00f6z\u00fcm<span class=\"ez-toc-section-end\"><\/span><\/h2>\n\n\n\n<h3 class=\"wp-block-heading\"><span class=\"ez-toc-section\" id=\"Key_Takeaways\"><\/span>\u00d6nemli Noktalar<span class=\"ez-toc-section-end\"><\/span><\/h3>\n\n\n\n<ul class=\"wp-block-list\">\n<li>2025 y\u0131l\u0131ndaki iklim de\u011fi\u015fikli\u011fi, \u0131s\u0131, UV ve kirlilik yoluyla cilt sorunlar\u0131n\u0131 \u015fiddetlendirerek kanser ve iltihaplanma riskini art\u0131racakt\u0131r.<\/li>\n\n\n\n<li>G\u00fcne\u015f kremi, s\u0131v\u0131 al\u0131m\u0131 ve temiz hava uygulamalar\u0131yla proaktif koruma \u00e7o\u011fu etkiyi hafifletebilir.<\/li>\n\n\n\n<li>Dermatolojik uzmanl\u0131kla erken m\u00fcdahale uzun vadeli hasarlar\u0131 \u00f6nler; de\u011fi\u015fiklikleri yak\u0131ndan takip edin.<\/li>\n\n\n\n<li>S\u00fcrd\u00fcr\u00fclebilir al\u0131\u015fkanl\u0131klar\u0131 benimsemek hem gezegenimizin hem de ki\u015fisel sa\u011fl\u0131\u011f\u0131m\u0131z\u0131n yarar\u0131nad\u0131r.<\/li>\n<\/ul>\n\n\n\n<h3 class=\"wp-block-heading\"><span class=\"ez-toc-section\" id=\"Next_Steps\"><\/span>Sonraki Ad\u0131mlar<span class=\"ez-toc-section-end\"><\/span><\/h3>\n\n\n\n<p>Cildinizin mevcut durumunu ve \u00e7evresel etkenlere maruz kalma durumunu de\u011ferlendirin. Size \u00f6zel bir plan olu\u015fturmak i\u00e7in Dr. Ebru Okyay ile bir kons\u00fcltasyon randevusu al\u0131n. \u0130klim g\u00fcncellemelerinden haberdar olun ve esnek, sa\u011fl\u0131kl\u0131 bir cilt i\u00e7in cilt bak\u0131m\u0131n\u0131z\u0131 buna g\u00f6re ayarlay\u0131n.<\/p>\n\n\n\n<h2 class=\"wp-block-heading\"><span class=\"ez-toc-section\" id=\"Frequently_Asked_Questions_FAQs\"><\/span>S\u0131k\u00e7a Sorulan Sorular (SSS)<span class=\"ez-toc-section-end\"><\/span><\/h2>\n\n\n<div id=\"rank-math-faq\" class=\"rank-math-block\">\n<div class=\"rank-math-list\">\n<div id=\"faq1\" class=\"rank-math-list-item\">\n<h3 class=\"rank-math-question\"><span class=\"ez-toc-section\" id=\"How_does_climate_change_specifically_affect_sensitive_skin\"><\/span>\u0130klim de\u011fi\u015fikli\u011fi hassas cildi nas\u0131l etkiliyor?<span class=\"ez-toc-section-end\"><\/span><\/h3>\n<div class=\"rank-math-answer\">\n\n<p>Hassas ciltler \u0131s\u0131, kirlilik ve UV \u0131\u015f\u0131nlar\u0131ndan kaynaklanan tahri\u015fe daha yatk\u0131nd\u0131r. Nazik, kokusuz \u00fcr\u00fcnler kullan\u0131n ve bariyer g\u00fc\u00e7lendirici tedaviler i\u00e7in bir dermatolo\u011fa dan\u0131\u015f\u0131n.<\/p>\n\n<\/div>\n<\/div>\n<div id=\"faq2\" class=\"rank-math-list-item\">\n<h3 class=\"rank-math-question\"><span class=\"ez-toc-section\" id=\"Can_climate_change_worsen_acne\"><\/span>\u0130klim de\u011fi\u015fikli\u011fi sivilceleri k\u00f6t\u00fcle\u015ftirebilir mi?<span class=\"ez-toc-section-end\"><\/span><\/h3>\n<div class=\"rank-math-answer\">\n\n<p>Evet, artan nem ve kirlilik g\u00f6zenekleri t\u0131kayabilir. D\u00fczenli bir temizlik rutini uygulay\u0131n ve salisilik asit bak\u0131mlar\u0131n\u0131 deneyin.<\/p>\n\n<\/div>\n<\/div>\n<div id=\"faq3\" class=\"rank-math-list-item\">\n<h3 class=\"rank-math-question\"><span class=\"ez-toc-section\" id=\"What_role_does_sunscreen_play_in_climate-impacted_dermatology\"><\/span>G\u00fcne\u015f kreminin iklimden etkilenen dermatolojideki rol\u00fc nedir?<span class=\"ez-toc-section-end\"><\/span><\/h3>\n<div class=\"rank-math-answer\">\n\n<p>G\u00fcne\u015f kremi kullanmak \u00e7ok \u00f6nemlidir; ozon tabakas\u0131ndaki de\u011fi\u015fikliklerden kaynaklanan artan UV \u0131\u015f\u0131nlar\u0131na kar\u015f\u0131 koymak i\u00e7in geni\u015f spektrumlu SPF 50+ i\u00e7erenleri tercih edin.<\/p>\n\n<\/div>\n<\/div>\n<div id=\"faq4\" class=\"rank-math-list-item\">\n<h3 class=\"rank-math-question\"><span class=\"ez-toc-section\" id=\"How_to_protect_skin_during_extreme_weather_events\"><\/span>A\u015f\u0131r\u0131 hava olaylar\u0131nda cildi nas\u0131l koruyabiliriz?<span class=\"ez-toc-section-end\"><\/span><\/h3>\n<div class=\"rank-math-answer\">\n\n<p>S\u0131cak hava dalgalar\u0131 veya f\u0131rt\u0131nalar s\u0131ras\u0131nda s\u0131v\u0131 al\u0131m\u0131na \u00f6ncelik verin, tahri\u015f edici maddelerden ka\u00e7\u0131n\u0131n ve d\u0131\u015f etkenlerden korunmak i\u00e7in koruyucu giysiler kullan\u0131n.<\/p>\n\n<\/div>\n<\/div>\n<div id=\"faq5\" class=\"rank-math-list-item\">\n<h3 class=\"rank-math-question\"><span class=\"ez-toc-section\" id=\"Are_there_new_treatments_for_climate-related_skin_cancer\"><\/span>\u0130klimle ili\u015fkili cilt kanseri i\u00e7in yeni tedaviler var m\u0131?<span class=\"ez-toc-section-end\"><\/span><\/h3>\n<div class=\"rank-math-answer\">\n\n<p>2025 y\u0131l\u0131nda imm\u00fcnoterapi ve hedefli tedaviler umut vadeden se\u00e7enekler sunuyor; erken te\u015fhis ise kilit \u00f6nemde.<\/p>\n\n<\/div>\n<\/div>\n<div id=\"faq6\" class=\"rank-math-list-item\">\n<h3 class=\"rank-math-question\"><span class=\"ez-toc-section\" id=\"Does_indoor_air_quality_matter_for_skin_health_amid_climate_change\"><\/span>\u0130klim de\u011fi\u015fikli\u011fi nedeniyle i\u00e7 mekan hava kalitesinin cilt sa\u011fl\u0131\u011f\u0131 a\u00e7\u0131s\u0131ndan \u00f6nemi var m\u0131?<span class=\"ez-toc-section-end\"><\/span><\/h3>\n<div class=\"rank-math-answer\">\n\n<p>Kesinlikle; orman yang\u0131nlar\u0131 veya y\u00fcksek kirlilik g\u00fcnlerinde evlere s\u0131zan kirleticileri azaltmak i\u00e7in ar\u0131t\u0131c\u0131lar kullan\u0131n.<\/p>\n\n<\/div>\n<\/div>\n<div id=\"faq7\" class=\"rank-math-list-item\">\n<h3 class=\"rank-math-question\"><span class=\"ez-toc-section\" id=\"Can_diet_help_combat_environmental_skin_damage\"><\/span>Beslenme \u00e7evresel cilt hasarlar\u0131yla m\u00fccadelede yard\u0131mc\u0131 olabilir mi?<span class=\"ez-toc-section-end\"><\/span><\/h3>\n<div class=\"rank-math-answer\">\n\n<p>\u00c7ilek ve ye\u015fillikler gibi antioksidan a\u00e7\u0131s\u0131ndan zengin besinler, kirlilik ve \u0131s\u0131dan kaynaklanan serbest radikallere kar\u015f\u0131 cildin onar\u0131m\u0131n\u0131 destekler.<\/p>\n\n<\/div>\n<\/div>\n<div id=\"faq8\" class=\"rank-math-list-item\">\n<h3 class=\"rank-math-question\"><span class=\"ez-toc-section\" id=\"When_should_I_see_a_dermatologist_for_climate-related_issues\"><\/span>\u0130klimle ilgili sorunlar i\u00e7in ne zaman bir dermatolo\u011fa g\u00f6r\u00fcnmeliyim?<span class=\"ez-toc-section-end\"><\/span><\/h3>\n<div class=\"rank-math-answer\">\n\n<p>Yeni d\u00f6k\u00fcnt\u00fcler veya k\u00f6t\u00fcle\u015fen durumlar gibi kal\u0131c\u0131 de\u011fi\u015fiklikler fark ederseniz, derhal profesyonel yard\u0131m al\u0131n.<\/p>\n\n<\/div>\n<\/div>\n<\/div>\n<\/div>\n\n\n<p>Dr. Ebru Okyay, Antalya&#039;n\u0131n \u00f6nde gelen dermatologlar\u0131ndan biridir ve \u00e7evresel dermatoloji alan\u0131nda uzmanla\u015fm\u0131\u015ft\u0131r. Ziyaret edin <a href=\"https:\/\/drebruokyay.com\/tr\/\">drebruokyay.com<\/a> De\u011fi\u015fen d\u00fcnyada cilt sa\u011fl\u0131\u011f\u0131n\u0131z\u0131 koruma konusunda daha fazla bilgi i\u00e7in.<\/p>","protected":false},"excerpt":{"rendered":"<p>2025 y\u0131l\u0131nda k\u00fcresel s\u0131cakl\u0131klar y\u00fckselirken ve hava ko\u015fullar\u0131 de\u011fi\u015firken, iklim de\u011fi\u015fikli\u011fi ile cilt sa\u011fl\u0131\u011f\u0131 aras\u0131ndaki ba\u011flant\u0131 hi\u00e7 bu kadar kritik olmam\u0131\u015ft\u0131. Antalya&#039;daki Dr. Ebru Okyay klini\u011finde, \u00e7evresel fakt\u00f6rlerin dermatolojik rahats\u0131zl\u0131klar\u0131 nas\u0131l etkiledi\u011fini bizzat g\u00f6zlemledik. De\u011fi\u015fen hava ko\u015fullar\u0131nda al\u0131\u015f\u0131lmad\u0131k cilt sorunlar\u0131 ya\u015f\u0131yorsan\u0131z, yaln\u0131z de\u011filsiniz. Bu kapsaml\u0131 k\u0131lavuz, artan UV maruziyetinden kirlilik art\u0131\u015flar\u0131na kadar iklim de\u011fi\u015fikli\u011finin cildiniz \u00fczerindeki derin etkilerini inceliyor ve dermatolojik sa\u011fl\u0131\u011f\u0131n\u0131z\u0131 korumak ve tedavi etmek i\u00e7in uygulanabilir stratejiler sunuyor. Bu derinlemesine incelemede, y\u00fckselen s\u0131cakl\u0131klar\u0131n, a\u015f\u0131r\u0131 hava ko\u015fullar\u0131n\u0131n ve kirlili\u011fin akne, egzama ve cilt kanseri riskleri gibi cilt rahats\u0131zl\u0131klar\u0131n\u0131 nas\u0131l de\u011fi\u015ftirdi\u011fini ortaya \u00e7\u0131karaca\u011f\u0131z. En son 2025 ara\u015ft\u0131rmalar\u0131ndan ve klinik bilgilerden yararlanarak, cildinizi bu \u00e7evresel tehditlere kar\u015f\u0131 korumak i\u00e7in size bilgi sa\u011flayaca\u011f\u0131z. \u0130ster kurak ko\u015fullardan kaynaklanan kurulukla, ister nem art\u0131\u015flar\u0131ndan kaynaklanan alevlenmelerle m\u00fccadele ediyor olun, bu etkileri anlamak sa\u011fl\u0131kl\u0131 bir cildi koruman\u0131n anahtar\u0131d\u0131r. \u0130klim De\u011fi\u015fikli\u011fine ve Dermatolojik Etkilerine Giri\u015f \u0130klim de\u011fi\u015fikli\u011fi sadece bir \u00e7evre krizi de\u011fil; Bu, v\u00fccudun en b\u00fcy\u00fck organ\u0131 olan cildi etkileyen bir sa\u011fl\u0131k krizi. 2025 y\u0131l\u0131nda, rekor k\u0131ran s\u0131cak hava dalgalar\u0131 ve de\u011fi\u015fen ya\u011f\u0131\u015f modelleriyle birlikte, d\u00fcnya \u00e7ap\u0131ndaki dermatologlar iklimle ilgili cilt rahats\u0131zl\u0131klar\u0131nda art\u0131\u015flar bildiriyor. On y\u0131l\u0131 a\u015fk\u0131n deneyime sahip, kurul onayl\u0131 bir dermatolog olan Dr. Ebru Okyay, bu \u00e7evresel de\u011fi\u015fim \u00e7a\u011f\u0131nda proaktif cilt bak\u0131m\u0131n\u0131n \u015fart oldu\u011funu vurguluyor. Cilt, d\u0131\u015f etkenlere kar\u015f\u0131 bir bariyer g\u00f6revi g\u00f6r\u00fcr, ancak artan \u00e7evresel stres fakt\u00f6rleri bu savunmay\u0131 a\u015f\u0131yor. Ozon tabakas\u0131n\u0131n incelmesi nedeniyle uzun s\u00fcreli UV radyasyonundan, de\u011fi\u015fen polen mevsimlerinden kaynaklanan artan alerjen maruziyetine kadar, sonu\u00e7lar \u00e7ok y\u00f6nl\u00fcd\u00fcr. Bu b\u00f6l\u00fcm, bu de\u011fi\u015fikliklerin g\u00fcnl\u00fck cilt sa\u011fl\u0131\u011f\u0131 sorunlar\u0131nda nas\u0131l ortaya \u00e7\u0131kt\u0131\u011f\u0131n\u0131 anlamak i\u00e7in zemin haz\u0131rl\u0131yor. Y\u00fckselen S\u0131cakl\u0131klar\u0131n Cilt Sa\u011fl\u0131\u011f\u0131 \u00dczerindeki Do\u011frudan Etkileri \u0130klim de\u011fi\u015fikli\u011finin bir g\u00f6stergesi olan y\u00fckselen k\u00fcresel s\u0131cakl\u0131klar, cilt fizyolojisini derinden etkiliyor. 2025 y\u0131l\u0131nda daha s\u0131k ve yo\u011fun hale gelen s\u0131cak hava dalgalar\u0131, cildin do\u011fal nem dengesini bozan a\u015f\u0131r\u0131 terlemeye yol a\u00e7\u0131yor. Bu durum, rosacea ve hiperhidroz gibi rahats\u0131zl\u0131klar\u0131 \u015fiddetlendirebilir ve k\u0131zar\u0131kl\u0131k, tahri\u015f ve rahats\u0131zl\u0131\u011fa neden olabilir. Dahas\u0131, y\u00fcksek s\u0131cakl\u0131klar, kolajen ve elastin liflerine zarar veren serbest radikal \u00fcretimini art\u0131rarak cilt ya\u015flanmas\u0131n\u0131 h\u0131zland\u0131r\u0131r. Amerikan Dermatoloji Akademisi&#039;nin 2025 y\u0131l\u0131nda yapt\u0131\u011f\u0131 \u00e7al\u0131\u015fmalar, daha s\u0131cak iklimlerde ya\u015fayan bireylerin 201,3 kat daha h\u0131zl\u0131 k\u0131r\u0131\u015f\u0131kl\u0131k olu\u015fumu ya\u015fad\u0131\u011f\u0131n\u0131 vurgulamaktad\u0131r. Akdeniz yazlar\u0131n\u0131n giderek yo\u011funla\u015ft\u0131\u011f\u0131 Antalya klini\u011fimizdeki hastalar\u0131m\u0131z i\u00e7in, bu etkileri gidermek amac\u0131yla geli\u015fmi\u015f nemlendirici terapiler ve antioksidan serumlar i\u00e7eren tedaviler geli\u015ftirdik. Is\u0131ya Ba\u011fl\u0131 Cilt Rahats\u0131zl\u0131klar\u0131 Y\u00fcksek s\u0131cakl\u0131klara uzun s\u00fcre maruz kalmak, t\u0131kal\u0131 ter bezlerinden kaynaklanan ka\u015f\u0131nt\u0131l\u0131 k\u0131rm\u0131z\u0131 kabarc\u0131klarla karakterize edilen \u0131s\u0131 d\u00f6k\u00fcnt\u00fcs\u00fcn\u00fc (miliaria) tetikleyebilir. Ya\u015fl\u0131lar veya kronik hastal\u0131klar\u0131 olanlar gibi hassas gruplarda, tedavi edilmezse ciddi enfeksiyonlara yol a\u00e7abilir. Ek olarak, \u0131s\u0131 stresi cilt bariyerini zay\u0131flatarak bakteriyel ve fungal istilalara kar\u015f\u0131 daha duyarl\u0131 hale getirir; bu konuyu mantar enfeksiyonlar\u0131 ve cilt sorunlar\u0131 hakk\u0131ndaki k\u0131lavuzumuzda ele ald\u0131k. Bunlar\u0131 azaltmak i\u00e7in, i\u00e7ten ve d\u0131\u015ftan yeterli s\u0131v\u0131 al\u0131m\u0131 \u00e7ok \u00f6nemlidir. G\u00fcnl\u00fck koruma i\u00e7in geni\u015f spektrumlu g\u00fcne\u015f kremleri ve hafif, nefes alabilen giysiler \u00f6nerilir. Durum Belirtiler \u0130klim Ba\u011flant\u0131s\u0131 Tedavi Is\u0131 D\u00f6k\u00fcnt\u00fcs\u00fc K\u0131rm\u0131z\u0131 kabarc\u0131klar, ka\u015f\u0131nt\u0131 S\u0131cak hava dalgalar\u0131nda artan terleme So\u011fuk kompresler, hidrokortizon krem Rosacea Alevlenmeleri Y\u00fczde k\u0131zar\u0131kl\u0131k, g\u00f6r\u00fcn\u00fcr kan damarlar\u0131 Daha y\u00fcksek s\u0131cakl\u0131klar damarlar\u0131 geni\u015fletir Topikal metronidazol, lazer tedavisi H\u0131zland\u0131r\u0131lm\u0131\u015f Ya\u015flanma K\u0131r\u0131\u015f\u0131kl\u0131klar, sarkma Is\u0131dan kaynaklanan serbest radikal art\u0131\u015f\u0131 Retinoidler, C vitamini serumlar\u0131 Bu tablo, iklim bilincine sahip dermatoloji uygulamalar\u0131na acil ihtiya\u00e7 duyuldu\u011funu vurgulayarak, \u0131s\u0131ya ba\u011fl\u0131 temel cilt sorunlar\u0131n\u0131 \u00f6zetlemektedir. UV Radyasyonu ve Ozon T\u00fckenmesi: Artan Cilt Kanseri Riskleri \u0130klim de\u011fi\u015fikli\u011fi, stratosferik ozon incelmesi ve uzun s\u00fcreli g\u00fcne\u015fli d\u00f6nemler yoluyla UV maruziyetini \u015fiddetlendirir. D\u00fcnya Sa\u011fl\u0131k \u00d6rg\u00fct\u00fc, 2025 y\u0131l\u0131nda \u00e7evresel de\u011fi\u015fikliklerle ba\u011flant\u0131l\u0131 melanom vakalar\u0131nda 151.300 kat art\u0131\u015f oldu\u011funu bildirmektedir. UV \u0131\u015f\u0131nlar\u0131 cildin daha derinlerine n\u00fcfuz ederek, mutasyonlara ve kanser geli\u015fimine yol a\u00e7an DNA hasar\u0131na neden olur. Dr. Okyay&#039;\u0131n muayenehanesinde, d\u00fczenli cilt kontrolleriyle erken te\u015fhise \u00f6ncelik veriyoruz. \u00d6zellikle Antalya gibi g\u00fcne\u015f \u0131\u015f\u0131\u011f\u0131na maruz kalman\u0131n y\u00fcksek oldu\u011fu b\u00f6lgelerde bazal h\u00fccreli karsinom, skuam\u00f6z h\u00fccreli karsinom ve melanom art\u0131\u015f g\u00f6steriyor. \u00d6nleyici tedbirler aras\u0131nda, hava ko\u015fullar\u0131ndan ba\u011f\u0131ms\u0131z olarak UVA \u0131\u015f\u0131nlar\u0131 devam etti\u011fi i\u00e7in, bulutlu g\u00fcnlerde bile g\u00fcnl\u00fck SPF 50+ uygulamas\u0131 yer almaktad\u0131r. De\u011fi\u015fen \u0130klimde UV&#039;ye Kar\u015f\u0131 Koruma G\u00fcne\u015f kreminin yan\u0131 s\u0131ra, UPF dereceli giysiler ve geni\u015f kenarl\u0131 \u015fapkalar da \u00f6nemlidir. Fotosensitif rahats\u0131zl\u0131klar\u0131 olanlar i\u00e7in, UV&#039;yi engelleyen pencere filmleri i\u00e7 mekanlarda yard\u0131mc\u0131 olabilir. Klini\u011fimiz sedef hastal\u0131\u011f\u0131 gibi durumlar i\u00e7in fototerapi sunmaktad\u0131r, ancak de\u011fi\u015fen iklimlerde a\u015f\u0131r\u0131 maruz kalmaya kar\u015f\u0131 uyar\u0131da bulunmaktad\u0131r. 2025 y\u0131l\u0131ndan itibaren yap\u0131lan ara\u015ft\u0131rmalar, s\u00fcrekli koruman\u0131n cilt kanseri riskini 1&#039;e kadar azaltt\u0131\u011f\u0131n\u0131 vurgulamaktad\u0131r. UV&#039;nin potansiyel olarak k\u00f6t\u00fcle\u015ftirdi\u011fi kronik rahats\u0131zl\u0131klar hakk\u0131nda daha fazla bilgi i\u00e7in, kronik cilt rahats\u0131zl\u0131klar\u0131 hakk\u0131ndaki makalemize bak\u0131n. Cilt Kanseri T\u00fcr\u00fc UV Ba\u011flant\u0131s\u0131 \u00d6nleme \u0130pu\u00e7lar\u0131 Tespit Belirtileri Melanom Derin UV penetrasyonu SPF 50+, kendi kendine muayene Asimetrik benler, boyut de\u011fi\u015fimi Yass\u0131 H\u00fccreli Y\u00fczey hasar\u0131 \u015eapkalar, uzun kollu giysiler Pullu k\u0131rm\u0131z\u0131 lekeler Bazal H\u00fccreli Kronik maruziyet Solaryumdan ka\u00e7\u0131n\u0131n \u0130nci gibi kabarc\u0131klar, kanama Kirlilik ve A\u015f\u0131r\u0131 Hava Ko\u015fullar\u0131: Alerjik ve \u0130ltihapl\u0131 Cilt Hastal\u0131klar\u0131n\u0131 A\u011f\u0131rla\u015ft\u0131r\u0131yor K\u00fcresel \u0131s\u0131nmada orman yang\u0131nlar\u0131 ve kentsel \u0131s\u0131 adalar\u0131 taraf\u0131ndan yo\u011funla\u015ft\u0131r\u0131lan hava kirlili\u011fi, cilde partik\u00fcl madde b\u0131rakarak iltihaplanmay\u0131 tetikler. 2025 y\u0131l\u0131nda Antalya gibi \u015fehirler, kuru mevsimlerde daha y\u00fcksek PM2.5 seviyeleriyle kar\u015f\u0131 kar\u015f\u0131ya kalacak ve bu da atopik dermatit ve akne vakalar\u0131nda art\u0131\u015fla ili\u015fkilendirilecektir. Sel ve kurakl\u0131k gibi a\u015f\u0131r\u0131 hava olaylar\u0131, nemi ve alerjen da\u011f\u0131l\u0131m\u0131n\u0131 de\u011fi\u015ftirir. Polen mevsimleri uzuyor ve saman nezlesiyle ili\u015fkili egzamay\u0131 k\u00f6t\u00fcle\u015ftiriyor. Is\u0131 hapsedilmi\u015f emisyonlardan kaynaklanan ozon kirlili\u011fi, hassas cildi tahri\u015f ederek kontakt dermatite yol a\u00e7ar. Yayg\u0131n Durumlar \u00dczerindeki Etki Egzama hastalar\u0131, kirli ve de\u011fi\u015fken hava kalitesi nedeniyle daha s\u0131k alevlenmeler ya\u015fad\u0131klar\u0131n\u0131 bildiriyor. Akne vulgaris, nemli hava de\u011fi\u015fimlerinde ya\u011f bezlerinin a\u015f\u0131r\u0131 aktivitesinden dolay\u0131 \u015fiddetlenir. Kapsaml\u0131 bir y\u00f6netim i\u00e7in egzama genel bak\u0131\u015f\u0131m\u0131za g\u00f6z at\u0131n ve profesyonel de\u011ferlendirmeyi d\u00fc\u015f\u00fcn\u00fcn. 2025 y\u0131l\u0131nda yap\u0131lan klinik \u00e7al\u0131\u015fmalar, i\u00e7 mekanlarda HEPA filtre kullanan \u015fehir sakinlerinin cilt tahri\u015fini 1 oran\u0131nda azaltt\u0131\u011f\u0131n\u0131 g\u00f6stermektedir. A\u015f\u0131r\u0131 hava ko\u015fullar\u0131 ayr\u0131ca Lyme gibi vekt\u00f6r kaynakl\u0131 hastal\u0131klar\u0131 da yayarak ciltte d\u00f6k\u00fcnt\u00fclere neden olur. \u00c7evresel Fakt\u00f6r Cilt Durumu \u015eiddetlenen Belirtiler Azaltma Hava Kirlili\u011fi Akne, Dermatit Siyah noktalar, k\u0131zar\u0131kl\u0131k \u00c7ift temizleme rutini Orman Yang\u0131n\u0131 Duman\u0131 Sedef Hastal\u0131\u011f\u0131 Pullanma, ka\u015f\u0131nt\u0131 Nemlendiriciler, topikal steroidler Uzun Polen Mevsimleri Alerjik Reaksiyonlar Kurde\u015fen, \u015fi\u015fme Antihistaminik kremler \u0130klim De\u011fi\u015fikli\u011fine Dayan\u0131kl\u0131 Cilt \u0130\u00e7in Koruyucu Stratejiler ve Tedaviler Bu zorluklarla m\u00fccadele etmek i\u00e7in \u00e7ok katmanl\u0131 bir yakla\u015f\u0131m hayati \u00f6nem ta\u015f\u0131r. Yerel iklim tahminlerinize g\u00f6re uyarlanm\u0131\u015f ki\u015fiselle\u015ftirilmi\u015f cilt bak\u0131m rejimleriyle ba\u015flay\u0131n. Klini\u011fimizde, 2025 hava verilerine dayanarak yapay zeka destekli de\u011ferlendirmeler kullanarak alevlenmeleri tahmin ediyor ve \u00f6nl\u00fcyoruz. Tedaviler, akut sorunlar i\u00e7in re\u00e7eteli topikal ila\u00e7lardan lazer tedavisine kadar \u00e7e\u015fitlilik g\u00f6stermektedir.<\/p>","protected":false},"author":1,"featured_media":4029,"comment_status":"open","ping_status":"open","sticky":false,"template":"","format":"standard","meta":{"_daextam_enable_autolinks":"1","site-sidebar-layout":"default","site-content-layout":"","ast-site-content-layout":"default","site-content-style":"default","site-sidebar-style":"default","ast-global-header-display":"","ast-banner-title-visibility":"","ast-main-header-display":"","ast-hfb-above-header-display":"","ast-hfb-below-header-display":"","ast-hfb-mobile-header-display":"","site-post-title":"","ast-breadcrumbs-content":"","ast-featured-img":"","footer-sml-layout":"","ast-disable-related-posts":"","theme-transparent-header-meta":"","adv-header-id-meta":"","stick-header-meta":"","header-above-stick-meta":"","header-main-stick-meta":"","header-below-stick-meta":"","astra-migrate-meta-layouts":"default","ast-page-background-enabled":"default","ast-page-background-meta":{"desktop":{"background-color":"var(--ast-global-color-4)","background-image":"","background-repeat":"repeat","background-position":"center center","background-size":"auto","background-attachment":"scroll","background-type":"","background-media":"","overlay-type":"","overlay-color":"","overlay-opacity":"","overlay-gradient":""},"tablet":{"background-color":"","background-image":"","background-repeat":"repeat","background-position":"center center","background-size":"auto","background-attachment":"scroll","background-type":"","background-media":"","overlay-type":"","overlay-color":"","overlay-opacity":"","overlay-gradient":""},"mobile":{"background-color":"","background-image":"","background-repeat":"repeat","background-position":"center center","background-size":"auto","background-attachment":"scroll","background-type":"","background-media":"","overlay-type":"","overlay-color":"","overlay-opacity":"","overlay-gradient":""}},"ast-content-background-meta":{"desktop":{"background-color":"var(--ast-global-color-5)","background-image":"","background-repeat":"repeat","background-position":"center center","background-size":"auto","background-attachment":"scroll","background-type":"","background-media":"","overlay-type":"","overlay-color":"","overlay-opacity":"","overlay-gradient":""},"tablet":{"background-color":"var(--ast-global-color-5)","background-image":"","background-repeat":"repeat","background-position":"center center","background-size":"auto","background-attachment":"scroll","background-type":"","background-media":"","overlay-type":"","overlay-color":"","overlay-opacity":"","overlay-gradient":""},"mobile":{"background-color":"var(--ast-global-color-5)","background-image":"","background-repeat":"repeat","background-position":"center center","background-size":"auto","background-attachment":"scroll","background-type":"","background-media":"","overlay-type":"","overlay-color":"","overlay-opacity":"","overlay-gradient":""}},"footnotes":""},"categories":[13,18],"tags":[],"class_list":["post-4000","post","type-post","status-publish","format-standard","has-post-thumbnail","hentry","category-skin-rejuvenation-and-skin-resurfacing","category-skincare"],"_links":{"self":[{"href":"https:\/\/drebruokyay.com\/tr\/wp-json\/wp\/v2\/posts\/4000","targetHints":{"allow":["GET"]}}],"collection":[{"href":"https:\/\/drebruokyay.com\/tr\/wp-json\/wp\/v2\/posts"}],"about":[{"href":"https:\/\/drebruokyay.com\/tr\/wp-json\/wp\/v2\/types\/post"}],"author":[{"embeddable":true,"href":"https:\/\/drebruokyay.com\/tr\/wp-json\/wp\/v2\/users\/1"}],"replies":[{"embeddable":true,"href":"https:\/\/drebruokyay.com\/tr\/wp-json\/wp\/v2\/comments?post=4000"}],"version-history":[{"count":2,"href":"https:\/\/drebruokyay.com\/tr\/wp-json\/wp\/v2\/posts\/4000\/revisions"}],"predecessor-version":[{"id":4032,"href":"https:\/\/drebruokyay.com\/tr\/wp-json\/wp\/v2\/posts\/4000\/revisions\/4032"}],"wp:featuredmedia":[{"embeddable":true,"href":"https:\/\/drebruokyay.com\/tr\/wp-json\/wp\/v2\/media\/4029"}],"wp:attachment":[{"href":"https:\/\/drebruokyay.com\/tr\/wp-json\/wp\/v2\/media?parent=4000"}],"wp:term":[{"taxonomy":"category","embeddable":true,"href":"https:\/\/drebruokyay.com\/tr\/wp-json\/wp\/v2\/categories?post=4000"},{"taxonomy":"post_tag","embeddable":true,"href":"https:\/\/drebruokyay.com\/tr\/wp-json\/wp\/v2\/tags?post=4000"}],"curies":[{"name":"wp","href":"https:\/\/api.w.org\/{rel}","templated":true}]}}