{"id":2126,"date":"2025-04-09T13:49:29","date_gmt":"2025-04-09T12:49:29","guid":{"rendered":"https:\/\/drebruokyay.com\/?p=2126"},"modified":"2025-05-01T14:28:37","modified_gmt":"2025-05-01T13:28:37","slug":"orta-kafa-derisi-restorasyonu-turkiye","status":"publish","type":"post","link":"https:\/\/drebruokyay.com\/tr\/mid-scalp-restoration-turkey\/","title":{"rendered":"T\u00fcrkiye&#039;de Orta Sa\u00e7 Derisi Restorasyonu: Merkezi Sa\u00e7 D\u00f6k\u00fclmesini Ele Almada Kapsaml\u0131 K\u0131lavuzunuz"},"content":{"rendered":"<p>Sa\u00e7 d\u00f6k\u00fclmesi, \u00f6z imaj\u0131 ve g\u00fcveni \u00f6nemli \u00f6l\u00e7\u00fcde etkileyebilen, son derece ki\u015fisel ve s\u0131kl\u0131kla s\u0131k\u0131nt\u0131 verici bir deneyimdir. Sa\u00e7 \u00e7izgisinde seyrelme veya tepede g\u00f6r\u00fcn\u00fcr kellik s\u0131kl\u0131kla tart\u0131\u015f\u0131l\u0131rken, orta kafa derisi b\u00f6lgesini etkileyen sa\u00e7 d\u00f6k\u00fclmesi - sa\u00e7 \u00e7izgisi ile tepe aras\u0131ndaki b\u00f6lge - e\u015fit derecede yayg\u0131nd\u0131r ve hem te\u015fhis hem de tedavi i\u00e7in benzersiz zorluklar sunar. Genellikle ba\u015f\u0131n \u00fcst k\u0131sm\u0131nda yayg\u0131n incelme, geni\u015fleyen bir k\u0131s\u0131m veya azalm\u0131\u015f yo\u011funluk olarak ortaya \u00e7\u0131kan bu merkezi b\u00f6lgedeki sa\u00e7 d\u00f6k\u00fclmesini ele almak dikkatli planlama ve uygulama gerektirir. Etkili tedavi arayan bir\u00e7ok ki\u015fi i\u00e7in, <strong>T\u00fcrkiye&#039;de Orta Sa\u00e7 Derisi Restorasyonu<\/strong> uzmanla\u015fm\u0131\u015f uzmanl\u0131k ve ileri prosed\u00fcrlere eri\u015fim imkan\u0131 sunar.<\/p>\n\n\n\n<p>&#039;nin bak\u0131\u015f a\u00e7\u0131s\u0131na g\u00f6re, sa\u00e7 d\u00f6k\u00fclmesinin \u00f6r\u00fcnt\u00fcs\u00fcn\u00fc ve nedenini anlamak etkili restorasyon i\u00e7in temeldir. Orta kafa derisi, parietal kafa derisi veya merkezi kafa derisi olarak da bilinir, sa\u00e7 d\u00f6k\u00fclmesinin yayg\u0131n bir b\u00f6lgesidir. <strong>androgenetik alopesi<\/strong> (erkek veya kad\u0131n tipi kellik). Bu genetik durumda, orta kafa derisi de dahil olmak \u00fczere hassas b\u00f6lgelerdeki sa\u00e7 k\u00f6kleri dihidrotestosterona (DHT) kar\u015f\u0131 hassast\u0131r. Zamanla, DHT&#039;ye maruz kalma, bu k\u00f6klerin k\u00fc\u00e7\u00fclmesine ve giderek daha ince, daha k\u0131sa ve daha az g\u00f6r\u00fcn\u00fcr sa\u00e7lar \u00fcretmesine neden olur. <strong>minyat\u00fcrle\u015ftirme<\/strong>. <\/p>\n\n\n\n<p>Orta kafa derisinde, bu genellikle belirgin kel noktalar yerine genel sa\u00e7 yo\u011funlu\u011funda kademeli bir azalmaya neden olur ve bu da kafa derisini sa\u00e7\u0131n i\u00e7inden, \u00f6zellikle do\u011fal sa\u00e7 \u00e7izgisi boyunca daha g\u00f6r\u00fcn\u00fcr hale getirir. Bu incelme deseni, \u015fekillendirme i\u00e7in \u00f6zellikle zorlay\u0131c\u0131 olabilir.<\/p>\n\n\n\n<p>En s\u0131k g\u00f6r\u00fclen neden androgenetik alopesi olsa da, orta kafa derisi sa\u00e7 d\u00f6k\u00fclmesine ba\u015fka fakt\u00f6rler de katk\u0131da bulunabilir. <strong>Telogen effluviyum<\/strong>Yayg\u0131n d\u00f6k\u00fclmeye neden olan ge\u00e7ici bir durum olup, orta kafa derisinin yan\u0131 s\u0131ra di\u011fer b\u00f6lgeleri de etkileyebilir. <strong>Traksiyon alopesisi<\/strong>, s\u0131k\u0131 sa\u00e7 stillerinden kaynaklanan a\u015f\u0131r\u0131 sa\u00e7 \u00e7ekmesinden kaynaklanan sa\u00e7 d\u00f6k\u00fclmesi, \u00f6zellikle sa\u00e7 \u00e7izgisi boyunca ve bazen de orta kafa derisine kadar uzanan incelmeye de yol a\u00e7abilir. \u0130ltihapl\u0131 kafa derisi rahats\u0131zl\u0131klar\u0131 veya beslenme eksiklikleri de rol oynayabilir. Kafa derisinin incelenmesi, sa\u00e7 \u00e7ekme testleri ve potansiyel olarak bir kafa derisi biyopsisi veya kan testleri de dahil olmak \u00fczere kapsaml\u0131 bir dermatolojik de\u011ferlendirme, sa\u00e7 d\u00f6k\u00fclmesinin nedenini ve modelini do\u011fru bir \u015fekilde te\u015fhis etmek ve sa\u00e7 ekimini i\u00e7erebilecek en uygun tedavi stratejisini belirlemek i\u00e7in \u00e7ok \u00f6nemlidir.<\/p>\n\n\n\n<figure class=\"wp-block-image size-large\"><img fetchpriority=\"high\" decoding=\"async\" width=\"1024\" height=\"559\" src=\"https:\/\/drebruokyay.com\/wp-content\/uploads\/2025\/05\/image-7-1024x559.png\" alt=\"\" class=\"wp-image-2128\" srcset=\"https:\/\/drebruokyay.com\/wp-content\/uploads\/2025\/05\/image-7-1024x559.png 1024w, https:\/\/drebruokyay.com\/wp-content\/uploads\/2025\/05\/image-7-300x164.png 300w, https:\/\/drebruokyay.com\/wp-content\/uploads\/2025\/05\/image-7-768x419.png 768w, https:\/\/drebruokyay.com\/wp-content\/uploads\/2025\/05\/image-7-18x10.png 18w, https:\/\/drebruokyay.com\/wp-content\/uploads\/2025\/05\/image-7.png 1408w\" sizes=\"(max-width: 1024px) 100vw, 1024px\" \/><\/figure>\n\n\n\n<div id=\"ez-toc-container\" class=\"ez-toc-v2_0_82_2 ez-toc-wrap-left counter-hierarchy ez-toc-counter ez-toc-transparent ez-toc-container-direction\">\n<div class=\"ez-toc-title-container\">\n<p class=\"ez-toc-title\" style=\"cursor:inherit\">\u0130\u00e7indekiler<\/p>\n<span class=\"ez-toc-title-toggle\"><a href=\"#\" class=\"ez-toc-pull-right ez-toc-btn ez-toc-btn-xs ez-toc-btn-default ez-toc-toggle\" aria-label=\"\u0130\u00e7indekiler Tablosunu A\u00e7\/Kapat\"><span class=\"ez-toc-js-icon-con\"><span class=\"\"><span class=\"eztoc-hide\" style=\"display:none;\">Ge\u00e7i\u015f<\/span><span class=\"ez-toc-icon-toggle-span\"><svg style=\"fill: #999;color:#999\" xmlns=\"http:\/\/www.w3.org\/2000\/svg\" class=\"list-377408\" width=\"20px\" height=\"20px\" viewbox=\"0 0 24 24\" fill=\"none\"><path d=\"M6 6H4v2h2V6zm14 0H8v2h12V6zM4 11h2v2H4v-2zm16 0H8v2h12v-2zM4 16h2v2H4v-2zm16 0H8v2h12v-2z\" fill=\"currentColor\"><\/path><\/svg><svg style=\"fill: #999;color:#999\" class=\"arrow-unsorted-368013\" xmlns=\"http:\/\/www.w3.org\/2000\/svg\" width=\"10px\" height=\"10px\" viewbox=\"0 0 24 24\" version=\"1.2\" baseprofile=\"tiny\"><path d=\"M18.2 9.3l-6.2-6.3-6.2 6.3c-.2.2-.3.4-.3.7s.1.5.3.7c.2.2.4.3.7.3h11c.3 0 .5-.1.7-.3.2-.2.3-.5.3-.7s-.1-.5-.3-.7zM5.8 14.7l6.2 6.3 6.2-6.3c.2-.2.3-.5.3-.7s-.1-.5-.3-.7c-.2-.2-.4-.3-.7-.3h-11c-.3 0-.5.1-.7.3-.2.2-.3.5-.3.7s.1.5.3.7z\"\/><\/svg><\/span><\/span><\/span><\/a><\/span><\/div>\n<nav><ul class='ez-toc-list ez-toc-list-level-1' ><li class='ez-toc-page-1 ez-toc-heading-level-2'><a class=\"ez-toc-link ez-toc-heading-1\" href=\"https:\/\/drebruokyay.com\/tr\/mid-scalp-restoration-turkey\/#Understanding_Hair_Loss_in_the_Mid-Scalp_Area\" >Orta Sa\u00e7 Derisi B\u00f6lgesindeki Sa\u00e7 D\u00f6k\u00fclmesini Anlamak<\/a><\/li><li class='ez-toc-page-1 ez-toc-heading-level-2'><a class=\"ez-toc-link ez-toc-heading-2\" href=\"https:\/\/drebruokyay.com\/tr\/mid-scalp-restoration-turkey\/#Why_the_Mid-Scalp_Presents_Unique_Challenges_for_Restoration\" >Orta Sa\u00e7 Derisi Neden Restorasyon \u0130\u00e7in Benzersiz Zorluklar Sunar?<\/a><\/li><li class='ez-toc-page-1 ez-toc-heading-level-2'><a class=\"ez-toc-link ez-toc-heading-3\" href=\"https:\/\/drebruokyay.com\/tr\/mid-scalp-restoration-turkey\/#Candidate_Suitability_for_Mid-Scalp_Hair_Transplant\" >Orta Sa\u00e7 Derisi Sa\u00e7 Ekimi \u0130\u00e7in Aday Uygunlu\u011fu<\/a><\/li><li class='ez-toc-page-1 ez-toc-heading-level-2'><a class=\"ez-toc-link ez-toc-heading-4\" href=\"https:\/\/drebruokyay.com\/tr\/mid-scalp-restoration-turkey\/#The_Hair_Transplant_Procedure_Techniques_for_Mid-Scalp_Restoration\" >Sa\u00e7 Ekimi Prosed\u00fcr\u00fc: Orta Sa\u00e7 Derisi Restorasyonu Teknikleri<\/a><ul class='ez-toc-list-level-3' ><li class='ez-toc-heading-level-3'><a class=\"ez-toc-link ez-toc-heading-5\" href=\"https:\/\/drebruokyay.com\/tr\/mid-scalp-restoration-turkey\/#Follicular_Unit_Extraction_FUE_for_Mid-Scalp_Restoration\" >Orta Sa\u00e7 Derisi Restorasyonu i\u00e7in Folik\u00fcler \u00dcnite Ekstraksiyonu (FUE)<\/a><\/li><li class='ez-toc-page-1 ez-toc-heading-level-3'><a class=\"ez-toc-link ez-toc-heading-6\" href=\"https:\/\/drebruokyay.com\/tr\/mid-scalp-restoration-turkey\/#Follicular_Unit_Transplantation_FUT_for_Mid-Scalp_Restoration\" >Orta Sa\u00e7 Derisi Restorasyonu i\u00e7in Folik\u00fcler \u00dcnite Transplantasyonu (FUT)<\/a><\/li><li class='ez-toc-page-1 ez-toc-heading-level-3'><a class=\"ez-toc-link ez-toc-heading-7\" href=\"https:\/\/drebruokyay.com\/tr\/mid-scalp-restoration-turkey\/#Recipient_Site_Creation_and_Graft_Insertion_in_the_Mid-Scalp_Working_Among_Existing_Hairs\" >Al\u0131c\u0131 B\u00f6lge Olu\u015fturma ve Orta Sa\u00e7 Derisine Greft Yerle\u015ftirme: Mevcut Sa\u00e7lar Aras\u0131nda \u00c7al\u0131\u015fma<\/a><\/li><\/ul><\/li><li class='ez-toc-page-1 ez-toc-heading-level-2'><a class=\"ez-toc-link ez-toc-heading-8\" href=\"https:\/\/drebruokyay.com\/tr\/mid-scalp-restoration-turkey\/#Donor_Area_Considerations_for_Mid-Scalp_Transplant\" >Orta Sa\u00e7 Derisi Nakli \u0130\u00e7in Don\u00f6r Alan\u0131 Hususlar\u0131<\/a><\/li><li class='ez-toc-page-1 ez-toc-heading-level-2'><a class=\"ez-toc-link ez-toc-heading-9\" href=\"https:\/\/drebruokyay.com\/tr\/mid-scalp-restoration-turkey\/#The_Role_of_Density_and_Number_of_Grafts_in_Mid-Scalp_Restoration\" >Orta Sa\u00e7 Derisi Restorasyonunda Yo\u011funluk ve Greft Say\u0131s\u0131n\u0131n Rol\u00fc<\/a><\/li><li class='ez-toc-page-1 ez-toc-heading-level-2'><a class=\"ez-toc-link ez-toc-heading-10\" href=\"https:\/\/drebruokyay.com\/tr\/mid-scalp-restoration-turkey\/#Working_Among_Existing_Hairs_A_Key_Technical_Consideration\" >Mevcut T\u00fcyler Aras\u0131nda \u00c7al\u0131\u015fma: \u00d6nemli Bir Teknik Husus<\/a><\/li><li class='ez-toc-page-1 ez-toc-heading-level-2'><a class=\"ez-toc-link ez-toc-heading-11\" href=\"https:\/\/drebruokyay.com\/tr\/mid-scalp-restoration-turkey\/#Potential_Risks_and_Complications_of_Mid-Scalp_Restoration\" >Orta Sa\u00e7 Derisi Restorasyonunun Potansiyel Riskleri ve Komplikasyonlar\u0131<\/a><\/li><li class='ez-toc-page-1 ez-toc-heading-level-2'><a class=\"ez-toc-link ez-toc-heading-12\" href=\"https:\/\/drebruokyay.com\/tr\/mid-scalp-restoration-turkey\/#The_Recovery_Process_After_Mid-Scalp_Restoration\" >Orta Sa\u00e7 Derisi Restorasyonundan Sonraki \u0130yile\u015fme S\u00fcreci<\/a><ul class='ez-toc-list-level-3' ><li class='ez-toc-heading-level-3'><a class=\"ez-toc-link ez-toc-heading-13\" href=\"https:\/\/drebruokyay.com\/tr\/mid-scalp-restoration-turkey\/#Immediate_Post-Operative_Period_First_Few_Days\" >Ameliyat Sonras\u0131 Hemen D\u00f6nem (\u0130lk Birka\u00e7 G\u00fcn)<\/a><\/li><li class='ez-toc-page-1 ez-toc-heading-level-3'><a class=\"ez-toc-link ez-toc-heading-14\" href=\"https:\/\/drebruokyay.com\/tr\/mid-scalp-restoration-turkey\/#First_Week\" >\u0130lk Hafta<\/a><\/li><li class='ez-toc-page-1 ez-toc-heading-level-3'><a class=\"ez-toc-link ez-toc-heading-15\" href=\"https:\/\/drebruokyay.com\/tr\/mid-scalp-restoration-turkey\/#Weeks_2-4\" >2-4. haftalar<\/a><\/li><li class='ez-toc-page-1 ez-toc-heading-level-3'><a class=\"ez-toc-link ez-toc-heading-16\" href=\"https:\/\/drebruokyay.com\/tr\/mid-scalp-restoration-turkey\/#Months_1-3\" >1-3 Aylar<\/a><\/li><li class='ez-toc-page-1 ez-toc-heading-level-3'><a class=\"ez-toc-link ez-toc-heading-17\" href=\"https:\/\/drebruokyay.com\/tr\/mid-scalp-restoration-turkey\/#Months_3-6\" >3-6 Aylar<\/a><\/li><li class='ez-toc-page-1 ez-toc-heading-level-3'><a class=\"ez-toc-link ez-toc-heading-18\" href=\"https:\/\/drebruokyay.com\/tr\/mid-scalp-restoration-turkey\/#Months_6-12\" >6-12. Aylar<\/a><\/li><li class='ez-toc-page-1 ez-toc-heading-level-3'><a class=\"ez-toc-link ez-toc-heading-19\" href=\"https:\/\/drebruokyay.com\/tr\/mid-scalp-restoration-turkey\/#Months_12-18\" >12-18+ Aylar<\/a><\/li><\/ul><\/li><li class='ez-toc-page-1 ez-toc-heading-level-2'><a class=\"ez-toc-link ez-toc-heading-20\" href=\"https:\/\/drebruokyay.com\/tr\/mid-scalp-restoration-turkey\/#Growth_Timeline_and_Results_for_Mid-Scalp_Restoration\" >Orta Sa\u00e7 Derisi Restorasyonu i\u00e7in B\u00fcy\u00fcme Zaman \u00c7izelgesi ve Sonu\u00e7lar\u0131<\/a><\/li><li class='ez-toc-page-1 ez-toc-heading-level-2'><a class=\"ez-toc-link ez-toc-heading-21\" href=\"https:\/\/drebruokyay.com\/tr\/mid-scalp-restoration-turkey\/#Mid-Scalp_Restoration_in_Turkey_Why_Choose_Turkey\" >T\u00fcrkiye&#039;de Orta Sa\u00e7 Derisi Restorasyonu: Neden T\u00fcrkiye&#039;yi Se\u00e7melisiniz?<\/a><\/li><li class='ez-toc-page-1 ez-toc-heading-level-2'><a class=\"ez-toc-link ez-toc-heading-22\" href=\"https:\/\/drebruokyay.com\/tr\/mid-scalp-restoration-turkey\/#Alternatives_and_Adjunctive_Treatments_for_Mid-Scalp_Hair_Loss\" >Orta Sa\u00e7 Derisi Sa\u00e7 D\u00f6k\u00fclmesine Y\u00f6nelik Alternatifler ve Yard\u0131mc\u0131 Tedaviler<\/a><\/li><li class='ez-toc-page-1 ez-toc-heading-level-2'><a class=\"ez-toc-link ez-toc-heading-23\" href=\"https:\/\/drebruokyay.com\/tr\/mid-scalp-restoration-turkey\/#Conclusion\" >\u00c7\u00f6z\u00fcm<\/a><\/li><\/ul><\/nav><\/div>\n<h2 class=\"wp-block-heading\"><span class=\"ez-toc-section\" id=\"Understanding_Hair_Loss_in_the_Mid-Scalp_Area\"><\/span>Orta Sa\u00e7 Derisi B\u00f6lgesindeki Sa\u00e7 D\u00f6k\u00fclmesini Anlamak<span class=\"ez-toc-section-end\"><\/span><\/h2>\n\n\n\n<p>Orta kafa derisi b\u00f6lgesi, \u00f6n sa\u00e7 \u00e7izgisi ile arka ta\u00e7 (tepe noktas\u0131) aras\u0131nda yer al\u0131r. Ba\u015f\u0131n tepesini kapsar ve sa\u00e7\u0131n genellikle ayr\u0131ld\u0131\u011f\u0131 do\u011fal alan\u0131 i\u00e7erir. Bu b\u00f6lgedeki sa\u00e7 d\u00f6k\u00fclmesi genellikle sa\u00e7 yo\u011funlu\u011funda kademeli bir azalma ile ba\u015flar ve ki\u015fi ay\u0131rma \u00e7izgisinin daha geni\u015f g\u00f6r\u00fcnd\u00fc\u011f\u00fcn\u00fc veya sa\u00e7\u0131n\u0131n eskisi kadar hacim tutmad\u0131\u011f\u0131n\u0131 fark eder. Minyat\u00fcrle\u015fme ilerledik\u00e7e, kafa derisi incelen sa\u00e7lar aras\u0131ndan giderek daha g\u00f6r\u00fcn\u00fcr hale gelir ve daha az yo\u011fun veya &quot;saydam&quot; bir g\u00f6r\u00fcn\u00fcm olu\u015fturur.<\/p>\n\n\n\n<p>Erkeklerde, sa\u00e7 derisinin ortas\u0131nda incelme, genellikle Norwood \u00f6l\u00e7ek desenlerinde tan\u0131mlanan sa\u00e7 \u00e7izgisi gerilemesi ve\/veya tepe kelli\u011fi ile birlikte ortaya \u00e7\u0131kabilir. Kad\u0131nlarda, androgenetik alopesi s\u0131kl\u0131kla sa\u00e7 derisinin \u00fcst\u00fcnde, \u00f6zellikle sa\u00e7 derisinin ortas\u0131nda, yayg\u0131n incelme olarak ortaya \u00e7\u0131karken, sa\u00e7 \u00e7izgisi genellikle nispeten sa\u011flam kal\u0131r. Bu desen, incelmenin genellikle ayr\u0131m \u00e7izgisi boyunca ba\u015flay\u0131p geni\u015fledi\u011fi Ludwig \u00f6l\u00e7e\u011fi ile tan\u0131mlan\u0131r. Sa\u00e7 derisinin ortas\u0131ndaki bu yayg\u0131n incelme, kad\u0131n tipi sa\u00e7 d\u00f6k\u00fclmesinin \u00e7ok yayg\u0131n bir sunumudur.<\/p>\n\n\n\n<p>Orta kafa derisi sa\u00e7 d\u00f6k\u00fclmesini klinik olarak de\u011ferlendirmek, genel yo\u011funlu\u011fu, mevcut sa\u00e7lar\u0131n minyat\u00fcrle\u015fme derecesini, ayr\u0131m \u00e7izgisinin geni\u015fli\u011fini ve alan\u0131n \u00e7evredeki sa\u00e7larla ne kadar iyi kapland\u0131\u011f\u0131n\u0131 de\u011ferlendirmeyi i\u00e7erir. <strong>Orta Sa\u00e7 Derisi Restorasyonu<\/strong> don\u00f6r b\u00f6lgeden al\u0131nan sa\u011fl\u0131kl\u0131, kal\u0131c\u0131 sa\u00e7 k\u00f6kleri kullan\u0131larak bu b\u00f6lgedeki sa\u00e7 yo\u011funlu\u011funun artt\u0131r\u0131lmas\u0131, bu sayede sa\u00e7 derisi g\u00f6r\u00fcn\u00fcrl\u00fc\u011f\u00fcn\u00fcn azalt\u0131lmas\u0131 ve daha dolgun bir g\u00f6r\u00fcn\u00fcm yarat\u0131lmas\u0131d\u0131r.<\/p>\n\n\n\n<h2 class=\"wp-block-heading\"><span class=\"ez-toc-section\" id=\"Why_the_Mid-Scalp_Presents_Unique_Challenges_for_Restoration\"><\/span>Orta Sa\u00e7 Derisi Neden Restorasyon \u0130\u00e7in Benzersiz Zorluklar Sunar?<span class=\"ez-toc-section-end\"><\/span><\/h2>\n\n\n\n<p>Sa\u00e7\u0131n orta sa\u00e7 derisi gibi da\u011f\u0131n\u0131k seyrelme olan bir b\u00f6lgeye nakledilmesi, gerileyen bir sa\u00e7 \u00e7izgisi veya tamamen kel bir ta\u00e7 gibi a\u00e7\u0131k\u00e7a tan\u0131mlanm\u0131\u015f bir kel b\u00f6lgeyi eski haline getirmekten genellikle daha karma\u015f\u0131kt\u0131r. Al\u0131c\u0131 b\u00f6lgede mevcut, minyat\u00fcr olsa da, do\u011fal sa\u00e7lar\u0131n varl\u0131\u011f\u0131 belirli zorluklar yarat\u0131r:<\/p>\n\n\n\n<ul class=\"wp-block-list\">\n<li><strong>Mevcut T\u00fcyler Aras\u0131nda \u00c7al\u0131\u015fma:<\/strong> Cerrah, nakledilen greftleri titizlikle yerle\u015ftirmelidir <em>aras\u0131nda<\/em> Mevcut do\u011fal sa\u00e7lara zarar vermeden. Bu, zaten k\u0131r\u0131lgan olan do\u011fal sa\u00e7lara travma veya &#039;\u015fok kayb\u0131&#039; (ge\u00e7ici d\u00f6k\u00fclme) olu\u015fmas\u0131n\u0131 \u00f6nlemek i\u00e7in hassasiyet ve dikkatli teknik gerektirir.<\/li>\n\n\n\n<li><strong>Do\u011fal Y\u00f6n ve A\u00e7\u0131y\u0131 Koruma:<\/strong> Sa\u00e7 derisinin ortas\u0131ndaki sa\u00e7lar genellikle belirli bir \u00f6ne veya hafif\u00e7e d\u0131\u015fa do\u011fru y\u00f6ne sahiptir. Bu do\u011fal ak\u0131\u015f\u0131 ve a\u00e7\u0131y\u0131 taklit etmek, ekilen sa\u00e7lar\u0131n mevcut sa\u00e7larla kusursuz bir \u015fekilde uyum sa\u011flayacak ve \u00f6zellikle de ayr\u0131m \u00e7izgisiyle ilgili olarak do\u011fal \u015fekillendirmeye izin verecek \u015fekilde uzamas\u0131n\u0131 sa\u011flamak i\u00e7in kritik \u00f6neme sahiptir.<\/li>\n\n\n\n<li><strong>Do\u011fal Yo\u011funluk ve Kar\u0131\u015f\u0131m\u0131 Elde Etmek:<\/strong> Ama\u00e7, incelmi\u015f b\u00f6lgedeki yo\u011funlu\u011fu, \u00e7evredeki daha yo\u011fun sa\u00e7larla do\u011fal olarak e\u015fle\u015fecek veya kar\u0131\u015facak \u015fekilde art\u0131rmakt\u0131r. Bunun i\u00e7in greft yerle\u015ftirme yo\u011funlu\u011funun ve tekli sa\u00e7 ile \u00e7oklu \u00fcnite greftlerinin da\u011f\u0131l\u0131m\u0131n\u0131n dikkatli bir \u015fekilde de\u011ferlendirilmesi gerekir. Bir b\u00f6lgedeki a\u015f\u0131r\u0131 yo\u011funluk veya bir di\u011ferindeki yetersiz yo\u011funluk, do\u011fal olmayan bir g\u00f6r\u00fcn\u00fcme yol a\u00e7abilir.<\/li>\n\n\n\n<li><strong>\u015eok Kayb\u0131 Potansiyeli:<\/strong> Bahsedildi\u011fi gibi, mevcut minyat\u00fcrize edilmi\u015f sa\u00e7lar aras\u0131nda \u00e7al\u0131\u015fmak, nakledilen greftleri \u00e7evreleyen baz\u0131 do\u011fal sa\u00e7lar\u0131n prosed\u00fcr\u00fcn travmas\u0131 nedeniyle d\u00f6k\u00fclebilece\u011fi ge\u00e7ici &#039;\u015fok kayb\u0131&#039; riski ta\u015f\u0131r. Genellikle ge\u00e7ici olsa da, bu durum yeniden b\u00fcy\u00fcme ger\u00e7ekle\u015fmeden \u00f6nce b\u00f6lgenin ba\u015flang\u0131\u00e7ta daha ince g\u00f6r\u00fcnmesine neden olabilir.<\/li>\n\n\n\n<li><strong>Sa\u00e7 D\u00f6k\u00fclmesinin \u0130lerleyici Niteli\u011fi:<\/strong> \u00c7o\u011fu durumda, altta yatan neden (androgenetik alopesi) ilerleyicidir. Ekilen sa\u00e7lar kal\u0131c\u0131 olsa da, <em>mevcut<\/em> Kafa derisinin ortas\u0131ndaki do\u011fal sa\u00e7lar zamanla k\u00fc\u00e7\u00fclmeye devam edebilir, bu da nakledilen greftlerin \u00e7evresinde gelecekte incelmeye yol a\u00e7abilir ve sonucun korunmas\u0131 i\u00e7in gelecekte prosed\u00fcrlere veya s\u00fcrekli t\u0131bbi tedaviye ihtiya\u00e7 duyulabilir.<\/li>\n<\/ul>\n\n\n\n<p>Bu fakt\u00f6rlerden dolay\u0131, orta kafa derisi restorasyonu, mevcut sa\u00e7larda gezinmek, greft yerle\u015fimini do\u011fru bir \u015fekilde planlamak ve gelecekteki sa\u00e7 d\u00f6k\u00fclmesini \u00f6ng\u00f6rmek i\u00e7in y\u00fcksek d\u00fczeyde beceri, deneyim ve sanatsal bir g\u00f6ze sahip bir cerrah gerektirir.<\/p>\n\n\n\n<h2 class=\"wp-block-heading\"><span class=\"ez-toc-section\" id=\"Candidate_Suitability_for_Mid-Scalp_Hair_Transplant\"><\/span>Orta Sa\u00e7 Derisi Sa\u00e7 Ekimi \u0130\u00e7in Aday Uygunlu\u011fu<span class=\"ez-toc-section-end\"><\/span><\/h2>\n\n\n\n<p>Orta kafa derisi restorasyonunun uygunlu\u011funun belirlenmesi, genellikle bir dermatologla isti\u015fare edilerek, kalifiye bir cerrah taraf\u0131ndan yap\u0131lan ayr\u0131nt\u0131l\u0131 bir de\u011ferlendirmeyi i\u00e7erir.<\/p>\n\n\n\n<ul class=\"wp-block-list\">\n<li><strong>Tan\u0131 ve Desen:<\/strong> Sa\u00e7 d\u00f6k\u00fclmesi \u00f6ncelikle orta kafa derisini etkileyen androgenetik alopesi nedeniyle olmal\u0131d\u0131r. \u0130ncelme paterni (yayg\u0131n, geni\u015fleyen k\u0131s\u0131m) de\u011ferlendirilecektir.<\/li>\n\n\n\n<li><strong>Sa\u00e7 D\u00f6k\u00fclmesinin Stabilitesi:<\/strong> \u0130deal olarak, sa\u00e7 d\u00f6k\u00fclmesi bir miktar istikrar g\u00f6stermi\u015f olmal\u0131d\u0131r. Orta kafa derisinde aktif veya h\u0131zla ilerleyen sa\u00e7 d\u00f6k\u00fclmesi planlamay\u0131 daha zor hale getirir ve nakledilen greftlerin \u00e7evresinde gelecekte incelme riskini art\u0131r\u0131r. Sa\u00e7 d\u00f6k\u00fclmesini nakilden \u00f6nce veya nakil s\u0131ras\u0131nda stabilize etmek i\u00e7in t\u0131bbi tedaviler (finasterid veya minoksidil gibi) \u00f6nerilebilir.<\/li>\n\n\n\n<li><strong>Don\u00f6r Alan\u0131n\u0131n Yeterlili\u011fi:<\/strong> &#039;Don\u00f6r alan&#039; (genellikle kafa derisinin arkas\u0131 ve yanlar\u0131) orta kafa derisinde istenen yo\u011funlu\u011fu elde etmek i\u00e7in yeterli say\u0131da greft sa\u011flamak amac\u0131yla yeterli yo\u011funlu\u011fa ve sa\u011fl\u0131kl\u0131, kal\u0131c\u0131 sa\u00e7 k\u00f6klerine sahip olmal\u0131d\u0131r. Ba\u015far\u0131l\u0131 bir sonu\u00e7 i\u00e7in don\u00f6r sa\u00e7\u0131n kalitesi ve yo\u011funlu\u011fu \u00e7ok \u00f6nemlidir.<\/li>\n\n\n\n<li><strong>Mevcut Sa\u00e7\u0131n Varl\u0131\u011f\u0131:<\/strong> Cerrah, orta kafa derisi al\u0131c\u0131 b\u00f6lgesindeki mevcut minyat\u00fcr k\u0131llar\u0131n yo\u011funlu\u011funu ve kalitesini de\u011ferlendirecektir. Mevcut k\u0131llar\u0131n varl\u0131\u011f\u0131, teknik yakla\u015f\u0131m\u0131 (k\u0131llar aras\u0131nda \u00e7al\u0131\u015fma) ve \u015fok kayb\u0131 riskini etkiler.<\/li>\n\n\n\n<li><strong>Genel Sa\u011fl\u0131k:<\/strong> Adaylar\u0131n genel sa\u011fl\u0131k durumlar\u0131n\u0131n iyi olmas\u0131, cerrahi riskleri \u00f6nemli \u00f6l\u00e7\u00fcde art\u0131rabilecek veya iyile\u015fmeyi olumsuz etkileyebilecek t\u0131bbi rahats\u0131zl\u0131klar\u0131n\u0131n olmamas\u0131 gerekmektedir.<\/li>\n\n\n\n<li><strong>Ger\u00e7ek\u00e7i Beklentiler:<\/strong> Adaylar, \u00f6zellikle \u00f6nemli incelme durumlar\u0131nda, kel olmayan bir sa\u00e7 derisinin tam yo\u011funlu\u011funa ula\u015fmaktan ziyade, genellikle yo\u011funlu\u011fu art\u0131rmak ve daha iyi bir kapsama alan\u0131 sa\u011flayarak sa\u00e7 derisi g\u00f6r\u00fcn\u00fcrl\u00fc\u011f\u00fcn\u00fc azaltmak amac\u0131n\u0131 anlamal\u0131d\u0131r. Ayr\u0131ca, \u015fok d\u00f6k\u00fclme potansiyelinin ve altta yatan sa\u00e7 d\u00f6k\u00fclmeleri ilerlerse gelecekte prosed\u00fcrler gerektirme olas\u0131l\u0131\u011f\u0131n\u0131n fark\u0131nda olmal\u0131d\u0131rlar.<\/li>\n<\/ul>\n\n\n\n<p>\u00c7ok ileri d\u00fczeyde diff\u00fcz incelme, yetersiz don\u00f6r sa\u00e7 veya dengesiz sa\u00e7 d\u00f6k\u00fclmesi olan ki\u015filer tek ba\u015f\u0131na nakil i\u00e7in ideal adaylar olmayabilir. Bir kons\u00fcltasyon en iyi eylem plan\u0131n\u0131 belirlemeye yard\u0131mc\u0131 olacakt\u0131r.<\/p>\n\n\n\n<h2 class=\"wp-block-heading\"><span class=\"ez-toc-section\" id=\"The_Hair_Transplant_Procedure_Techniques_for_Mid-Scalp_Restoration\"><\/span>Sa\u00e7 Ekimi Prosed\u00fcr\u00fc: Orta Sa\u00e7 Derisi Restorasyonu Teknikleri<span class=\"ez-toc-section-end\"><\/span><\/h2>\n\n\n\n<p>Orta kafa derisi i\u00e7in sa\u00e7 ekimi, di\u011fer b\u00f6lgeler gibi, don\u00f6r b\u00f6lgeden sa\u011fl\u0131kl\u0131 sa\u00e7 k\u00f6klerinin toplanmas\u0131n\u0131 ve bunlar\u0131n al\u0131c\u0131 b\u00f6lgeye nakledilmesini i\u00e7erir. Genellikle orta kafa derisi b\u00f6lgesi i\u00e7in \u00f6zel hususlar dikkate al\u0131narak, iki temel teknik olan FUE (Folik\u00fcler \u00dcnite Ekstraksiyonu) ve FUT (Folik\u00fcler \u00dcnite Transplantasyonu) kullan\u0131l\u0131r. Her iki teknik de ekime odaklan\u0131r <strong>folik\u00fcler \u00fcniteler<\/strong>, ili\u015fkili dokularla birlikte 1-4 sa\u00e7 folik\u00fcl\u00fcn\u00fcn do\u011fal gruplar\u0131d\u0131r. Bu do\u011fal \u00fcnitelerin nakli, do\u011fal g\u00f6r\u00fcn\u00fcml\u00fc sonu\u00e7lar elde etmenin anahtar\u0131d\u0131r.<\/p>\n\n\n\n<p>Orta kafa derisi restorasyonu i\u00e7in FUE ve FUT aras\u0131ndaki se\u00e7im, hastan\u0131n genel sa\u00e7 d\u00f6k\u00fclme d\u00fczeni, don\u00f6r \u00f6zellikleri, istenen sa\u00e7 modeli, orta kafa derisindeki sa\u00e7 d\u00f6k\u00fclmesi miktar\u0131 ve cerrah\u0131n uzmanl\u0131\u011f\u0131 gibi \u00e7e\u015fitli fakt\u00f6rlere ba\u011fl\u0131d\u0131r.<\/p>\n\n\n\n<h3 class=\"wp-block-heading\"><span class=\"ez-toc-section\" id=\"Follicular_Unit_Extraction_FUE_for_Mid-Scalp_Restoration\"><\/span>Orta Sa\u00e7 Derisi Restorasyonu i\u00e7in Folik\u00fcler \u00dcnite Ekstraksiyonu (FUE)<span class=\"ez-toc-section-end\"><\/span><\/h3>\n\n\n\n<p>FUE, k\u00fc\u00e7\u00fck delme aletleri kullan\u0131larak do\u011frudan don\u00f6r b\u00f6lgeden tek tek folik\u00fcler \u00fcnitelerin \u00e7\u0131kar\u0131lmas\u0131n\u0131 i\u00e7erir.<\/p>\n\n\n\n<ul class=\"wp-block-list\">\n<li><strong>Prosed\u00fcr:<\/strong> Don\u00f6r alan\u0131 genellikle t\u0131ra\u015f edilir veya yak\u0131ndan kesilir. Cerrah, bir delme aleti (0,7 mm ila 1,2 mm \u00e7ap\u0131nda) kullanarak, tek tek folik\u00fcler \u00fcnitelerin etraf\u0131nda k\u00fc\u00e7\u00fck dairesel kesiler yapar ve bunlar daha sonra dikkatlice &#039;greft&#039; olarak \u00e7\u0131kar\u0131l\u0131r. Bu greftler toplan\u0131r ve haz\u0131rlan\u0131r. Orta kafa derisinde, k\u00fc\u00e7\u00fck al\u0131c\u0131 b\u00f6lgeler olu\u015fturulur <em>aras\u0131nda<\/em> Mevcut do\u011fal sa\u00e7lar ince b\u0131\u00e7aklar, i\u011fneler veya \u00f6zel implanter kalemler kullan\u0131larak. Bu alanlar\u0131n a\u00e7\u0131s\u0131, y\u00f6n\u00fc ve yo\u011funlu\u011fu, mevcut sa\u00e7larla uyum sa\u011flayacak ve do\u011fal b\u00fcy\u00fcme modellerini izleyecek \u015fekilde titizlikle planlan\u0131r. Daha sonra toplanan greftler bu al\u0131c\u0131 alanlara dikkatlice yerle\u015ftirilir.<\/li>\n\n\n\n<li><strong>Orta Sa\u00e7 Derisi \u0130\u00e7in Avantajlar:<\/strong>\n<ul class=\"wp-block-list\">\n<li><strong>Daha Az Belirgin Don\u00f6r \u0130zi:<\/strong> FUE, don\u00f6r b\u00f6lgede, hastan\u0131n yanlardaki sa\u00e7lar\u0131n\u0131 \u00e7ok k\u0131sa kestirmesi durumunda, do\u011frusal FUT izinden daha az g\u00f6r\u00fcnen, \u00e7ok k\u00fc\u00e7\u00fck noktasal izler b\u0131rak\u0131r.<\/li>\n\n\n\n<li><strong>Esneklik:<\/strong> Daha geni\u015f bir don\u00f6r b\u00f6lgeden hasat yap\u0131labilir.<\/li>\n\n\n\n<li><strong>Potansiyel Olarak Daha H\u0131zl\u0131 Don\u00f6r \u0130yile\u015fmesi:<\/strong> Bir\u00e7ok hasta i\u00e7in don\u00f6r rahats\u0131zl\u0131\u011f\u0131 FUT&#039;a g\u00f6re daha az olabilir.<\/li>\n<\/ul>\n<\/li>\n\n\n\n<li><strong>Orta Sa\u00e7 Derisi \u0130\u00e7in Dezavantajlar:<\/strong>\n<ul class=\"wp-block-list\">\n<li><strong>K\u0131llar\u0131n Aras\u0131nda \u00c7al\u0131\u015fma:<\/strong> FUE ile mevcut sa\u00e7lar\u0131n aras\u0131na greft yerle\u015ftirmek teknik olarak zorlay\u0131c\u0131 olabilir ve hassas bir \u015fekilde yap\u0131lmad\u0131\u011f\u0131nda do\u011fal sa\u00e7 k\u00f6klerine zarar verme riski ta\u015f\u0131yabilir.<\/li>\n\n\n\n<li><strong>Seans Ba\u015f\u0131na Daha D\u00fc\u015f\u00fck Greft Verimi:<\/strong> FUE genellikle FUT&#039;tan daha fazla zaman al\u0131r ve seans ba\u015f\u0131na al\u0131nan greft say\u0131s\u0131 daha d\u00fc\u015f\u00fck olabilir; bu da sa\u00e7 derisinin orta k\u0131sm\u0131ndaki yo\u011fun incelme i\u00e7in birden fazla seans gerektirebilir.<\/li>\n\n\n\n<li><strong>Don\u00f6r B\u00f6lge T\u0131ra\u015f\u0131:<\/strong> Don\u00f6r b\u00f6lgenin genellikle t\u0131ra\u015f edilmesi gerekir ki bu, iyile\u015fme s\u00fcrecinde kozmetik bir husustur.<\/li>\n<\/ul>\n<\/li>\n\n\n\n<li><strong>Orta Sa\u00e7 Derisinde FUE ile \u0130lgili Teknik Hususlar:<\/strong> Al\u0131c\u0131 b\u00f6lgeleri olu\u015fturmada hassasiyet, mevcut k\u0131llarda gezinmek ve y\u00f6nlerini\/a\u00e7\u0131lar\u0131n\u0131 e\u015fle\u015ftirmek i\u00e7in son derece \u00f6nemlidir. &#039;Yap\u0131\u015ft\u0131r ve yerle\u015ftir&#039; (bir b\u00f6lge olu\u015fturma ve hemen greft yerle\u015ftirme) veya implanter kalemleri kullanma (b\u00f6lgeyi olu\u015fturma ve greft yerle\u015ftirme tek ad\u0131mda) gibi teknikler, mevcut k\u0131llar\u0131n oldu\u011fu b\u00f6lgelerde \u00e7al\u0131\u015fmak i\u00e7in yararl\u0131 olabilir, potansiyel olarak greft i\u00e7in v\u00fccut d\u0131\u015f\u0131 zaman\u0131 azalt\u0131r ve travmay\u0131 en aza indirir.<\/li>\n<\/ul>\n\n\n\n<h3 class=\"wp-block-heading\"><span class=\"ez-toc-section\" id=\"Follicular_Unit_Transplantation_FUT_for_Mid-Scalp_Restoration\"><\/span>Orta Sa\u00e7 Derisi Restorasyonu i\u00e7in Folik\u00fcler \u00dcnite Transplantasyonu (FUT)<span class=\"ez-toc-section-end\"><\/span><\/h3>\n\n\n\n<p>FUT, don\u00f6r b\u00f6lgeden sa\u00e7 ta\u015f\u0131yan bir deri \u015feridinin \u00e7\u0131kar\u0131lmas\u0131n\u0131 ve bunun ayr\u0131 folik\u00fcler \u00fcnitelere ayr\u0131lmas\u0131n\u0131 i\u00e7erir<sup>1<\/sup> mikroskop alt\u0131nda.<\/p>\n\n\n\n<ul class=\"wp-block-list\">\n<li><strong>Prosed\u00fcr:<\/strong> Don\u00f6r b\u00f6lgeden (genellikle ba\u015f\u0131n arkas\u0131ndan) cerrahi olarak bir kafa derisi \u015feridi \u00e7\u0131kar\u0131l\u0131r. Daha sonra kesi diki\u015fler veya z\u0131mbalarla kapat\u0131l\u0131r ve do\u011frusal bir yara izi kal\u0131r. \u015eerit, yetenekli bir ekip taraf\u0131ndan y\u00fcksek g\u00fc\u00e7l\u00fc mikroskoplar alt\u0131nda titizlikle tek tek folik\u00fcler \u00fcnite greftlerine ayr\u0131l\u0131r. E\u015f zamanl\u0131 olarak, cerrah orta kafa derisinde al\u0131c\u0131 b\u00f6lgeler olu\u015fturur ve dikkatlice \u00e7al\u0131\u015f\u0131r <em>aras\u0131nda<\/em> mevcut t\u00fcm k\u0131llar ve a\u00e7\u0131lar\u0131 ve y\u00f6nleri do\u011fal olarak harmanlamak i\u00e7in planlama, \u00f6zellikle de b\u00f6l\u00fcm \u00e7izgisi boyunca. Daha sonra par\u00e7alanm\u0131\u015f greftler bu al\u0131c\u0131 b\u00f6lgelere yerle\u015ftirilir.<\/li>\n\n\n\n<li><strong>Orta Sa\u00e7 Derisi \u0130\u00e7in Avantajlar:<\/strong>\n<ul class=\"wp-block-list\">\n<li><strong>Daha Y\u00fcksek Greft Verimi:<\/strong> FUT genellikle tek bir seansta daha fazla say\u0131da greft al\u0131nmas\u0131na olanak tan\u0131r, bu da orta kafa derisi incelmesinin \u00f6nemli alanlar\u0131n\u0131 kapatmak i\u00e7in avantaj sa\u011flayabilir.<\/li>\n\n\n\n<li><strong>D\u00fc\u015f\u00fck \u0130\u015flem Oran\u0131:<\/strong> Mikroskobik diseksiyon, FUE ekstraksiyonuna k\u0131yasla genellikle daha d\u00fc\u015f\u00fck oranda hasarl\u0131 folik\u00fcler \u00fcniteyle sonu\u00e7lan\u0131r ve bu da potansiyel olarak daha y\u00fcksek greft sa\u011fkal\u0131m\u0131na yol a\u00e7ar.<\/li>\n\n\n\n<li><strong>Al\u0131c\u0131 B\u00f6lgeyi T\u0131ra\u015f Etmeye Gerek Yok:<\/strong> Sa\u00e7 derisinin ortas\u0131ndaki al\u0131c\u0131 b\u00f6lgenin genellikle t\u0131ra\u015f edilmesine gerek kalmaz, bu sayede mevcut sa\u00e7lar ilk iyile\u015fme evresinde alan\u0131 kaplayabilir.<\/li>\n<\/ul>\n<\/li>\n\n\n\n<li><strong>Orta Sa\u00e7 Derisi \u0130\u00e7in Dezavantajlar:<\/strong>\n<ul class=\"wp-block-list\">\n<li><strong>Do\u011frusal Don\u00f6r \u0130zi:<\/strong> FUT, don\u00f6r b\u00f6lgede do\u011frusal bir yara iziyle sonu\u00e7lan\u0131r ve bu, \u00e7ok k\u0131sa sa\u00e7 stillerini tercih eden hastalar i\u00e7in endi\u015fe verici olabilir. Yara izinin g\u00f6r\u00fcn\u00fcm\u00fc, cerrah\u0131n becerisine, kapatma tekni\u011fine ve bireysel iyile\u015fmeye ba\u011fl\u0131d\u0131r.<\/li>\n\n\n\n<li><strong>Daha \u0130nvaziv Don\u00f6r Prosed\u00fcr\u00fc:<\/strong> \u015eeritlerin cerrahi olarak \u00e7\u0131kar\u0131lmas\u0131, FUE&#039;den daha invazivdir ve don\u00f6r b\u00f6lgede daha fazla postoperatif rahats\u0131zl\u0131\u011fa ve daha uzun bir iyile\u015fme s\u00fcresine neden olabilir.<\/li>\n\n\n\n<li><strong>Sa\u00e7 Derisi Gev\u015fekli\u011fi Gerektirir:<\/strong> Don\u00f6r kesinin minimal gerginlikle iyi bir \u015fekilde kapanmas\u0131 i\u00e7in yeterli kafa derisi gev\u015fekli\u011fine ihtiya\u00e7 vard\u0131r ve bu da ince bir yara izi olu\u015fmas\u0131na yard\u0131mc\u0131 olur.<\/li>\n<\/ul>\n<\/li>\n<\/ul>\n\n\n\n<h3 class=\"wp-block-heading\"><span class=\"ez-toc-section\" id=\"Recipient_Site_Creation_and_Graft_Insertion_in_the_Mid-Scalp_Working_Among_Existing_Hairs\"><\/span>Al\u0131c\u0131 B\u00f6lge Olu\u015fturma ve Orta Sa\u00e7 Derisine Greft Yerle\u015ftirme: Mevcut Sa\u00e7lar Aras\u0131nda \u00c7al\u0131\u015fma<span class=\"ez-toc-section-end\"><\/span><\/h3>\n\n\n\n<p>Bu, \u00f6zellikle do\u011fal sa\u00e7lar\u0131n mevcut oldu\u011fu yayg\u0131n incelmenin oldu\u011fu b\u00f6lgelerde, orta sa\u00e7 derisi restorasyonu i\u00e7in tart\u0131\u015fmas\u0131z en kritik ve teknik olarak en zorlay\u0131c\u0131 a\u015famad\u0131r.<\/p>\n\n\n\n<ul class=\"wp-block-list\">\n<li><strong>Site Olu\u015fturma:<\/strong> Cerrah, orta kafa derisi al\u0131c\u0131 b\u00f6lgesinde k\u00fc\u00e7\u00fck kesiler veya kanallar olu\u015fturmak i\u00e7in ince b\u0131\u00e7aklar veya i\u011fneler kullan\u0131r. Bu b\u00f6lgelerin yo\u011funlu\u011fu, a\u00e7\u0131s\u0131 ve y\u00f6n\u00fc, \u00f6zellikle sa\u00e7lar\u0131n s\u0131kl\u0131kla \u00f6ne ve hafif\u00e7e d\u0131\u015far\u0131 do\u011fru uzad\u0131\u011f\u0131 k\u0131s\u0131m \u00e7izgisi i\u00e7in \u00e7ok \u00f6nemli olan do\u011fal b\u00fcy\u00fcme d\u00fczenini taklit etmek i\u00e7in titizlikle planlan\u0131r. Cerrah dikkatli \u00e7al\u0131\u015fmal\u0131d\u0131r <em>aras\u0131nda<\/em> Mevcut minyat\u00fcr sa\u00e7lar, bu k\u0131r\u0131lgan folik\u00fcllerin zarar g\u00f6rmesini \u00f6nleyerek korunur.<\/li>\n\n\n\n<li><strong>A\u00e7\u0131 ve Y\u00f6n:<\/strong> Do\u011fru a\u00e7\u0131y\u0131 (sa\u00e7\u0131n ne kadar d\u00fcz veya dik uzad\u0131\u011f\u0131) ve y\u00f6n\u00fc (sa\u00e7\u0131n s\u00fcp\u00fcr\u00fclme \u015fekli) belirlemek, do\u011fal bir g\u00f6r\u00fcn\u00fcm ve kolay \u015fekillendirme i\u00e7in \u00e7ok \u00f6nemlidir. Orta kafa derisinde, bu genellikle sa\u00e7\u0131n kafa derisine d\u00fcz bir \u015fekilde uzanmas\u0131na ve do\u011fal sa\u00e7\u0131n mevcut ak\u0131\u015f\u0131n\u0131 takip etmesine izin vermek i\u00e7in nispeten d\u00fc\u015f\u00fck a\u00e7\u0131l\u0131 alanlar olu\u015fturmak anlam\u0131na gelir.<\/li>\n\n\n\n<li><strong>Greft Yerle\u015fimi:<\/strong> Hasat edilen greftler, olu\u015fturulan al\u0131c\u0131 b\u00f6lgelere nazik\u00e7e yerle\u015ftirilir. Bu, greftlerin v\u00fccut d\u0131\u015f\u0131nda kalma s\u00fcresini en aza indirmek ve hayatta kalmalar\u0131n\u0131 en \u00fcst d\u00fczeye \u00e7\u0131karmak i\u00e7in hassasiyet ve h\u0131z gerektirir. \u0130mplanter kalemleri kullanma gibi teknikler, bu s\u00fcreci kolayla\u015ft\u0131rmaya ve greftleri mevcut sa\u00e7lar\u0131n aras\u0131na yerle\u015ftirirken travmay\u0131 potansiyel olarak azaltmaya yard\u0131mc\u0131 olabilir. \u0130\u015flem boyunca hassas folik\u00fcler \u00fcnitelerin dikkatli bir \u015fekilde ele al\u0131nmas\u0131 esast\u0131r.<\/li>\n<\/ul>\n\n\n\n<p>Orta kafa derisi restorasyonunun ba\u015far\u0131s\u0131 b\u00fcy\u00fck \u00f6l\u00e7\u00fcde cerrah\u0131n mevcut sa\u00e7larda ustal\u0131kla gezinme, kusursuz bir \u015fekilde harmanlanan do\u011fal g\u00f6r\u00fcn\u00fcml\u00fc al\u0131c\u0131 b\u00f6lgeler olu\u015fturma ve y\u00fcksek greft sa\u011fkal\u0131m\u0131n\u0131 garantileme becerisine ba\u011fl\u0131d\u0131r.<\/p>\n\n\n\n<h2 class=\"wp-block-heading\"><span class=\"ez-toc-section\" id=\"Donor_Area_Considerations_for_Mid-Scalp_Transplant\"><\/span>Orta Sa\u00e7 Derisi Nakli \u0130\u00e7in Don\u00f6r Alan\u0131 Hususlar\u0131<span class=\"ez-toc-section-end\"><\/span><\/h2>\n\n\n\n<p>Her sa\u00e7 ekiminde oldu\u011fu gibi, orta kafa derisi ekiminin ba\u015far\u0131s\u0131 i\u00e7in don\u00f6r b\u00f6lgedeki sa\u00e7\u0131n kalitesi ve miktar\u0131 \u00e7ok \u00f6nemlidir.<\/p>\n\n\n\n<ul class=\"wp-block-list\">\n<li><strong>Don\u00f6r Yo\u011funlu\u011fu ve Kalitesi:<\/strong> Cerrah, don\u00f6r b\u00f6lgedeki (genellikle kafa derisinin arkas\u0131 ve yanlar\u0131) sa\u00e7 k\u00f6klerinin sa\u00e7 yo\u011funlu\u011funu, dokusunu, kalibresini (kal\u0131nl\u0131\u011f\u0131n\u0131) ve genel sa\u011fl\u0131\u011f\u0131n\u0131 de\u011ferlendirecektir, \u00e7\u00fcnk\u00fc bu fakt\u00f6rler orta kafa derisinde ne kadar kapsama ve yo\u011funlu\u011fun elde edilebilece\u011fini etkiler. Don\u00f6r b\u00f6lgedeki daha y\u00fcksek yo\u011funluk ve daha kal\u0131n sa\u00e7lar genellikle daha fazla greft ve daha iyi kapsama sa\u011flar.<\/li>\n\n\n\n<li><strong>Mevcut Greftlerin Tahmini:<\/strong> Cerrah, bir hastan\u0131n \u00f6mr\u00fc boyunca don\u00f6r b\u00f6lgesinden, o b\u00f6lgede g\u00f6zle g\u00f6r\u00fcl\u00fcr bir incelmeye neden olmadan g\u00fcvenli bir \u015fekilde al\u0131nabilecek toplam greft say\u0131s\u0131n\u0131 tahmin edecektir. Bu, orta kafa derisinde olu\u015fturulabilecek yo\u011funluk miktar\u0131n\u0131 s\u0131n\u0131rlar.<\/li>\n\n\n\n<li><strong>Ba\u011f\u0131\u015f\u00e7\u0131 Y\u00f6netimi:<\/strong> \u00d6zellikle orta kafa derisi veya di\u011fer b\u00f6lgelerdeki gelecekteki sa\u00e7 d\u00f6k\u00fclmesi ilerlemesi ek nakilleri gerektirebilirse, don\u00f6r alan\u0131 y\u00f6netmek i\u00e7in dikkatli planlama gerekir. Don\u00f6r alan\u0131n\u0131n a\u015f\u0131r\u0131 hasat edilmesi, g\u00f6r\u00fcn\u00fcm\u00fcn\u00fc korumak ve gelecek i\u00e7in se\u00e7enekleri korumak i\u00e7in \u00f6nlenmelidir.<\/li>\n\n\n\n<li><strong>Don\u00f6r B\u00f6lgesi Yara \u0130zi:<\/strong> Hastalar, se\u00e7ilen tekni\u011fin (FUT&#039;ta \u00e7izgisel yara izi, FUE&#039;de da\u011f\u0131n\u0131k nokta yara izi) sonucu olu\u015facak yara izinin t\u00fcr\u00fcn\u00fc ve bunun k\u0131sa sa\u00e7 modellerini kullanma yeteneklerini nas\u0131l etkileyebilece\u011fini anlamal\u0131d\u0131r.<\/li>\n<\/ul>\n\n\n\n<p>Don\u00f6r b\u00f6lgenin kapsaml\u0131 bir de\u011ferlendirmesi ve k\u0131s\u0131tlamalar\u0131 ile uzun vadeli y\u00f6netimi hakk\u0131nda tart\u0131\u015fma, kons\u00fcltasyonun \u00f6nemli bile\u015fenleridir.<\/p>\n\n\n\n<h2 class=\"wp-block-heading\"><span class=\"ez-toc-section\" id=\"The_Role_of_Density_and_Number_of_Grafts_in_Mid-Scalp_Restoration\"><\/span>Orta Sa\u00e7 Derisi Restorasyonunda Yo\u011funluk ve Greft Say\u0131s\u0131n\u0131n Rol\u00fc<span class=\"ez-toc-section-end\"><\/span><\/h2>\n\n\n\n<p>Orta sa\u00e7 derisi restorasyonunda tatmin edici bir yo\u011funlu\u011fa ula\u015fmak temel bir hedeftir, ancak yakla\u015f\u0131m yo\u011fun bir sa\u00e7 \u00e7izgisi olu\u015fturmaktan biraz farkl\u0131d\u0131r. Odak noktas\u0131 genellikle kapsama alan\u0131n\u0131 iyile\u015ftirmek ve sa\u00e7tan sa\u00e7 derisinin g\u00f6r\u00fcn\u00fcrl\u00fc\u011f\u00fcn\u00fc azaltmakt\u0131r, mutlaka bakir yo\u011funlu\u011fu yeniden yaratmaktan ziyade.<\/p>\n\n\n\n<ul class=\"wp-block-list\">\n<li><strong>Kapsam vs. Yo\u011funluk:<\/strong> Orta kafa derisinde yayg\u0131n incelme durumlar\u0131nda, kapsamay\u0131 iyile\u015ftirmek ve kafa derisinin g\u00f6r\u00fcnmesini azaltmak i\u00e7in greft yerle\u015ftirmek genellikle \u00f6nceliklendirilir. Gerekli greft say\u0131s\u0131, incelme alan\u0131n\u0131n b\u00fcy\u00fckl\u00fc\u011f\u00fcne ve istenen kapsama d\u00fczeyine ba\u011fl\u0131d\u0131r. Genellikle daha y\u00fcksek yo\u011funluk istense de, mevcut sa\u00e7lar\u0131n oldu\u011fu yayg\u0131n olarak incelme alan\u0131na tek bir seansta \u00e7ok fazla greft yerle\u015ftirmeye \u00e7al\u0131\u015fmak, kafa derisine ve mevcut folik\u00fcllere giden kan ak\u0131\u015f\u0131n\u0131 tehlikeye atabilir ve potansiyel olarak greftin hayatta kalma oran\u0131n\u0131n d\u00fc\u015fmesine veya do\u011fal sa\u00e7lar\u0131n \u015fok kayb\u0131n\u0131n artmas\u0131na yol a\u00e7abilir.<\/li>\n\n\n\n<li><strong>Mevcut Sa\u00e7la Kar\u0131\u015ft\u0131rma:<\/strong> Nakledilen greftlerin yo\u011funlu\u011fu, \u00f6zellikle yanlara ve \u00f6ne do\u011fru, daha y\u00fcksek yo\u011funluklu \u00e7evredeki alanlarla kusursuz bir \u015fekilde harmanlanacak \u015fekilde planlanmal\u0131d\u0131r. Tekli sa\u00e7 ve \u00e7oklu \u00fcnite greftlerinin bir kar\u0131\u015f\u0131m\u0131n\u0131 kullanmak, do\u011fal bir g\u00f6r\u00fcn\u00fcm yaratmaya yard\u0131mc\u0131 olur.<\/li>\n\n\n\n<li><strong>Greft Say\u0131s\u0131:<\/strong> Orta kafa derisi restorasyonu, bir b\u00f6l\u00fcm \u00e7izgisi boyunca k\u00fc\u00e7\u00fck incelme i\u00e7in birka\u00e7 y\u00fcz ile ba\u015f\u0131n tepesinde daha kapsaml\u0131 diff\u00fcz d\u00f6k\u00fclme i\u00e7in birka\u00e7 bin aras\u0131nda de\u011fi\u015fen \u00f6nemli say\u0131da greft gerektirebilir. Alan\u0131n potansiyel boyutu ve bir seansta a\u015f\u0131r\u0131 yo\u011funluktan ka\u00e7\u0131nma ihtiyac\u0131 nedeniyle, geni\u015f orta kafa derisi incelmesi, istenen kapsama ve yo\u011funluk seviyesine ula\u015fmak i\u00e7in birden fazla nakil seans\u0131 gerektirebilir.<\/li>\n\n\n\n<li><strong>Sa\u00e7 \u00d6zellikleri:<\/strong> Verici sa\u00e7\u0131n \u00f6zellikleri, kalibresi (kal\u0131nl\u0131\u011f\u0131), rengi ve k\u0131v\u0131rc\u0131kl\u0131\u011f\u0131 gibi \u00f6zellikler de yo\u011funlu\u011fun g\u00f6r\u00fcn\u00fcm\u00fcn\u00fc etkiler. Daha kal\u0131n, k\u0131v\u0131rc\u0131k sa\u00e7, ince, d\u00fcz sa\u00e7tan belirli say\u0131da greft i\u00e7in daha iyi bir kaplama sa\u011flar.<\/li>\n<\/ul>\n\n\n\n<p>Cerrah, don\u00f6r kayna\u011f\u0131na ve hastan\u0131n sa\u00e7 \u00f6zelliklerine ba\u011fl\u0131 olarak ger\u00e7ek\u00e7i yo\u011funluk hedefleri belirlemek i\u00e7in hasta ile birlikte \u00e7al\u0131\u015facak ve ger\u00e7ek\u00e7i bir \u015fekilde hangi kapsama d\u00fczeyinin elde edilebilece\u011fini a\u00e7\u0131klayacakt\u0131r.<\/p>\n\n\n\n<h2 class=\"wp-block-heading\"><span class=\"ez-toc-section\" id=\"Working_Among_Existing_Hairs_A_Key_Technical_Consideration\"><\/span>Mevcut T\u00fcyler Aras\u0131nda \u00c7al\u0131\u015fma: \u00d6nemli Bir Teknik Husus<span class=\"ez-toc-section-end\"><\/span><\/h2>\n\n\n\n<p>Daha \u00f6nce vurguland\u0131\u011f\u0131 gibi, orta kafa derisi restorasyonundaki temel teknik zorluklardan biri greftlerin naklidir <em>aras\u0131nda<\/em> Mevcut do\u011fal sa\u00e7lar, bir\u00e7o\u011fu minyat\u00fcr ve k\u0131r\u0131lgan olabilir. Bu, travmay\u0131 en aza indirmek ve hem nakledilen greftlerin hem de mevcut \u00e7evreleyen sa\u00e7lar\u0131n hayatta kalmas\u0131n\u0131 en \u00fcst d\u00fczeye \u00e7\u0131karmak i\u00e7in \u00f6zel beceri ve teknikler gerektirir.<\/p>\n\n\n\n<ul class=\"wp-block-list\">\n<li><strong>Do\u011fal Folik\u00fcllerin Hasar G\u00f6rmesini \u00d6nlemek:<\/strong> Al\u0131c\u0131 b\u00f6lgelerin olu\u015fturulmas\u0131 ve greftlerin yerle\u015ftirilmesi s\u0131ras\u0131nda cerrah, mevcut do\u011fal sa\u00e7 k\u00f6klerini kesmekten, yaralamaktan veya k\u00f6k\u00fcnden s\u00f6kmekten ka\u00e7\u0131nmak i\u00e7in a\u015f\u0131r\u0131 \u00f6zen g\u00f6stermelidir. Bu k\u00f6klere verilen hasar, bu sa\u00e7lar\u0131n kal\u0131c\u0131 olarak kayb\u0131na yol a\u00e7abilir.<\/li>\n\n\n\n<li><strong>\u015eok Kayb\u0131n\u0131 En Aza \u0130ndirmek:<\/strong> Mevcut sa\u00e7 bulunan bir b\u00f6lgede \u00e7al\u0131\u015f\u0131rken, yerel sa\u00e7lar\u0131n ge\u00e7ici \u015fok kayb\u0131 potansiyel bir risk olsa da, deneyimli cerrahlar bunu en aza indirmeyi ama\u00e7layan teknikler kullan\u0131rlar. Al\u0131c\u0131 b\u00f6lgeleri dikkatlice olu\u015fturmak, uygun boyutta aletler kullanmak ve greftlerin nazik\u00e7e tutulmas\u0131n\u0131 sa\u011flamak, kafa derisine ve \u00e7evresindeki folik\u00fcllere gelen travmay\u0131 azaltmaya yard\u0131mc\u0131 olabilir.<\/li>\n\n\n\n<li><strong>Al\u0131c\u0131 Site Bal\u0131k\u00e7\u0131l\u0131\u011f\u0131 ve Y\u00f6nlendirme:<\/strong> Sa\u00e7lar aras\u0131nda \u00e7al\u0131\u015f\u0131rken, al\u0131c\u0131 b\u00f6lgelerin mevcut sa\u00e7lar\u0131n do\u011fal y\u00f6n\u00fcne uyacak \u015fekilde hassas bir \u015fekilde a\u00e7\u0131l\u0131 olmas\u0131 \u00e7ok \u00f6nemlidir. Do\u011fal sa\u00e7lardan farkl\u0131 y\u00f6nlerde b\u00fcy\u00fcyen yanl\u0131\u015f hizalanm\u0131\u015f ekilen sa\u00e7lar, do\u011fal olmayan ve \u015fekillendirilmesi zor bir sonu\u00e7 yaratabilir.<\/li>\n\n\n\n<li><strong>Yerle\u015ftirme Teknikleri:<\/strong> &#039;Yap\u0131\u015ft\u0131r ve yerle\u015ftir&#039; y\u00f6ntemi (cerrah\u0131n al\u0131c\u0131 bir alan olu\u015fturdu\u011fu ve hemen greft yerle\u015ftirdi\u011fi) veya implanter kalemleri kullanma gibi teknikler, mevcut sa\u00e7 bulunan b\u00f6lgelerde avantajl\u0131 olabilir. \u00d6zellikle implanter kalemleri, greft yerle\u015ftirmenin derinli\u011fini, a\u00e7\u0131s\u0131n\u0131 ve y\u00f6n\u00fcn\u00fc daha hassas bir \u015fekilde kontrol etmeye yard\u0131mc\u0131 olabilir ve potansiyel olarak \u00e7evre dokulara olan travmay\u0131 azaltabilir.<\/li>\n<\/ul>\n\n\n\n<p>Yayg\u0131n seyrelme olan bir b\u00f6lgede \u00e7al\u0131\u015fman\u0131n karma\u015f\u0131kl\u0131\u011f\u0131, yaln\u0131zca teknik yeterlili\u011fe sahip bir cerrah\u0131 de\u011fil, ayn\u0131 zamanda optimum sonu\u00e7lar\u0131 garantilemek ve mevcut sa\u00e7larda geri d\u00f6n\u00fc\u015f\u00fc olmayan hasar gibi potansiyel komplikasyonlar\u0131 en aza indirmek i\u00e7in sa\u00e7 b\u00fcy\u00fcme d\u00fczenleri ve sa\u00e7 folik\u00fcl\u00fcn\u00fcn biyolojisi hakk\u0131nda derin bir anlay\u0131\u015fa sahip olmay\u0131 gerektirir.<\/p>\n\n\n\n<h2 class=\"wp-block-heading\"><span class=\"ez-toc-section\" id=\"Potential_Risks_and_Complications_of_Mid-Scalp_Restoration\"><\/span>Orta Sa\u00e7 Derisi Restorasyonunun Potansiyel Riskleri ve Komplikasyonlar\u0131<span class=\"ez-toc-section-end\"><\/span><\/h2>\n\n\n\n<p>Modern sa\u00e7 ekimi teknikleri \u00f6zellikle deneyimli ellerde rafine ve genel olarak g\u00fcvenli olsa da, sa\u00e7 ekimi ge\u00e7iren ki\u015filer <strong>T\u00fcrkiye&#039;de Orta Sa\u00e7 Derisi Restorasyonu<\/strong> Olas\u0131 risklerin ve komplikasyonlar\u0131n fark\u0131nda olunmal\u0131d\u0131r.<\/p>\n\n\n\n<ul class=\"wp-block-list\">\n<li><strong>\u015ei\u015fme:<\/strong> \u0130\u015flemden sonra al\u0131nda \u015fi\u015flik ve bazen g\u00f6zlere kadar uzanma g\u00f6r\u00fclebilir ve genellikle bir hafta i\u00e7inde d\u00fczelir.<\/li>\n\n\n\n<li><strong>A\u011fr\u0131 ve Rahats\u0131zl\u0131k:<\/strong> \u0130lk birka\u00e7 g\u00fcn i\u00e7erisinde don\u00f6r ve al\u0131c\u0131 b\u00f6lgede hafif ila orta \u015fiddette a\u011fr\u0131 veya rahats\u0131zl\u0131k olmas\u0131 beklenir ve bu durum ila\u00e7larla kontrol alt\u0131na al\u0131nabilir.<\/li>\n\n\n\n<li><strong>Uyu\u015fma ve Kar\u0131ncalanma:<\/strong> Sinir tutulumu nedeniyle don\u00f6r ve al\u0131c\u0131 b\u00f6lgelerde ge\u00e7ici uyu\u015fukluk veya his de\u011fi\u015fikli\u011fi yayg\u0131nd\u0131r ve genellikle haftalar veya aylar i\u00e7inde d\u00fczelir.<\/li>\n\n\n\n<li><strong>Kanama:<\/strong> \u0130\u015flem s\u0131ras\u0131nda veya hemen sonras\u0131nda hafif kanamalar meydana gelebilir. \u00d6nemli kanama veya hematom olu\u015fumu nadirdir.<\/li>\n\n\n\n<li><strong>Enfeksiyon:<\/strong> Steril teknikler ve antibiyotik kullan\u0131m\u0131yla nadir de olsa don\u00f6r veya al\u0131c\u0131 b\u00f6lgelerinde enfeksiyon riski vard\u0131r.<\/li>\n\n\n\n<li><strong>Zay\u0131f Greft Sa\u011fkal\u0131m\u0131:<\/strong> Nakledilen t\u00fcm greftler hayatta kal\u0131p b\u00fcy\u00fcmeyebilir ve bu da suboptimal yo\u011funlu\u011fa yol a\u00e7abilir. Fakt\u00f6rler aras\u0131nda cerrahi teknik, greft kullan\u0131m\u0131 ve al\u0131c\u0131 b\u00f6lge kan temini bulunur.<\/li>\n\n\n\n<li><strong>Yara izi:<\/strong> FUT ile don\u00f6r b\u00f6lgede do\u011frusal bir yara izi veya FUE ile k\u00fc\u00e7\u00fck da\u011f\u0131n\u0131k nokta yara izleri. G\u00f6r\u00fcn\u00fcm, tekni\u011fe, cerrah becerisine ve bireysel iyile\u015fmeye ba\u011fl\u0131 olarak de\u011fi\u015fir. Al\u0131c\u0131 b\u00f6lgede (orta kafa derisi) yara izi, do\u011fru teknikle son derece nadirdir.<\/li>\n\n\n\n<li><strong>Folik\u00fclit:<\/strong> Al\u0131c\u0131 b\u00f6lgede, genellikle tedavi edilebilen, k\u00fc\u00e7\u00fck sivilceler \u015feklinde g\u00f6r\u00fclen k\u0131l k\u00f6klerinin iltihaplanmas\u0131 meydana gelebilir.<\/li>\n\n\n\n<li><strong>Bat\u0131k K\u0131llar:<\/strong> Bazen bat\u0131k k\u0131llar k\u00fc\u00e7\u00fck \u015fi\u015fliklere neden olabilir.<\/li>\n\n\n\n<li><strong>\u015eok Kayb\u0131 (Al\u0131c\u0131 Alan):<\/strong> Bu, \u00f6zellikle orta kafa derisi i\u00e7in \u00f6nemli bir risktir. \u0130\u015flemin travmas\u0131, nakledilen greftleri \u00e7evreleyen mevcut do\u011fal sa\u00e7lar\u0131n ge\u00e7ici olarak d\u00f6k\u00fclmesine neden olabilir. Genellikle ge\u00e7ici olsa da (sa\u00e7lar aylar i\u00e7inde yeniden uzar), ba\u015flang\u0131\u00e7ta b\u00f6lgenin daha ince g\u00f6r\u00fcnmesine neden olabilir.<\/li>\n\n\n\n<li><strong>\u015eok Kayb\u0131 (Don\u00f6r Alan\u0131):<\/strong> \u00d6zellikle FUT tekni\u011finde don\u00f6r b\u00f6lgede ge\u00e7ici d\u00f6k\u00fclmeler de g\u00f6r\u00fclebilmektedir.<\/li>\n\n\n\n<li><strong>Do\u011fal Olmayan B\u00fcy\u00fcme Y\u00f6n\u00fc\/A\u00e7\u0131s\u0131:<\/strong> Yanl\u0131\u015f al\u0131c\u0131 b\u00f6lge olu\u015fturulmas\u0131, ekilen sa\u00e7lar\u0131n do\u011fal olmayan bir a\u00e7\u0131da veya y\u00f6nde uzamas\u0131na yol a\u00e7abilir, do\u011fal ak\u0131\u015f\u0131 bozabilir ve \u00f6zellikle orta sa\u00e7 \u00e7izgisinin d\u00fczeltilmesini zorla\u015ft\u0131racak \u015fekilde \u015fekillendirmeyi zorla\u015ft\u0131rabilir.<\/li>\n\n\n\n<li><strong>Kist Olu\u015fumu:<\/strong> Bazen al\u0131c\u0131 b\u00f6lgelerde k\u00fc\u00e7\u00fck kistler olu\u015fabilir.<\/li>\n<\/ul>\n\n\n\n<p>Kons\u00fcltasyon s\u0131ras\u0131nda bu risklerin ayr\u0131nt\u0131l\u0131 bir \u015fekilde tart\u0131\u015f\u0131lmas\u0131 esast\u0131r ve hastalar komplikasyonlar\u0131 en aza indirmek i\u00e7in ameliyat \u00f6ncesi ve sonras\u0131 t\u00fcm talimatlara uymal\u0131d\u0131r.<\/p>\n\n\n\n<h2 class=\"wp-block-heading\"><span class=\"ez-toc-section\" id=\"The_Recovery_Process_After_Mid-Scalp_Restoration\"><\/span>Orta Sa\u00e7 Derisi Restorasyonundan Sonraki \u0130yile\u015fme S\u00fcreci<span class=\"ez-toc-section-end\"><\/span><\/h2>\n\n\n\n<p>Orta kafa derisi sa\u00e7 ekiminden sonraki iyile\u015fme s\u00fcreci, ilk iyile\u015fmeyi, beklenen d\u00f6k\u00fclme evresini (yerli sa\u00e7lar\u0131n \u015fok kayb\u0131 dahil) ve yeni sa\u00e7 b\u00fcy\u00fcmesinin kademeli olarak ortaya \u00e7\u0131kmas\u0131n\u0131 i\u00e7erir.<\/p>\n\n\n\n<h3 class=\"wp-block-heading\"><span class=\"ez-toc-section\" id=\"Immediate_Post-Operative_Period_First_Few_Days\"><\/span>Ameliyat Sonras\u0131 Hemen D\u00f6nem (\u0130lk Birka\u00e7 G\u00fcn)<span class=\"ez-toc-section-end\"><\/span><\/h3>\n\n\n\n<ul class=\"wp-block-list\">\n<li><strong>Pansumanlar:<\/strong> Don\u00f6r b\u00f6lgeye pansuman uygulanabilir. Orta kafa derisi al\u0131c\u0131 b\u00f6lgesi genellikle a\u00e7\u0131k b\u0131rak\u0131l\u0131r veya hafif\u00e7e kapat\u0131l\u0131r, k\u0131zar\u0131kl\u0131k, k\u00fc\u00e7\u00fck kabuklar ve yeni nakledilen greftler g\u00f6r\u00fcl\u00fcr.<\/li>\n\n\n\n<li><strong>\u015ei\u015fme:<\/strong> Aln\u0131n ve potansiyel olarak g\u00f6z \u00e7evresinin \u015fi\u015fmesi yayg\u0131nd\u0131r, tipik olarak birka\u00e7 g\u00fcn i\u00e7inde zirveye ula\u015f\u0131r ve bir hafta i\u00e7inde azal\u0131r. Ba\u015f\u0131 y\u00fckseltmek yard\u0131mc\u0131 olur.<\/li>\n\n\n\n<li><strong>A\u011fr\u0131 ve Rahats\u0131zl\u0131k:<\/strong> Re\u00e7eteli a\u011fr\u0131 kesicilerle kontrol alt\u0131na al\u0131nabilir.<\/li>\n\n\n\n<li><strong>Uyku:<\/strong> Ba\u015f\u0131n\u0131z y\u00fcksekte olacak \u015fekilde uyuyun, kafa derisinin ortas\u0131ndaki greftlerin yerinden oynamamas\u0131na dikkat edin.<\/li>\n\n\n\n<li><strong>Kabuklanma:<\/strong> Al\u0131c\u0131 b\u00f6lgede, kafa derisinin ortas\u0131nda ve don\u00f6r alanda k\u00fc\u00e7\u00fck kabuklanmalar olu\u015fur.<\/li>\n<\/ul>\n\n\n\n<h3 class=\"wp-block-heading\"><span class=\"ez-toc-section\" id=\"First_Week\"><\/span>\u0130lk Hafta<span class=\"ez-toc-section-end\"><\/span><\/h3>\n\n\n\n<ul class=\"wp-block-list\">\n<li><strong>Y\u0131kama:<\/strong> Ameliyattan sonraki 1-3. g\u00fcnde, kabuklar\u0131n giderilmesine yard\u0131mc\u0131 olmak i\u00e7in klini\u011fin \u00f6zel talimatlar\u0131 do\u011frultusunda, kafa derisinin nazik\u00e7e y\u0131kanmas\u0131yla ba\u015flan\u0131r.<\/li>\n\n\n\n<li><strong>\u0130yile\u015ftirme:<\/strong> Don\u00f6r b\u00f6lge iyile\u015fmeye ba\u015flar (FUE noktalar\u0131 kapan\u0131r, FUT kesisi iyile\u015fir).<\/li>\n\n\n\n<li><strong>Al\u0131c\u0131 Alan\u0131 G\u00f6r\u00fcn\u00fcm\u00fc:<\/strong> Orta kafa derisinde k\u0131zar\u0131kl\u0131k ve kabuklanma. Ekilen greftler k\u0131sa k\u00f6kler halinde g\u00f6r\u00fcn\u00fcr.<\/li>\n<\/ul>\n\n\n\n<h3 class=\"wp-block-heading\"><span class=\"ez-toc-section\" id=\"Weeks_2-4\"><\/span>2-4. haftalar<span class=\"ez-toc-section-end\"><\/span><\/h3>\n\n\n\n<ul class=\"wp-block-list\">\n<li><strong>D\u00f6k\u00fclme (\u015eok Kayb\u0131):<\/strong> Ekilen sa\u00e7lar bu d\u00f6nemde d\u00f6k\u00fclecektir. En \u00f6nemlisi, orta kafa derisindeki mevcut do\u011fal sa\u00e7lar da ge\u00e7ici \u015fok kayb\u0131na u\u011frayabilir ve bu da b\u00f6lgenin ba\u015flang\u0131\u00e7ta prosed\u00fcrden \u00f6nce oldu\u011fundan daha ince g\u00f6r\u00fcnmesine neden olabilir. Bu, s\u00fcrecin normal, ancak bazen moral bozucu bir par\u00e7as\u0131d\u0131r.<\/li>\n\n\n\n<li><strong>Kabuklar Temiz:<\/strong> Yumu\u015fak bir y\u0131kamayla kafa derisindeki kabuklar\u0131n b\u00fcy\u00fck k\u0131sm\u0131 temizlenmelidir.<\/li>\n\n\n\n<li><strong>Don\u00f6r Alan\u0131:<\/strong> S\u00fcrekli iyile\u015fme. FUT diki\u015fleri\/z\u0131mbalar\u0131 genellikle 10-14 g\u00fcn civar\u0131nda al\u0131n\u0131r.<\/li>\n\n\n\n<li><strong>Etkinlik:<\/strong> Hafif aktivitelere kademeli d\u00f6n\u00fc\u015f. Genellikle 3. veya 4. haftaya kadar a\u011f\u0131r egzersizlerden ka\u00e7\u0131n\u0131lmal\u0131d\u0131r.<\/li>\n<\/ul>\n\n\n\n<h3 class=\"wp-block-heading\"><span class=\"ez-toc-section\" id=\"Months_1-3\"><\/span>1-3 Aylar<span class=\"ez-toc-section-end\"><\/span><\/h3>\n\n\n\n<ul class=\"wp-block-list\">\n<li><strong>Uykuda Kalma A\u015famas\u0131:<\/strong> Sa\u00e7 derisi \u00f6zellikle \u015fok d\u00f6k\u00fclme nedeniyle ince g\u00f6r\u00fcnebilir. Sa\u00e7 k\u00f6kleri cildin alt\u0131ndad\u0131r ve yeniden b\u00fcy\u00fcmeye haz\u0131rlanmaktad\u0131r.<\/li>\n\n\n\n<li><strong>Potansiyel Uyu\u015fma\/Ka\u015f\u0131nt\u0131:<\/strong> Kal\u0131c\u0131 olabilir.<\/li>\n<\/ul>\n\n\n\n<h3 class=\"wp-block-heading\"><span class=\"ez-toc-section\" id=\"Months_3-6\"><\/span>3-6 Aylar<span class=\"ez-toc-section-end\"><\/span><\/h3>\n\n\n\n<ul class=\"wp-block-list\">\n<li><strong>\u0130lk Yeniden B\u00fcy\u00fcme:<\/strong> Nakledilen folik\u00fcllerden yeni sa\u00e7lar \u00e7\u0131kmaya ba\u015flar. Bunlar ba\u015flang\u0131\u00e7ta ince ve seyrektir. \u015eok d\u00f6k\u00fclme nedeniyle kaybedilen do\u011fal sa\u00e7lar da yeniden \u00e7\u0131kmaya ba\u015flamal\u0131d\u0131r.<\/li>\n\n\n\n<li><strong>Kademeli \u0130yile\u015fme:<\/strong> Sa\u00e7 telleri uzad\u0131k\u00e7a, sa\u00e7 derisinin ortas\u0131ndaki yo\u011funluk artmaya ba\u015flar.<\/li>\n<\/ul>\n\n\n\n<h3 class=\"wp-block-heading\"><span class=\"ez-toc-section\" id=\"Months_6-12\"><\/span>6-12. Aylar<span class=\"ez-toc-section-end\"><\/span><\/h3>\n\n\n\n<ul class=\"wp-block-list\">\n<li><strong>\u00d6nemli B\u00fcy\u00fcme:<\/strong> Sa\u00e7 uzamas\u0131 h\u0131zlan\u0131r. Ekilen sa\u00e7lar daha kal\u0131n ve uzun olur.<\/li>\n\n\n\n<li><strong>Artan Yo\u011funluk:<\/strong> Orta kafa derisindeki yo\u011funluk g\u00f6zle g\u00f6r\u00fcl\u00fcr \u015fekilde artar.<\/li>\n\n\n\n<li><strong>\u015eekillendirme:<\/strong> Sa\u00e7lar uzad\u0131k\u00e7a \u015fekillendirmek ve kalan inceli\u011fi veya iyile\u015fen g\u00f6r\u00fcnt\u00fcy\u00fc gizlemek daha kolay hale gelir.<\/li>\n<\/ul>\n\n\n\n<h3 class=\"wp-block-heading\"><span class=\"ez-toc-section\" id=\"Months_12-18\"><\/span>12-18+ Aylar<span class=\"ez-toc-section-end\"><\/span><\/h3>\n\n\n\n<ul class=\"wp-block-list\">\n<li><strong>Sonu\u00e7lar:<\/strong> Orta kafa derisi b\u00f6lgesinin son yo\u011funlu\u011fu ve g\u00f6r\u00fcn\u00fcm\u00fc de\u011ferlendirilir. Sa\u00e7 olgunla\u015fmaya devam eder. Ekilen alan, \u00e7evredeki sa\u00e7larla iyi bir \u015fekilde harmanlanmal\u0131, daha iyi bir kapsama sa\u011flamal\u0131 ve kafa derisi g\u00f6r\u00fcn\u00fcrl\u00fc\u011f\u00fcn\u00fc azaltmal\u0131d\u0131r.<\/li>\n<\/ul>\n\n\n\n<p>Bu zaman \u00e7izelgesini ve ge\u00e7ici \u015fok kay\u0131p a\u015famas\u0131n\u0131 anlamak, iyile\u015fme s\u0131ras\u0131nda beklentileri y\u00f6netmek i\u00e7in \u00e7ok \u00f6nemlidir.<\/p>\n\n\n\n<h2 class=\"wp-block-heading\"><span class=\"ez-toc-section\" id=\"Growth_Timeline_and_Results_for_Mid-Scalp_Restoration\"><\/span>Orta Sa\u00e7 Derisi Restorasyonu i\u00e7in B\u00fcy\u00fcme Zaman \u00c7izelgesi ve Sonu\u00e7lar\u0131<span class=\"ez-toc-section-end\"><\/span><\/h2>\n\n\n\n<p>Orta kafa derisinde do\u011fal g\u00f6r\u00fcn\u00fcml\u00fc bir sonu\u00e7 elde etmek, ekilen sa\u00e7\u0131 mevcut sa\u00e7la harmanlamak ve uygun yo\u011funluk ve y\u00f6n olu\u015fturmak i\u00e7in titiz bir planlama ve uygulama gerektirir. Son sonu\u00e7, ekilen b\u00f6lgenin kafa derisinin geri kalan\u0131yla ne kadar iyi b\u00fct\u00fcnle\u015fti\u011fine g\u00f6re de\u011ferlendirilir.<\/p>\n\n\n\n<ul class=\"wp-block-list\">\n<li><strong>Erken D\u00f6nem (0-3 ay):<\/strong> Do\u011fal sa\u00e7lar\u0131n \u015fok kayb\u0131 nedeniyle g\u00f6r\u00fcn\u00fcm ge\u00e7ici olarak k\u00f6t\u00fcle\u015febilir. \u00d6nemli bir ekilmi\u015f sa\u00e7 b\u00fcy\u00fcmesi g\u00f6r\u00fclmez.<\/li>\n\n\n\n<li><strong>\u0130lk B\u00fcy\u00fcme (3-6 ay):<\/strong> \u0130nce, seyrek t\u00fcyler \u00e7\u0131kmaya ba\u015flar. Yava\u015f yava\u015f, belirgin olmayan bir iyile\u015fme.<\/li>\n\n\n\n<li><strong>\u00d6nemli B\u00fcy\u00fcme (6-12 ay):<\/strong> Yo\u011funluk ve uzunlukta g\u00f6zle g\u00f6r\u00fcl\u00fcr art\u0131\u015f. Alan daha dolgun g\u00f6r\u00fcnmeye ba\u015flar.<\/li>\n\n\n\n<li><strong>Son Olgunla\u015fma (12-18+ ay):<\/strong> Sa\u00e7 kal\u0131nla\u015fmaya devam ediyor. Son yo\u011funluk elde ediliyor. Do\u011fal sa\u00e7la harmanlama tamamlan\u0131yor.<\/li>\n<\/ul>\n\n\n\n<p>Orta kafa derisinde elde edilen yo\u011funluk ba\u015far\u0131 i\u00e7in \u00e7ok \u00f6nemlidir. Ama\u00e7, asla kel olmayan bir kafa derisinin yo\u011funlu\u011funa ula\u015fmaktan ziyade, kafa derisi g\u00f6r\u00fcn\u00fcrl\u00fc\u011f\u00fcn\u00fc azaltmak ve dolgunluk hissi yaratmak i\u00e7in yeterli kapsama sa\u011flamakt\u0131r. G\u00f6r\u00fcn\u00fcm ayr\u0131ca sa\u00e7 \u00f6zelliklerine (kal\u0131nl\u0131k, renk, k\u0131vr\u0131m) ve ekilen sa\u00e7\u0131n do\u011fal b\u00fcy\u00fcme y\u00f6n\u00fcn\u00fc ne kadar iyi takip etti\u011fine, \u00f6zellikle de ayr\u0131m \u00e7izgisinde, b\u00fcy\u00fck \u00f6l\u00e7\u00fcde ba\u011fl\u0131d\u0131r.<\/p>\n\n\n\n<p>\u0130lerleyen sa\u00e7 d\u00f6k\u00fclmesi ya\u015fayan hastalar, nakledilen sa\u00e7lar\u0131n kal\u0131c\u0131 oldu\u011funu ancak \u00e7evredeki do\u011fal sa\u00e7lar\u0131n zamanla incelmeye devam edebilece\u011fini ve genel sonucu korumak i\u00e7in gelecekte prosed\u00fcrlere veya uzun vadeli t\u0131bbi tedaviye ihtiya\u00e7 duyabilece\u011fini bilmelidir.<\/p>\n\n\n\n<h2 class=\"wp-block-heading\"><span class=\"ez-toc-section\" id=\"Mid-Scalp_Restoration_in_Turkey_Why_Choose_Turkey\"><\/span>T\u00fcrkiye&#039;de Orta Sa\u00e7 Derisi Restorasyonu: Neden T\u00fcrkiye&#039;yi Se\u00e7melisiniz?<span class=\"ez-toc-section-end\"><\/span><\/h2>\n\n\n\n<p>T\u00fcrkiye, sa\u00e7 ekimi konusunda d\u00fcnya lideri haline gelerek, sa\u00e7 ekimi arayan hastalar\u0131 cezbetmektedir. <strong>T\u00fcrkiye&#039;de Orta Sa\u00e7 Derisi Restorasyonu<\/strong> birka\u00e7 zorlay\u0131c\u0131 fakt\u00f6r nedeniyle:<\/p>\n\n\n\n<ul class=\"wp-block-list\">\n<li><strong>Y\u00fcksek Hacim ve Deneyim:<\/strong> \u00d6zellikle b\u00fcy\u00fck \u015fehirlerdeki T\u00fcrk klinikleri, y\u00fcksek hacimli sa\u00e7 ekimi prosed\u00fcrleri ger\u00e7ekle\u015ftirir. Bu kapsaml\u0131 deneyim, cerrahlar\u0131n ve t\u0131bbi ekiplerin genellikle mevcut sa\u00e7lar aras\u0131nda \u00e7al\u0131\u015fmay\u0131 i\u00e7eren orta kafa derisi restorasyonu gibi karma\u015f\u0131k vakalar da dahil olmak \u00fczere en son tekniklerde olduk\u00e7a yetenekli oldu\u011fu anlam\u0131na gelir. Sa\u00e7 restorasyonunda uzmanla\u015fm\u0131\u015f bir\u00e7ok cerrah\u0131n dermatoloji veya plastik cerrahide g\u00fc\u00e7l\u00fc bir ge\u00e7mi\u015fi vard\u0131r.<\/li>\n\n\n\n<li><strong>\u0130leri Teknoloji:<\/strong> T\u00fcrkiye&#039;deki sayg\u0131n klinikler, hem FUE hem de FUT teknikleri i\u00e7in modern teknoloji ile donat\u0131lm\u0131\u015f olup, \u00f6zellikle orta kafa derisi gibi yo\u011fun veya hassas b\u00f6lgelere hassas yerle\u015ftirme i\u00e7in \u00f6zel olarak tasarlanm\u0131\u015f aletler de dahil olmak \u00fczere geli\u015fmi\u015f aletler kullanmaktad\u0131r.<\/li>\n\n\n\n<li><strong>Maliyet Etkinli\u011fi:<\/strong> T\u00fcrkiye&#039;de sa\u00e7 ekiminin maliyeti genellikle Bat\u0131 Avrupa veya Kuzey Amerika&#039;dakinden \u00f6nemli \u00f6l\u00e7\u00fcde daha d\u00fc\u015f\u00fckt\u00fcr ve bu da onu bir\u00e7ok ki\u015fi i\u00e7in cazip bir se\u00e7enek haline getirir. Bu uygun fiyat, hastalar\u0131n sayg\u0131n kliniklerde y\u00fcksek bak\u0131m standartlar\u0131n\u0131 korurken, ba\u015fka yerlerde m\u00fcmk\u00fcn olabilecekten daha kapsaml\u0131 prosed\u00fcrlere veya daha y\u00fcksek greft say\u0131lar\u0131na eri\u015fmesini sa\u011flar.<\/li>\n\n\n\n<li><strong>Kapsaml\u0131 Paketler:<\/strong> Bir\u00e7ok klinik, cerrahi \u00fccretler, anestezi, konaklama, transferler ve ameliyat sonras\u0131 bak\u0131m\u0131 kapsayan her \u015fey dahil paketler sunarak uluslararas\u0131 hastalar i\u00e7in lojisti\u011fi kolayla\u015ft\u0131r\u0131yor.<\/li>\n\n\n\n<li><strong>Kurulmu\u015f T\u0131bbi Turizm:<\/strong> T\u00fcrkiye, uluslararas\u0131 hastalara \u00f6zel hizmet veren, \u00e7ok dilli destek ve ak\u0131c\u0131 hizmetler sunan \u00e7ok say\u0131da klini\u011fiyle iyi geli\u015fmi\u015f bir sa\u011fl\u0131k turizmi altyap\u0131s\u0131na sahiptir.<\/li>\n<\/ul>\n\n\n\n<p><strong>T\u00fcrkiye&#039;de Orta Sa\u00e7 Derisi Restorasyonu \u0130\u00e7in Bir Klinik Se\u00e7imi:<\/strong><\/p>\n\n\n\n<p>Se\u00e7eneklerin \u00e7oklu\u011fu g\u00f6z \u00f6n\u00fcne al\u0131nd\u0131\u011f\u0131nda, \u00f6zellikle orta kafa derisi \u00e7al\u0131\u015fmas\u0131n\u0131n teknik zorluklar\u0131 i\u00e7in do\u011fru klinik ve cerrah\u0131 se\u00e7mek son derece \u00f6nemlidir:<\/p>\n\n\n\n<ul class=\"wp-block-list\">\n<li><strong>Cerrah\u0131n Uzmanl\u0131k Alan\u0131:<\/strong> Cerrah\u0131n orta kafa derisi sa\u00e7 ekimi ve mevcut sa\u00e7lar aras\u0131nda \u00e7al\u0131\u015fma konusundaki \u00f6zel deneyimini ara\u015ft\u0131r\u0131n. Kimlik bilgilerini, kurul sertifikalar\u0131n\u0131 ve uluslararas\u0131 sa\u00e7 restorasyon topluluklar\u0131ndaki \u00fcyelikleri sorun. Cerrah\u0131n yo\u011funluk ve y\u00f6n planlamadaki sanatsal becerisi \u00f6zellikle orta kafa derisi i\u00e7in \u00f6nemlidir.<\/li>\n\n\n\n<li><strong>\u00d6nce ve Sonra Foto\u011fraflar\u0131:<\/strong> Cerrah\u0131n orta sa\u00e7 derisi restorasyon sonu\u00e7lar\u0131n\u0131n kapsaml\u0131 portf\u00f6y\u00fcn\u00fc inceleyin; elde edilen yo\u011funlu\u011fa, mevcut sa\u00e7la do\u011fal bir \u015fekilde harmanlanmas\u0131na ve ayr\u0131m \u00e7izgisinin g\u00f6r\u00fcn\u00fcm\u00fcne dikkat edin.<\/li>\n\n\n\n<li><strong>Klinik \u0130tibar\u0131 ve Yorumlar\u0131:<\/strong> Benzer prosed\u00fcrlerden ge\u00e7mi\u015f hastalardan olumlu yorumlar alan sayg\u0131n klinikleri aray\u0131n. Ba\u011f\u0131ms\u0131z inceleme platformlar\u0131n\u0131 kontrol edin.<\/li>\n\n\n\n<li><strong>Dan\u0131\u015fmanl\u0131k Kalitesi:<\/strong> Cerrahla (y\u00fcz y\u00fcze veya g\u00f6r\u00fcnt\u00fcl\u00fc g\u00f6r\u00fc\u015fme yoluyla) ideal olarak do\u011frudan kapsaml\u0131 bir kons\u00fcltasyon \u015fartt\u0131r. Orta kafa derisi sa\u00e7 d\u00f6k\u00fclmenizi ve don\u00f6r alan\u0131n\u0131z\u0131 dikkatlice de\u011ferlendirmeli, ger\u00e7ek\u00e7i sonu\u00e7lar\u0131, olas\u0131 zorluklar\u0131 (\u015fok d\u00f6k\u00fclmesi gibi) tart\u0131\u015fmal\u0131 ve mevcut sa\u00e7lar\u0131n\u0131z aras\u0131nda \u00e7al\u0131\u015fmak i\u00e7in belirli teknik yakla\u015f\u0131mlar\u0131n\u0131 a\u00e7\u0131klamal\u0131d\u0131rlar.<\/li>\n\n\n\n<li><strong>Teknik Yeterlilik:<\/strong> Klini\u011fin, sizin durumunuza en uygun teknikte (FUE veya FUT veya her ikisi) uzman oldu\u011fundan emin olun.<\/li>\n\n\n\n<li><strong>Ameliyat Sonras\u0131 Bak\u0131m:<\/strong> Ameliyat sonras\u0131 bak\u0131m\u0131n ayr\u0131nt\u0131lar\u0131n\u0131, talimatlar, takip prosed\u00fcrleri ve eve d\u00f6nd\u00fckten sonra soru veya endi\u015feleriniz i\u00e7in eri\u015filebilirlik dahil olmak \u00fczere onaylay\u0131n. G\u00fcvenilir ameliyat sonras\u0131 destek hayati \u00f6nem ta\u015f\u0131r.<\/li>\n<\/ul>\n\n\n\n<p>Bir klinik ve cerrah se\u00e7mek \u00f6zen gerektirir ve en d\u00fc\u015f\u00fck fiyattan ziyade deneyim ve kaliteye \u00f6ncelik verir. Etkili orta kafa derisi restorasyonu y\u00fcksek d\u00fczeyde teknik beceri ve sanatsal yarg\u0131 gerektirir.<\/p>\n\n\n\n<h2 class=\"wp-block-heading\"><span class=\"ez-toc-section\" id=\"Alternatives_and_Adjunctive_Treatments_for_Mid-Scalp_Hair_Loss\"><\/span>Orta Sa\u00e7 Derisi Sa\u00e7 D\u00f6k\u00fclmesine Y\u00f6nelik Alternatifler ve Yard\u0131mc\u0131 Tedaviler<span class=\"ez-toc-section-end\"><\/span><\/h2>\n\n\n\n<p>Sa\u00e7 ekimi, \u00f6zellikle belirgin incelme olan b\u00f6lgelerde orta kafa derisinin yo\u011funlu\u011funu art\u0131rmak i\u00e7in olduk\u00e7a etkili bir y\u00f6ntem olsa da, di\u011fer cerrahi olmayan tedaviler ba\u011f\u0131ms\u0131z olarak veya cerrahiyle birlikte kullan\u0131labilir. Bir dermatolo\u011fun bak\u0131\u015f a\u00e7\u0131s\u0131ndan, multimodal bir yakla\u015f\u0131m, orta kafa derisinin ilerleyici sa\u00e7 d\u00f6k\u00fclmesini y\u00f6netmek i\u00e7in genellikle en etkili stratejidir.<\/p>\n\n\n\n<ul class=\"wp-block-list\">\n<li><strong>T\u0131bbi Tedaviler:<\/strong>\n<ul class=\"wp-block-list\">\n<li><strong>Topikal Minoksidil:<\/strong> Sa\u00e7 b\u00fcy\u00fcmesini te\u015fvik etmeye ve minyat\u00fcrle\u015fmeyi yava\u015flatmaya yard\u0131mc\u0131 olabilen, genellikle orta kafa derisi ve tepe b\u00f6lgelerinde iyi sonu\u00e7lar g\u00f6steren re\u00e7etesiz bir tedavi. S\u00fcrekli olarak kullan\u0131l\u0131r.<\/li>\n\n\n\n<li><strong>A\u011f\u0131zdan Finasterid (Erkekler):<\/strong> DHT seviyelerini azaltan ve orta kafa derisi ve tepede minyat\u00fcrle\u015fmeyi yava\u015flatmada veya tersine \u00e7evirmede etkili olan re\u00e7eteli bir ila\u00e7. T\u0131bbi g\u00f6zetim alt\u0131nda uzun s\u00fcreli kullan\u0131l\u0131r.<\/li>\n\n\n\n<li><strong>Oral Minoxidil (Etiket d\u0131\u015f\u0131 kullan\u0131m, art\u0131\u015f):<\/strong> D\u00fc\u015f\u00fck doz oral minoksidil, orta kafa derisi de dahil olmak \u00fczere yayg\u0131n incelme ya\u015fayan hem erkekler hem de kad\u0131nlar i\u00e7in giderek daha fazla etiket d\u0131\u015f\u0131 kullan\u0131lmaktad\u0131r. Olas\u0131 yan etkiler nedeniyle t\u0131bbi g\u00f6zetim gerektirir.<\/li>\n\n\n\n<li><strong>Anti-androjenler (Kad\u0131nlar):<\/strong> Spironolakton gibi ila\u00e7lar, androjen etkilerini engellemek i\u00e7in kad\u0131nlara re\u00e7ete edilebilir ve bu sayede sa\u00e7 derisinin ortas\u0131 gibi b\u00f6lgelerdeki sa\u00e7 d\u00f6k\u00fclmesini yava\u015flatabilir. T\u0131bbi g\u00f6zetim gerektirir.<\/li>\n<\/ul>\n<\/li>\n\n\n\n<li><strong>Trombositten Zengin Plazma (PRP) Tedavisi:<\/strong> Hastan\u0131n kendi kan\u0131ndan al\u0131nan konsantre b\u00fcy\u00fcme fakt\u00f6rlerinin kafa derisine enjekte edilmesini i\u00e7erir. Sa\u00e7 k\u00f6klerini uyarmaya ve kafa derisi sa\u011fl\u0131\u011f\u0131n\u0131 iyile\u015ftirmeye yard\u0131mc\u0131 olabilir, genellikle nakil sonu\u00e7lar\u0131n\u0131 iyile\u015ftirmek i\u00e7in yard\u0131mc\u0131 bir tedavi olarak veya daha hafif incelme i\u00e7in tek ba\u015f\u0131na bir se\u00e7enek olarak kullan\u0131l\u0131r.<\/li>\n\n\n\n<li><strong>D\u00fc\u015f\u00fck Seviyeli Lazer Terapisi (LLLT):<\/strong> Folik\u00fclleri potansiyel olarak uyarmak i\u00e7in \u0131\u015f\u0131k enerjisi kullanan cihazlar. Sonu\u00e7lar genellikle m\u00fctevaz\u0131d\u0131r ve s\u00fcrekli kullan\u0131m gerektirir.<\/li>\n\n\n\n<li><strong>Sa\u00e7l\u0131 Deri Mikropigmentasyonu (SMP):<\/strong> Sa\u00e7 derisinde minik sa\u00e7 k\u00f6klerinin g\u00f6r\u00fcn\u00fcm\u00fcn\u00fc yaratan bir kozmetik d\u00f6vme tekni\u011fi. Sa\u00e7 derisinin ortas\u0131ndaki incelmeyi etkili bir \u015fekilde kamufle edebilir, sa\u00e7 derisi ile sa\u00e7 aras\u0131ndaki kontrast\u0131 azaltabilir ve yo\u011funluk yan\u0131lsamas\u0131 yaratabilir.<\/li>\n\n\n\n<li><strong>Sa\u00e7 Lifleri, Kapat\u0131c\u0131lar ve \u015eekillendirme Teknikleri:<\/strong> Sa\u00e7lar\u0131n daha dolgun g\u00f6r\u00fcnmesini ve seyrelmelerin gizlenmesini sa\u011flayan ge\u00e7ici kozmetik \u00e7\u00f6z\u00fcmler.<\/li>\n<\/ul>\n\n\n\n<p>\u00d6zellikle kad\u0131n tipi sa\u00e7 d\u00f6k\u00fclmesinde yayg\u0131n olan orta kafa derisindeki yayg\u0131n incelme i\u00e7in t\u0131bbi tedaviler genellikle ilk savunma hatt\u0131d\u0131r ve bazen tatmin edici iyile\u015fme sa\u011flayabilir. Ancak, daha belirgin yo\u011funluk kayb\u0131 olan b\u00f6lgeler i\u00e7in sa\u00e7 ekimi, kapsama alan\u0131n\u0131 geri kazand\u0131rmak i\u00e7in daha kal\u0131c\u0131 bir \u00e7\u00f6z\u00fcm sunar. Mevcut yo\u011funlu\u011fu ve sa\u00e7 d\u00f6k\u00fclmesinin altta yatan ilerleyici do\u011fas\u0131n\u0131 ele alarak sonu\u00e7lar\u0131 en \u00fcst d\u00fczeye \u00e7\u0131karmak ve s\u00fcrd\u00fcrmek i\u00e7in t\u0131bbi tedaviyi ekimle birle\u015ftirmek s\u0131kl\u0131kla \u00f6nerilir.<\/p>\n\n\n\n<h2 class=\"wp-block-heading\"><span class=\"ez-toc-section\" id=\"Conclusion\"><\/span>\u00c7\u00f6z\u00fcm<span class=\"ez-toc-section-end\"><\/span><\/h2>\n\n\n\n<p><strong>T\u00fcrkiye&#039;de Orta Sa\u00e7 Derisi Restorasyonu<\/strong> sa\u00e7 derisinin merkezi, genellikle olduk\u00e7a g\u00f6r\u00fcn\u00fcr b\u00f6lgesindeki sa\u00e7 d\u00f6k\u00fclmesini ele almak i\u00e7in sofistike bir yakla\u015f\u0131m sunar. Bu b\u00f6lgenin s\u0131kl\u0131kla androgenetik alopesiden etkilendi\u011fini, genellikle yayg\u0131n incelme veya geni\u015fleyen bir k\u0131s\u0131m olarak ortaya \u00e7\u0131kt\u0131\u011f\u0131n\u0131 anlamak, etkili bir tedavi aray\u0131\u015f\u0131nda ilk ad\u0131md\u0131r. Mevcut, genellikle minyat\u00fcrle\u015ftirilmi\u015f, do\u011fal sa\u00e7lar aras\u0131nda \u00e7al\u0131\u015fman\u0131n teknik zorluklar\u0131, orta sa\u00e7 derisi naklini y\u00fcksek d\u00fczeyde cerrahi beceri ve sanat gerektiren bir prosed\u00fcr haline getirir.<\/p>\n\n\n\n<p>FUE veya FUT kullan\u0131lmas\u0131 fark etmeksizin, orta kafa derisi restorasyonunun ba\u015far\u0131s\u0131 titiz planlamaya, do\u011fal sa\u00e7 y\u00f6n\u00fcn\u00fc ve a\u00e7\u0131s\u0131n\u0131 (\u00f6zellikle ara \u00e7izgi i\u00e7in) taklit etmek i\u00e7in hassas al\u0131c\u0131 b\u00f6lge olu\u015fturulmas\u0131na, dikkatli greft kullan\u0131m\u0131na ve \u00e7evredeki sa\u00e7larla kusursuz bir \u015fekilde harmanlanmak i\u00e7in uygun yo\u011funluk planlamas\u0131na dayan\u0131r. Mevcut do\u011fal sa\u00e7larda ge\u00e7ici \u015fok kayb\u0131 riski, kons\u00fcltasyon s\u0131ras\u0131nda tart\u0131\u015f\u0131lmas\u0131 gereken bu alan i\u00e7in \u00f6zel bir husustur.<\/p>\n\n\n\n<p>T\u00fcrkiye, deneyimli cerrahlara, geli\u015fmi\u015f tekniklere ve sa\u00e7 ekimi d\u00fc\u015f\u00fcnenlere rekabet\u00e7i fiyatlara eri\u015fim sa\u011flayarak sa\u00e7 ekimi i\u00e7in \u00f6nde gelen k\u00fcresel bir merkez olarak ortaya \u00e7\u0131km\u0131\u015ft\u0131r. <strong>Orta Sa\u00e7 Derisi Restorasyonu<\/strong>Ancak, orta kafa derisi \u00e7al\u0131\u015fmas\u0131n\u0131n benzersiz karma\u015f\u0131kl\u0131klar\u0131n\u0131 ele alabilecek bir sa\u011flay\u0131c\u0131 se\u00e7mek i\u00e7in cerrah\u0131n kimlik bilgileri, klinik itibar\u0131 ve \u00f6ncesi-sonras\u0131 sonu\u00e7lar\u0131n\u0131n incelenmesi konusunda titiz bir ara\u015ft\u0131rma yapmak \u00e7ok \u00f6nemlidir.<\/p>\n\n\n\n<p>Sa\u00e7 ekimi, nakledilen folik\u00fcllerle yo\u011funlu\u011fu geri kazand\u0131rmak i\u00e7in kal\u0131c\u0131 bir \u00e7\u00f6z\u00fcm sunarken, genellikle kapsaml\u0131 bir sa\u00e7 d\u00f6k\u00fclmesi y\u00f6netim stratejisinin par\u00e7as\u0131 olarak ele al\u0131nmas\u0131 en iyisidir; bu strateji, mevcut do\u011fal sa\u00e7\u0131 korumaya ve genel estetik sonucu zaman i\u00e7inde korumaya yard\u0131mc\u0131 olmak i\u00e7in uzun vadeli t\u0131bbi tedavileri (Minoxidil veya Finasteride gibi) i\u00e7erebilir. Orta kafa derisinde incelme konusunda endi\u015fe duyan ki\u015filer i\u00e7in, kalifiye bir sa\u00e7 restorasyonu uzman\u0131 veya dermatologla g\u00f6r\u00fc\u015fmek, se\u00e7eneklerini anlama ve restorasyon i\u00e7in ki\u015fiselle\u015ftirilmi\u015f bir plan geli\u015ftirme yolunda kritik ilk ad\u0131md\u0131r.<\/p>\n\n\n\n<p>G\u00fcvendi\u011finiz Dr. Ebru Okyay&#039;\u0131n uzmanl\u0131\u011f\u0131n\u0131 ke\u015ffedin\u00a0<a href=\"https:\/\/drebruokyay.com\/tr\/hakkimizda\/\" target=\"_blank\" rel=\"noreferrer noopener\">dermatolog<\/a>\u00a0i\u00e7inde\u00a0<a href=\"https:\/\/antalya.goturkiye.com\/homepage\" target=\"_blank\" rel=\"noreferrer noopener nofollow\">Antalya<\/a>. \u0130ster t\u0131bbi cilt sorunlar\u0131n\u0131z\u0131 gidermek, ister kozmetik tedavilerle do\u011fal g\u00fczelli\u011finizi art\u0131rmak isteyin, Dr. Okyay size yard\u0131mc\u0131 olmak i\u00e7in burada. Ki\u015fiselle\u015ftirilmi\u015f bak\u0131m ve geli\u015fmi\u015f tekniklerle, cilt hedeflerinize ula\u015fmak hi\u00e7 bu kadar kolay olmam\u0131\u015ft\u0131.<\/p>","protected":false},"excerpt":{"rendered":"<p>Sa\u00e7 d\u00f6k\u00fclmesi, ki\u015finin \u00f6z imaj\u0131n\u0131 ve \u00f6zg\u00fcvenini \u00f6nemli \u00f6l\u00e7\u00fcde etkileyebilen, son derece ki\u015fisel ve \u00e7o\u011fu zaman \u00fcz\u00fcc\u00fc bir deneyimdir. Sa\u00e7 \u00e7izgisinde incelme veya tepe b\u00f6lgesinde g\u00f6r\u00fcn\u00fcr kellik yayg\u0131n olarak konu\u015fulurken, sa\u00e7 \u00e7izgisi ile tepe aras\u0131ndaki b\u00f6lge olan orta kafa derisi b\u00f6lgesini etkileyen sa\u00e7 d\u00f6k\u00fclmesi de ayn\u0131 derecede yayg\u0131nd\u0131r ve hem te\u015fhis hem de tedavi a\u00e7\u0131s\u0131ndan benzersiz zorluklar sunar. Genellikle yayg\u0131n incelme, geni\u015fleyen bir ayr\u0131m \u00e7izgisi veya ba\u015f\u0131n \u00fcst k\u0131sm\u0131nda azalan yo\u011funluk \u015feklinde kendini g\u00f6steren bu merkezi b\u00f6lgedeki sa\u00e7 d\u00f6k\u00fclmesinin ele al\u0131nmas\u0131 dikkatli planlama ve uygulama gerektirir. Etkili tedavi arayan bir\u00e7ok ki\u015fi i\u00e7in, T\u00fcrkiye&#039;de Orta Kafa Derisi Restorasyonu, \u00f6zel uzmanl\u0131\u011fa ve geli\u015fmi\u015f prosed\u00fcrlere eri\u015fim sa\u011flar. Bir dermatolog bak\u0131\u015f a\u00e7\u0131s\u0131ndan, sa\u00e7 d\u00f6k\u00fclmesinin \u015feklini ve nedenini anlamak, etkili restorasyon i\u00e7in temeldir. Parietal kafa derisi veya merkezi kafa derisi olarak da bilinen orta kafa derisi, androjenetik alopesi (erkek veya kad\u0131n tipi kellik) ile ili\u015fkili sa\u00e7 d\u00f6k\u00fclmesinin yayg\u0131n bir b\u00f6lgesidir. Bu genetik durumda, orta kafa derisi de dahil olmak \u00fczere hassas b\u00f6lgelerdeki sa\u00e7 folik\u00fclleri dihidrotestosterona (DHT) duyarl\u0131d\u0131r. Zamanla, DHT&#039;ye maruz kalma, bu folik\u00fcllerin k\u00fc\u00e7\u00fclmesine ve minyat\u00fcrle\u015fme ad\u0131 verilen bir s\u00fcre\u00e7te giderek daha ince, daha k\u0131sa ve daha az g\u00f6r\u00fcn\u00fcr sa\u00e7lar \u00fcretmesine neden olur. Kafa derisinin orta k\u0131sm\u0131nda, bu durum genellikle belirgin kel yamalar yerine genel sa\u00e7 yo\u011funlu\u011funda kademeli bir azalmaya yol a\u00e7arak, \u00f6zellikle do\u011fal ayr\u0131m \u00e7izgisi boyunca, sa\u00e7lar\u0131n aras\u0131ndan kafa derisinin daha g\u00f6r\u00fcn\u00fcr hale gelmesine neden olur. Bu incelme \u015fekli, \u00f6zellikle sa\u00e7 \u015fekillendirme a\u00e7\u0131s\u0131ndan zorlay\u0131c\u0131 olabilir. Androjenetik alopesi en s\u0131k g\u00f6r\u00fclen neden olsa da, di\u011fer fakt\u00f6rler de kafa derisinin orta k\u0131sm\u0131ndaki sa\u00e7 d\u00f6k\u00fclmesine katk\u0131da bulunabilir. Yayg\u0131n d\u00f6k\u00fclmeye neden olan ge\u00e7ici bir durum olan telogen effluvium, kafa derisinin orta k\u0131sm\u0131n\u0131 ve di\u011fer b\u00f6lgeleri de etkileyebilir. S\u0131k\u0131 sa\u00e7 modellerinden kaynaklanan a\u015f\u0131r\u0131 \u00e7ekme nedeniyle olu\u015fan traksiyon alopesisi de, \u00f6zellikle sa\u00e7 \u00e7izgisi boyunca ve bazen kafa derisinin orta k\u0131sm\u0131na kadar uzanan incelmeye yol a\u00e7abilir. \u0130ltihapl\u0131 kafa derisi rahats\u0131zl\u0131klar\u0131 veya beslenme yetersizlikleri de rol oynayabilir. Kafa derisinin incelenmesi, sa\u00e7 \u00e7ekme testleri ve potansiyel olarak kafa derisi biyopsisi veya kan testleri de dahil olmak \u00fczere kapsaml\u0131 bir dermatolojik de\u011ferlendirme, sa\u00e7 d\u00f6k\u00fclmesinin nedenini ve \u015feklini do\u011fru bir \u015fekilde te\u015fhis etmek ve sa\u00e7 ekimi de i\u00e7erebilecek en uygun tedavi stratejisini belirlemek i\u00e7in \u00e7ok \u00f6nemlidir. Kafa Derisinin Orta B\u00f6lgesindeki Sa\u00e7 D\u00f6k\u00fclmesini Anlamak Kafa derisinin orta b\u00f6lgesi, \u00f6n sa\u00e7 \u00e7izgisi ile arka tepe (tepe) aras\u0131nda yer al\u0131r. Ba\u015f\u0131n \u00fcst k\u0131sm\u0131n\u0131 kapsar ve sa\u00e7\u0131n tipik olarak ayr\u0131ld\u0131\u011f\u0131 do\u011fal alan\u0131 i\u00e7erir. Bu b\u00f6lgedeki sa\u00e7 d\u00f6k\u00fclmesi genellikle yava\u015f yava\u015f ba\u015flar, sa\u00e7 yo\u011funlu\u011funda kademeli bir azalma olur ve ki\u015fi sa\u00e7 ayr\u0131m \u00e7izgisinin daha geni\u015f g\u00f6r\u00fcnd\u00fc\u011f\u00fcn\u00fc veya sa\u00e7\u0131n\u0131n eskisi kadar hacimli olmad\u0131\u011f\u0131n\u0131 fark eder. K\u00fc\u00e7\u00fclme ilerledik\u00e7e, kafa derisi incelen sa\u00e7lar\u0131n aras\u0131ndan giderek daha g\u00f6r\u00fcn\u00fcr hale gelir ve daha az yo\u011fun veya &quot;\u015feffaf&quot; bir g\u00f6r\u00fcn\u00fcm yarat\u0131r. Erkeklerde, kafa derisinin orta b\u00f6lgesindeki incelme, genellikle Norwood \u00f6l\u00e7e\u011fi modellerinde tan\u0131mlanan sa\u00e7 \u00e7izgisi gerilemesi ve\/veya tepe kelli\u011fi ile birlikte ortaya \u00e7\u0131kabilir. Kad\u0131nlarda androjenetik alopesi, s\u0131kl\u0131kla kafa derisinin \u00fcst k\u0131sm\u0131nda, \u00f6zellikle orta kafa derisi b\u00f6lgesinde yayg\u0131n incelme \u015feklinde kendini g\u00f6sterirken, sa\u00e7 \u00e7izgisi genellikle nispeten sa\u011flam kal\u0131r. Bu model, Ludwig \u00f6l\u00e7e\u011fi ile tan\u0131mlan\u0131r ve incelme tipik olarak ayr\u0131m \u00e7izgisi boyunca ba\u015flar ve geni\u015fler. Orta kafa derisindeki bu yayg\u0131n incelme, kad\u0131n tipi sa\u00e7 d\u00f6k\u00fclmesinin \u00e7ok yayg\u0131n bir belirtisidir. Orta kafa derisi sa\u00e7 d\u00f6k\u00fclmesinin klinik de\u011ferlendirmesi, genel yo\u011funlu\u011fu, mevcut sa\u00e7lar\u0131n incelme derecesini, ayr\u0131m \u00e7izgisinin geni\u015fli\u011fini ve b\u00f6lgenin \u00e7evredeki sa\u00e7larla ne kadar iyi \u00f6rt\u00fcld\u00fc\u011f\u00fcn\u00fc de\u011ferlendirmeyi i\u00e7erir. Orta Kafa Derisi Restorasyonunun amac\u0131, don\u00f6r b\u00f6lgeden al\u0131nan sa\u011fl\u0131kl\u0131, kal\u0131c\u0131 sa\u00e7 folik\u00fclleri kullan\u0131larak bu b\u00f6lgedeki sa\u00e7 yo\u011funlu\u011funu art\u0131rmak, b\u00f6ylece kafa derisinin g\u00f6r\u00fcn\u00fcrl\u00fc\u011f\u00fcn\u00fc azaltmak ve daha dolgun bir g\u00f6r\u00fcn\u00fcm yaratmakt\u0131r. Orta Kafa Derisinin Restorasyon \u0130\u00e7in Benzersiz Zorluklar Sunmas\u0131n\u0131n Nedenleri Orta kafa derisi gibi yayg\u0131n incelme olan bir b\u00f6lgeye sa\u00e7 ekimi, sa\u00e7 \u00e7izgisinin geriye \u00e7ekilmesi veya tamamen kel bir tepe gibi a\u00e7\u0131k\u00e7a tan\u0131mlanm\u0131\u015f bir kel b\u00f6lgeyi restore etmekten genellikle daha karma\u015f\u0131kt\u0131r. Al\u0131c\u0131 b\u00f6lgede mevcut, ancak minyat\u00fcrle\u015fmi\u015f do\u011fal sa\u00e7lar\u0131n varl\u0131\u011f\u0131 belirli zorluklar yarat\u0131r: Bu fakt\u00f6rler nedeniyle, orta kafa derisi restorasyonu, mevcut sa\u00e7\u0131 y\u00f6nlendirmek, greft yerle\u015fimini do\u011fru bir \u015fekilde planlamak ve gelecekteki sa\u00e7 d\u00f6k\u00fclmesini \u00f6ng\u00f6rmek i\u00e7in y\u00fcksek d\u00fczeyde beceri, deneyim ve sanatsal bir bak\u0131\u015f a\u00e7\u0131s\u0131na sahip bir cerrah gerektirir. Orta Kafa Derisi Sa\u00e7 Ekimi \u0130\u00e7in Aday Uygunlu\u011fu Orta kafa derisi restorasyonu i\u00e7in uygunlu\u011fun belirlenmesi, genellikle bir dermatologla kons\u00fcltasyon halinde, nitelikli bir cerrah taraf\u0131ndan yap\u0131lan ayr\u0131nt\u0131l\u0131 bir de\u011ferlendirmeyi i\u00e7erir. \u00c7ok ileri d\u00fczeyde yayg\u0131n incelme, yetersiz don\u00f6r sa\u00e7 veya karars\u0131z sa\u00e7 d\u00f6k\u00fclmesi olan ki\u015filer, yaln\u0131zca transplantasyon i\u00e7in ideal adaylar olmayabilir. Bir kons\u00fcltasyon, en iyi eylem plan\u0131n\u0131 belirlemeye yard\u0131mc\u0131 olacakt\u0131r. Sa\u00e7 Ekimi Prosed\u00fcr\u00fc: Orta Kafa Derisi Restorasyonu Teknikleri Orta kafa derisi i\u00e7in sa\u00e7 ekimi, di\u011fer b\u00f6lgelerde oldu\u011fu gibi, don\u00f6r b\u00f6lgeden sa\u011fl\u0131kl\u0131 sa\u00e7 folik\u00fcllerinin al\u0131nmas\u0131n\u0131 ve al\u0131c\u0131 b\u00f6lgeye ekilmesini i\u00e7erir. Orta kafa derisi b\u00f6lgesi i\u00e7in s\u0131kl\u0131kla \u00f6zel hususlar g\u00f6z \u00f6n\u00fcnde bulundurularak, iki temel teknik olan FUE (Folik\u00fcler \u00dcnite Ekstraksiyonu) ve FUT (Folik\u00fcler \u00dcnite Transplantasyonu) kullan\u0131l\u0131r. Her iki teknik de, 1-4 sa\u00e7 folik\u00fcl\u00fcnden olu\u015fan do\u011fal gruplar olan folik\u00fcler \u00fcnitelerin, ilgili dokularla birlikte nakledilmesine odaklan\u0131r. Bu do\u011fal \u00fcnitelerin nakli, do\u011fal g\u00f6r\u00fcn\u00fcml\u00fc sonu\u00e7lar elde etmenin anahtar\u0131d\u0131r. Orta kafa derisi restorasyonu i\u00e7in FUE ve FUT aras\u0131nda se\u00e7im, hastan\u0131n genel sa\u00e7 d\u00f6k\u00fclme paterni, don\u00f6r \u00f6zellikleri, istenen sa\u00e7 modeli, orta kafa derisindeki sa\u00e7 d\u00f6k\u00fclme miktar\u0131 ve cerrah\u0131n uzmanl\u0131\u011f\u0131 dahil olmak \u00fczere \u00e7e\u015fitli fakt\u00f6rlere ba\u011fl\u0131d\u0131r. Orta Kafa Derisi Restorasyonu i\u00e7in Folik\u00fcler \u00dcnite Ekstraksiyonu (FUE): FUE, k\u00fc\u00e7\u00fck punch aletleri kullan\u0131larak don\u00f6r b\u00f6lgeden tek tek folik\u00fcler \u00fcnitelerin do\u011frudan \u00e7\u0131kar\u0131lmas\u0131n\u0131 i\u00e7erir. Orta Kafa Derisi Restorasyonu i\u00e7in Folik\u00fcler \u00dcnite Transplantasyonu (FUT): FUT, don\u00f6r b\u00f6lgeden sa\u00e7l\u0131 bir deri \u015feridinin \u00e7\u0131kar\u0131lmas\u0131n\u0131 ve mikroskop alt\u0131nda tek tek folik\u00fcler \u00fcnitelere ayr\u0131lmas\u0131n\u0131 i\u00e7erir. Orta Kafa B\u00f6lgesinde Al\u0131c\u0131 B\u00f6lge Olu\u015fturma ve Greft Yerle\u015ftirme: Mevcut Sa\u00e7lar Aras\u0131nda \u00c7al\u0131\u015fma Bu, \u00f6zellikle mevcut do\u011fal sa\u00e7lar\u0131n bulundu\u011fu yayg\u0131n incelme b\u00f6lgelerinde, orta kafa b\u00f6lgesi restorasyonu i\u00e7in tart\u0131\u015fmas\u0131z en kritik ve teknik olarak en zorlu a\u015famad\u0131r. Orta kafa b\u00f6lgesi restorasyonunun ba\u015far\u0131s\u0131, cerrah\u0131n mevcut sa\u00e7lar aras\u0131nda ustaca hareket etme, kusursuz bir \u015fekilde kayna\u015fan do\u011fal g\u00f6r\u00fcn\u00fcml\u00fc al\u0131c\u0131 b\u00f6lgeler olu\u015fturma ve y\u00fcksek greft hayatta kalma oran\u0131n\u0131 sa\u011flama yetene\u011fine b\u00fcy\u00fck \u00f6l\u00e7\u00fcde ba\u011fl\u0131d\u0131r. Orta Kafa B\u00f6lgesi Transplantasyonu \u0130\u00e7in Don\u00f6r B\u00f6lge Hususlar\u0131 Herhangi bir sa\u00e7 transplantasyonunda oldu\u011fu gibi, don\u00f6r b\u00f6lgede bulunan sa\u00e7\u0131n kalitesi ve miktar\u0131 ba\u015far\u0131 i\u00e7in temeldir.<\/p>","protected":false},"author":1,"featured_media":2127,"comment_status":"open","ping_status":"open","sticky":false,"template":"","format":"standard","meta":{"_daextam_enable_autolinks":"1","site-sidebar-layout":"default","site-content-layout":"","ast-site-content-layout":"","site-content-style":"default","site-sidebar-style":"default","ast-global-header-display":"","ast-banner-title-visibility":"","ast-main-header-display":"","ast-hfb-above-header-display":"","ast-hfb-below-header-display":"","ast-hfb-mobile-header-display":"","site-post-title":"","ast-breadcrumbs-content":"","ast-featured-img":"","footer-sml-layout":"","ast-disable-related-posts":"","theme-transparent-header-meta":"","adv-header-id-meta":"","stick-header-meta":"","header-above-stick-meta":"","header-main-stick-meta":"","header-below-stick-meta":"","astra-migrate-meta-layouts":"default","ast-page-background-enabled":"default","ast-page-background-meta":{"desktop":{"background-color":"var(--ast-global-color-4)","background-image":"","background-repeat":"repeat","background-position":"center center","background-size":"auto","background-attachment":"scroll","background-type":"","background-media":"","overlay-type":"","overlay-color":"","overlay-opacity":"","overlay-gradient":""},"tablet":{"background-color":"","background-image":"","background-repeat":"repeat","background-position":"center center","background-size":"auto","background-attachment":"scroll","background-type":"","background-media":"","overlay-type":"","overlay-color":"","overlay-opacity":"","overlay-gradient":""},"mobile":{"background-color":"","background-image":"","background-repeat":"repeat","background-position":"center center","background-size":"auto","background-attachment":"scroll","background-type":"","background-media":"","overlay-type":"","overlay-color":"","overlay-opacity":"","overlay-gradient":""}},"ast-content-background-meta":{"desktop":{"background-color":"var(--ast-global-color-5)","background-image":"","background-repeat":"repeat","background-position":"center center","background-size":"auto","background-attachment":"scroll","background-type":"","background-media":"","overlay-type":"","overlay-color":"","overlay-opacity":"","overlay-gradient":""},"tablet":{"background-color":"var(--ast-global-color-5)","background-image":"","background-repeat":"repeat","background-position":"center center","background-size":"auto","background-attachment":"scroll","background-type":"","background-media":"","overlay-type":"","overlay-color":"","overlay-opacity":"","overlay-gradient":""},"mobile":{"background-color":"var(--ast-global-color-5)","background-image":"","background-repeat":"repeat","background-position":"center center","background-size":"auto","background-attachment":"scroll","background-type":"","background-media":"","overlay-type":"","overlay-color":"","overlay-opacity":"","overlay-gradient":""}},"footnotes":""},"categories":[22],"tags":[],"class_list":["post-2126","post","type-post","status-publish","format-standard","has-post-thumbnail","hentry","category-hair-and-hair-transplantation"],"_links":{"self":[{"href":"https:\/\/drebruokyay.com\/tr\/wp-json\/wp\/v2\/posts\/2126","targetHints":{"allow":["GET"]}}],"collection":[{"href":"https:\/\/drebruokyay.com\/tr\/wp-json\/wp\/v2\/posts"}],"about":[{"href":"https:\/\/drebruokyay.com\/tr\/wp-json\/wp\/v2\/types\/post"}],"author":[{"embeddable":true,"href":"https:\/\/drebruokyay.com\/tr\/wp-json\/wp\/v2\/users\/1"}],"replies":[{"embeddable":true,"href":"https:\/\/drebruokyay.com\/tr\/wp-json\/wp\/v2\/comments?post=2126"}],"version-history":[{"count":1,"href":"https:\/\/drebruokyay.com\/tr\/wp-json\/wp\/v2\/posts\/2126\/revisions"}],"predecessor-version":[{"id":2129,"href":"https:\/\/drebruokyay.com\/tr\/wp-json\/wp\/v2\/posts\/2126\/revisions\/2129"}],"wp:featuredmedia":[{"embeddable":true,"href":"https:\/\/drebruokyay.com\/tr\/wp-json\/wp\/v2\/media\/2127"}],"wp:attachment":[{"href":"https:\/\/drebruokyay.com\/tr\/wp-json\/wp\/v2\/media?parent=2126"}],"wp:term":[{"taxonomy":"category","embeddable":true,"href":"https:\/\/drebruokyay.com\/tr\/wp-json\/wp\/v2\/categories?post=2126"},{"taxonomy":"post_tag","embeddable":true,"href":"https:\/\/drebruokyay.com\/tr\/wp-json\/wp\/v2\/tags?post=2126"}],"curies":[{"name":"wp","href":"https:\/\/api.w.org\/{rel}","templated":true}]}}