{"id":1953,"date":"2025-03-14T14:27:52","date_gmt":"2025-03-14T14:27:52","guid":{"rendered":"https:\/\/drebruokyay.com\/?p=1953"},"modified":"2025-04-04T14:39:07","modified_gmt":"2025-04-04T13:39:07","slug":"sedef-hastaligi-tedavileri-fototerapi","status":"publish","type":"post","link":"https:\/\/drebruokyay.com\/tr\/psoriasis-treatments-phototherapy\/","title":{"rendered":"Sedef Hastal\u0131\u011f\u0131 Tedavileri: Fototerapiye I\u015f\u0131k Tutmak"},"content":{"rendered":"<p>D\u00fcnya \u00e7ap\u0131nda milyonlarca insan\u0131 etkileyen kronik bir otoimm\u00fcn rahats\u0131zl\u0131k olan sedef hastal\u0131\u011f\u0131, ciltte iltihapl\u0131, k\u0131rm\u0131z\u0131, pullu lekeler olarak ortaya \u00e7\u0131kar. Bu plaklar v\u00fccudun herhangi bir yerinde, en s\u0131k olarak kafa derisi, dirsekler, dizler ve alt s\u0131rtta ortaya \u00e7\u0131kabilir ve rahats\u0131zl\u0131k, ka\u015f\u0131nt\u0131 ve s\u0131kl\u0131kla \u00f6nemli duygusal s\u0131k\u0131nt\u0131ya neden olur. Manzarada gezinme <strong>Sedef Hastal\u0131\u011f\u0131 Tedavileri<\/strong> topikal kremlerden sistemik ila\u00e7lara kadar uzanan se\u00e7eneklerle bunalt\u0131c\u0131 olabilir. Bir\u00e7ok ki\u015fi i\u00e7in, \u00f6zellikle orta ila \u015fiddetli sedef hastal\u0131\u011f\u0131 olanlar veya di\u011fer y\u00f6ntemlerle yeterli rahatlama bulamayanlar i\u00e7in, fototerapi g\u00fc\u00e7l\u00fc ve etkili bir \u00e7\u00f6z\u00fcm olarak ortaya \u00e7\u0131kar <strong>Sedef Hastal\u0131\u011f\u0131 Tedavisi<\/strong>, daha temiz bir cilde giden yolda \u0131\u015f\u0131k tutuyor.<\/p>\n\n\n\n<figure class=\"wp-block-image size-large\"><img fetchpriority=\"high\" decoding=\"async\" width=\"1024\" height=\"559\" src=\"https:\/\/drebruokyay.com\/wp-content\/uploads\/2025\/04\/image-34-1024x559.png\" alt=\"\" class=\"wp-image-1956\" srcset=\"https:\/\/drebruokyay.com\/wp-content\/uploads\/2025\/04\/image-34-1024x559.png 1024w, https:\/\/drebruokyay.com\/wp-content\/uploads\/2025\/04\/image-34-300x164.png 300w, https:\/\/drebruokyay.com\/wp-content\/uploads\/2025\/04\/image-34-768x419.png 768w, https:\/\/drebruokyay.com\/wp-content\/uploads\/2025\/04\/image-34-18x10.png 18w, https:\/\/drebruokyay.com\/wp-content\/uploads\/2025\/04\/image-34.png 1408w\" sizes=\"(max-width: 1024px) 100vw, 1024px\" \/><\/figure>\n\n\n\n<div id=\"ez-toc-container\" class=\"ez-toc-v2_0_82_2 ez-toc-wrap-left counter-hierarchy ez-toc-counter ez-toc-transparent ez-toc-container-direction\">\n<div class=\"ez-toc-title-container\">\n<p class=\"ez-toc-title\" style=\"cursor:inherit\">\u0130\u00e7indekiler<\/p>\n<span class=\"ez-toc-title-toggle\"><a href=\"#\" class=\"ez-toc-pull-right ez-toc-btn ez-toc-btn-xs ez-toc-btn-default ez-toc-toggle\" aria-label=\"\u0130\u00e7indekiler Tablosunu A\u00e7\/Kapat\"><span class=\"ez-toc-js-icon-con\"><span class=\"\"><span class=\"eztoc-hide\" style=\"display:none;\">Ge\u00e7i\u015f<\/span><span class=\"ez-toc-icon-toggle-span\"><svg style=\"fill: #999;color:#999\" xmlns=\"http:\/\/www.w3.org\/2000\/svg\" class=\"list-377408\" width=\"20px\" height=\"20px\" viewbox=\"0 0 24 24\" fill=\"none\"><path d=\"M6 6H4v2h2V6zm14 0H8v2h12V6zM4 11h2v2H4v-2zm16 0H8v2h12v-2zM4 16h2v2H4v-2zm16 0H8v2h12v-2z\" fill=\"currentColor\"><\/path><\/svg><svg style=\"fill: #999;color:#999\" class=\"arrow-unsorted-368013\" xmlns=\"http:\/\/www.w3.org\/2000\/svg\" width=\"10px\" height=\"10px\" viewbox=\"0 0 24 24\" version=\"1.2\" baseprofile=\"tiny\"><path d=\"M18.2 9.3l-6.2-6.3-6.2 6.3c-.2.2-.3.4-.3.7s.1.5.3.7c.2.2.4.3.7.3h11c.3 0 .5-.1.7-.3.2-.2.3-.5.3-.7s-.1-.5-.3-.7zM5.8 14.7l6.2 6.3 6.2-6.3c.2-.2.3-.5.3-.7s-.1-.5-.3-.7c-.2-.2-.4-.3-.7-.3h-11c-.3 0-.5.1-.7.3-.2.2-.3.5-.3.7s.1.5.3.7z\"\/><\/svg><\/span><\/span><\/span><\/a><\/span><\/div>\n<nav><ul class='ez-toc-list ez-toc-list-level-1' ><li class='ez-toc-page-1 ez-toc-heading-level-2'><a class=\"ez-toc-link ez-toc-heading-1\" href=\"https:\/\/drebruokyay.com\/tr\/psoriasis-treatments-phototherapy\/#The_Persistent_Shadow_of_Psoriasis_When_Topical_Creams_Arent_Enough\" >Sedef Hastal\u0131\u011f\u0131n\u0131n Kal\u0131c\u0131 G\u00f6lgesi: Topikal Kremler Yeterli Olmad\u0131\u011f\u0131nda<\/a><\/li><li class='ez-toc-page-1 ez-toc-heading-level-2'><a class=\"ez-toc-link ez-toc-heading-2\" href=\"https:\/\/drebruokyay.com\/tr\/psoriasis-treatments-phototherapy\/#Shedding_Light_on_Relief_Exploring_Phototherapy_for_Psoriasis\" >Rahatlama Konusunda I\u015f\u0131k Tutmak: Sedef Hastal\u0131\u011f\u0131 \u0130\u00e7in Fototerapiyi Ke\u015ffetmek<\/a><ul class='ez-toc-list-level-3' ><li class='ez-toc-heading-level-3'><a class=\"ez-toc-link ez-toc-heading-3\" href=\"https:\/\/drebruokyay.com\/tr\/psoriasis-treatments-phototherapy\/#What_is_Phototherapy\" >Fototerapi Nedir?<\/a><\/li><li class='ez-toc-page-1 ez-toc-heading-level-3'><a class=\"ez-toc-link ez-toc-heading-4\" href=\"https:\/\/drebruokyay.com\/tr\/psoriasis-treatments-phototherapy\/#Types_of_Phototherapy\" >Fototerapi \u00c7e\u015fitleri<\/a><ul class='ez-toc-list-level-4' ><li class='ez-toc-heading-level-4'><a class=\"ez-toc-link ez-toc-heading-5\" href=\"https:\/\/drebruokyay.com\/tr\/psoriasis-treatments-phototherapy\/#UVB_Phototherapy\" >UVB Fototerapi<\/a><\/li><li class='ez-toc-page-1 ez-toc-heading-level-4'><a class=\"ez-toc-link ez-toc-heading-6\" href=\"https:\/\/drebruokyay.com\/tr\/psoriasis-treatments-phototherapy\/#UVA_Phototherapy\" >UVA Fototerapi<\/a><\/li><li class='ez-toc-page-1 ez-toc-heading-level-4'><a class=\"ez-toc-link ez-toc-heading-7\" href=\"https:\/\/drebruokyay.com\/tr\/psoriasis-treatments-phototherapy\/#Excimer_Laser\" >Eksimer Lazer<\/a><\/li><li class='ez-toc-page-1 ez-toc-heading-level-4'><a class=\"ez-toc-link ez-toc-heading-8\" href=\"https:\/\/drebruokyay.com\/tr\/psoriasis-treatments-phototherapy\/#Other_Light_Therapies\" >Di\u011fer I\u015f\u0131k Terapileri<\/a><\/li><\/ul><\/li><\/ul><\/li><li class='ez-toc-page-1 ez-toc-heading-level-2'><a class=\"ez-toc-link ez-toc-heading-9\" href=\"https:\/\/drebruokyay.com\/tr\/psoriasis-treatments-phototherapy\/#Delving_Deeper_Understanding_the_Science_Behind_Phototherapy\" >Daha Derine \u0130nmek: Fototerapinin Arkas\u0131ndaki Bilimi Anlamak<\/a><ul class='ez-toc-list-level-3' ><li class='ez-toc-heading-level-3'><a class=\"ez-toc-link ez-toc-heading-10\" href=\"https:\/\/drebruokyay.com\/tr\/psoriasis-treatments-phototherapy\/#How_UVB_Works\" >UVB Nas\u0131l \u00c7al\u0131\u015f\u0131r?<\/a><\/li><li class='ez-toc-page-1 ez-toc-heading-level-3'><a class=\"ez-toc-link ez-toc-heading-11\" href=\"https:\/\/drebruokyay.com\/tr\/psoriasis-treatments-phototherapy\/#How_UVA_Works_and_the_role_of_Psoralen\" >UVA Nas\u0131l \u00c7al\u0131\u015f\u0131r (ve Psoralen&#039;in Rol\u00fc)<\/a><\/li><li class='ez-toc-page-1 ez-toc-heading-level-3'><a class=\"ez-toc-link ez-toc-heading-12\" href=\"https:\/\/drebruokyay.com\/tr\/psoriasis-treatments-phototherapy\/#How_Excimer_Laser_Works\" >Excimer Lazer Nas\u0131l \u00c7al\u0131\u015f\u0131r?<\/a><\/li><li class='ez-toc-page-1 ez-toc-heading-level-3'><a class=\"ez-toc-link ez-toc-heading-13\" href=\"https:\/\/drebruokyay.com\/tr\/psoriasis-treatments-phototherapy\/#Benefits_of_Phototherapy_for_Psoriasis\" >Sedef Hastal\u0131\u011f\u0131nda Fototerapinin Faydalar\u0131<\/a><\/li><\/ul><\/li><li class='ez-toc-page-1 ez-toc-heading-level-2'><a class=\"ez-toc-link ez-toc-heading-14\" href=\"https:\/\/drebruokyay.com\/tr\/psoriasis-treatments-phototherapy\/#Who_Can_Benefit_from_Phototherapy\" >Fototerapiden Kimler Faydalanabilir?<\/a><ul class='ez-toc-list-level-3' ><li class='ez-toc-heading-level-3'><a class=\"ez-toc-link ez-toc-heading-15\" href=\"https:\/\/drebruokyay.com\/tr\/psoriasis-treatments-phototherapy\/#Indications_for_Phototherapy\" >Fototerapi Endikasyonlar\u0131<\/a><\/li><li class='ez-toc-page-1 ez-toc-heading-level-3'><a class=\"ez-toc-link ez-toc-heading-16\" href=\"https:\/\/drebruokyay.com\/tr\/psoriasis-treatments-phototherapy\/#Contraindications_and_Precautions\" >Kontrendikasyonlar ve \u00d6nlemler<\/a><\/li><\/ul><\/li><li class='ez-toc-page-1 ez-toc-heading-level-2'><a class=\"ez-toc-link ez-toc-heading-17\" href=\"https:\/\/drebruokyay.com\/tr\/psoriasis-treatments-phototherapy\/#What_to_Expect_During_Phototherapy_Treatment\" >Fototerapi Tedavisi S\u0131ras\u0131nda Neler Beklemelisiniz?<\/a><ul class='ez-toc-list-level-3' ><li class='ez-toc-heading-level-3'><a class=\"ez-toc-link ez-toc-heading-18\" href=\"https:\/\/drebruokyay.com\/tr\/psoriasis-treatments-phototherapy\/#Preparation_for_Treatment\" >Tedaviye Haz\u0131rl\u0131k<\/a><\/li><li class='ez-toc-page-1 ez-toc-heading-level-3'><a class=\"ez-toc-link ez-toc-heading-19\" href=\"https:\/\/drebruokyay.com\/tr\/psoriasis-treatments-phototherapy\/#The_Treatment_Process\" >Tedavi S\u00fcreci<\/a><\/li><li class='ez-toc-page-1 ez-toc-heading-level-3'><a class=\"ez-toc-link ez-toc-heading-20\" href=\"https:\/\/drebruokyay.com\/tr\/psoriasis-treatments-phototherapy\/#Duration_and_Frequency_of_Sessions\" >Seanslar\u0131n S\u00fcresi ve S\u0131kl\u0131\u011f\u0131<\/a><\/li><li class='ez-toc-page-1 ez-toc-heading-level-3'><a class=\"ez-toc-link ez-toc-heading-21\" href=\"https:\/\/drebruokyay.com\/tr\/psoriasis-treatments-phototherapy\/#Potential_Side_Effects\" >Olas\u0131 Yan Etkiler<\/a><ul class='ez-toc-list-level-4' ><li class='ez-toc-heading-level-4'><a class=\"ez-toc-link ez-toc-heading-22\" href=\"https:\/\/drebruokyay.com\/tr\/psoriasis-treatments-phototherapy\/#Short-Term_Side_Effects\" >K\u0131sa Vadeli Yan Etkiler<\/a><\/li><li class='ez-toc-page-1 ez-toc-heading-level-4'><a class=\"ez-toc-link ez-toc-heading-23\" href=\"https:\/\/drebruokyay.com\/tr\/psoriasis-treatments-phototherapy\/#Long-Term_Side_Effects\" >Uzun Vadeli Yan Etkiler<\/a><\/li><\/ul><\/li><li class='ez-toc-page-1 ez-toc-heading-level-3'><a class=\"ez-toc-link ez-toc-heading-24\" href=\"https:\/\/drebruokyay.com\/tr\/psoriasis-treatments-phototherapy\/#Managing_Side_Effects\" >Yan Etkilerin Y\u00f6netimi<\/a><\/li><\/ul><\/li><li class='ez-toc-page-1 ez-toc-heading-level-2'><a class=\"ez-toc-link ez-toc-heading-25\" href=\"https:\/\/drebruokyay.com\/tr\/psoriasis-treatments-phototherapy\/#Phototherapy_in_Conjunction_with_Other_Psoriasis_Treatments\" >Di\u011fer Sedef Hastal\u0131\u011f\u0131 Tedavileriyle Birlikte Fototerapi<\/a><ul class='ez-toc-list-level-3' ><li class='ez-toc-heading-level-3'><a class=\"ez-toc-link ez-toc-heading-26\" href=\"https:\/\/drebruokyay.com\/tr\/psoriasis-treatments-phototherapy\/#Combination_Therapy_Approaches\" >Kombinasyon Terapi Yakla\u015f\u0131mlar\u0131<\/a><\/li><\/ul><\/li><li class='ez-toc-page-1 ez-toc-heading-level-2'><a class=\"ez-toc-link ez-toc-heading-27\" href=\"https:\/\/drebruokyay.com\/tr\/psoriasis-treatments-phototherapy\/#The_Advantages_and_Disadvantages_of_Phototherapy_for_Psoriasis\" >Sedef Hastal\u0131\u011f\u0131 \u0130\u00e7in Fototerapinin Avantajlar\u0131 ve Dezavantajlar\u0131<\/a><ul class='ez-toc-list-level-3' ><li class='ez-toc-heading-level-3'><a class=\"ez-toc-link ez-toc-heading-28\" href=\"https:\/\/drebruokyay.com\/tr\/psoriasis-treatments-phototherapy\/#Benefits_Summarized\" >\u00d6zetlenen Faydalar<\/a><\/li><li class='ez-toc-page-1 ez-toc-heading-level-3'><a class=\"ez-toc-link ez-toc-heading-29\" href=\"https:\/\/drebruokyay.com\/tr\/psoriasis-treatments-phototherapy\/#Limitations_and_Considerations\" >S\u0131n\u0131rlamalar ve Hususlar<\/a><\/li><\/ul><\/li><li class='ez-toc-page-1 ez-toc-heading-level-2'><a class=\"ez-toc-link ez-toc-heading-30\" href=\"https:\/\/drebruokyay.com\/tr\/psoriasis-treatments-phototherapy\/#Navigating_Your_Phototherapy_Journey_Working_with_Healthcare_Professionals\" >Fototerapi Yolculu\u011funuzda Yol Almak: Sa\u011fl\u0131k Profesyonelleriyle \u00c7al\u0131\u015fmak<\/a><\/li><li class='ez-toc-page-1 ez-toc-heading-level-2'><a class=\"ez-toc-link ez-toc-heading-31\" href=\"https:\/\/drebruokyay.com\/tr\/psoriasis-treatments-phototherapy\/#Conclusion_Shedding_Light_on_Effective_Psoriasis_Treatments\" >Sonu\u00e7: Etkili Sedef Hastal\u0131\u011f\u0131 Tedavilerine I\u015f\u0131k Tutmak<\/a><\/li><\/ul><\/nav><\/div>\n<h2 class=\"wp-block-heading\"><span class=\"ez-toc-section\" id=\"The_Persistent_Shadow_of_Psoriasis_When_Topical_Creams_Arent_Enough\"><\/span>Sedef Hastal\u0131\u011f\u0131n\u0131n Kal\u0131c\u0131 G\u00f6lgesi: Topikal Kremler Yeterli Olmad\u0131\u011f\u0131nda<span class=\"ez-toc-section-end\"><\/span><\/h2>\n\n\n\n<p>Topikal kortikosteroidler ve di\u011fer kremler hafif sedef hastal\u0131\u011f\u0131 i\u00e7in ilk savunma hatt\u0131n\u0131 olu\u015ftururken, bir\u00e7ok ki\u015fi bunlar\u0131n <strong>Sedef Hastal\u0131\u011f\u0131 Tedavileri<\/strong> daha kapsaml\u0131 veya inat\u00e7\u0131 plaklar i\u00e7in s\u0131n\u0131rl\u0131 rahatlama sunar. Kal\u0131c\u0131 ka\u015f\u0131nt\u0131, pullanma ve rahats\u0131zl\u0131k g\u00fcnl\u00fck ya\u015fam\u0131 \u00f6nemli \u00f6l\u00e7\u00fcde etkileyebilir, uykuyu, i\u015fi ve sosyal etkile\u015fimleri etkileyebilir. Dahas\u0131, y\u00fcksek etkili topikal ila\u00e7lar\u0131n uzun s\u00fcreli kullan\u0131m\u0131yla ili\u015fkili olas\u0131 yan etkiler baz\u0131lar\u0131 i\u00e7in endi\u015fe kayna\u011f\u0131 olabilir.<\/p>\n\n\n\n<p>Orta ila \u015fiddetli sedef hastal\u0131\u011f\u0131yla ya\u015fayanlar i\u00e7in daha kapsaml\u0131 ve etkili bir tedavi aray\u0131\u015f\u0131 <strong>Sedef Hastal\u0131\u011f\u0131 Tedavileri<\/strong> genellikle sistemik ila\u00e7lar\u0131 veya fototerapiyi ke\u015ffetmeye yol a\u00e7ar. Sistemik ila\u00e7lar g\u00fc\u00e7l\u00fc olsa da v\u00fccut \u00fczerinde daha geni\u015f etkilere sahip olabilir ve bir dizi olas\u0131 yan etkiyle birlikte gelebilir. Burada \u0131\u015f\u0131k terapisi olarak da bilinen fototerapi, etkilenen cildi oral veya enjekte edilebilir ila\u00e7lar\u0131n sistemik y\u00fck\u00fc olmadan tedavi etmek i\u00e7in belirli \u0131\u015f\u0131k dalga boylar\u0131n\u0131 kullanan hedefli bir yakla\u015f\u0131m sunar. Fototerapinin faydalar\u0131n\u0131 ve mekanizmalar\u0131n\u0131 anlamak, etkili bir tedavi arayan herkes i\u00e7in \u00e7ok \u00f6nemlidir <strong>Sedef Hastal\u0131\u011f\u0131 Tedavileri<\/strong> topikal uygulamalar\u0131n \u00f6tesinde.<\/p>\n\n\n\n<h2 class=\"wp-block-heading\"><span class=\"ez-toc-section\" id=\"Shedding_Light_on_Relief_Exploring_Phototherapy_for_Psoriasis\"><\/span>Rahatlama Konusunda I\u015f\u0131k Tutmak: Sedef Hastal\u0131\u011f\u0131 \u0130\u00e7in Fototerapiyi Ke\u015ffetmek<span class=\"ez-toc-section-end\"><\/span><\/h2>\n\n\n\n<p>Fototerapi, t\u0131bbi g\u00f6zetim alt\u0131nda cildin belirli dalga boylar\u0131ndaki ultraviyole (UV) \u0131\u015f\u0131\u011fa maruz b\u0131rak\u0131lmas\u0131n\u0131 i\u00e7erir. Bu t\u00fcr <strong>Sedef Hastal\u0131\u011f\u0131 Tedavisi<\/strong> cilt h\u00fccrelerinin h\u0131zl\u0131 b\u00fcy\u00fcmesini yava\u015flatarak ve sedef plaklar\u0131n\u0131n alt\u0131nda yatan nedenler olan iltihab\u0131 azaltarak \u00e7al\u0131\u015f\u0131r. Terap\u00f6tik etkiler elde etmek i\u00e7in UV spektrumunun farkl\u0131 k\u0131s\u0131mlar\u0131n\u0131 kullanan farkl\u0131 fototerapi t\u00fcrleri vard\u0131r.<\/p>\n\n\n\n<h3 class=\"wp-block-heading\"><span class=\"ez-toc-section\" id=\"What_is_Phototherapy\"><\/span>Fototerapi Nedir?<span class=\"ez-toc-section-end\"><\/span><\/h3>\n\n\n\n<p>\u00d6z\u00fcnde fototerapi, sedef hastal\u0131\u011f\u0131 da dahil olmak \u00fczere \u00e7e\u015fitli cilt rahats\u0131zl\u0131klar\u0131n\u0131 y\u00f6netmek i\u00e7in \u0131\u015f\u0131k kullanan bir t\u0131bbi tedavidir. Kullan\u0131lan belirli \u0131\u015f\u0131k t\u00fcr\u00fc ve maruz kalma s\u00fcresi, faydalar\u0131 en \u00fcst d\u00fczeye \u00e7\u0131karmak ve riskleri en aza indirmek i\u00e7in sa\u011fl\u0131k uzmanlar\u0131 taraf\u0131ndan dikkatlice kontrol edilir. I\u015f\u0131ktan gelen enerji cilt h\u00fccrelerini etkiler, davran\u0131\u015flar\u0131n\u0131 normalle\u015ftirmeye ve sedef hastal\u0131\u011f\u0131 semptomlar\u0131na yol a\u00e7an inflamatuar yan\u0131t\u0131 azaltmaya yard\u0131mc\u0131 olur.<\/p>\n\n\n\n<h3 class=\"wp-block-heading\"><span class=\"ez-toc-section\" id=\"Types_of_Phototherapy\"><\/span>Fototerapi \u00c7e\u015fitleri<span class=\"ez-toc-section-end\"><\/span><\/h3>\n\n\n\n<p>Sedef hastal\u0131\u011f\u0131n\u0131n tedavisinde \u00e7e\u015fitli fototerapi t\u00fcrleri kullan\u0131l\u0131r; her birinin kendine \u00f6zg\u00fc avantajlar\u0131 ve dikkat edilmesi gereken noktalar\u0131 vard\u0131r:<\/p>\n\n\n\n<h4 class=\"wp-block-heading\"><span class=\"ez-toc-section\" id=\"UVB_Phototherapy\"><\/span>UVB Fototerapi<span class=\"ez-toc-section-end\"><\/span><\/h4>\n\n\n\n<p>Ultraviyole B (UVB) \u0131\u015f\u0131\u011f\u0131, g\u00fcne\u015f \u0131\u015f\u0131\u011f\u0131n\u0131n do\u011fal olarak olu\u015fan bir par\u00e7as\u0131d\u0131r. UVB fototerapisi, sedef hastal\u0131\u011f\u0131n\u0131 tedavi etmek i\u00e7in yapay UVB \u0131\u015f\u0131k kaynaklar\u0131 kullan\u0131r. \u0130ki ana UVB fototerapisi t\u00fcr\u00fc vard\u0131r:<\/p>\n\n\n\n<ul class=\"wp-block-list\">\n<li><strong>Geni\u015f Bant UVB:<\/strong> Bu t\u00fcr UVB terapisi geni\u015f bir UVB dalga boyu aral\u0131\u011f\u0131 kullan\u0131r. Etkili olmas\u0131na ra\u011fmen, ikincisinin \u00fcst\u00fcn etkinli\u011fi ve g\u00fcvenlik profili nedeniyle b\u00fcy\u00fck \u00f6l\u00e7\u00fcde dar bantl\u0131 UVB taraf\u0131ndan yerinden edilmi\u015ftir.<\/li>\n\n\n\n<li><strong>Dar Bant UVB (NB-UVB):<\/strong> Bu, sedef hastal\u0131\u011f\u0131 i\u00e7in kullan\u0131lan en yayg\u0131n fototerapi t\u00fcr\u00fcd\u00fcr. Sedef hastal\u0131\u011f\u0131n\u0131 tedavi etmek ve cilt hasar\u0131 riskini en aza indirmek i\u00e7in en etkili oldu\u011fu bulunan belirli, dar bir UVB dalga boyu aral\u0131\u011f\u0131 (yakla\u015f\u0131k 311-312 nanometre) sunar. NB-UVB genellikle orta ila \u015fiddetli plak sedef hastal\u0131\u011f\u0131 i\u00e7in birinci basamak fototerapi tedavisidir.<\/li>\n<\/ul>\n\n\n\n<h4 class=\"wp-block-heading\"><span class=\"ez-toc-section\" id=\"UVA_Phototherapy\"><\/span>UVA Fototerapi<span class=\"ez-toc-section-end\"><\/span><\/h4>\n\n\n\n<p>Ultraviyole A (UVA) \u0131\u015f\u0131\u011f\u0131 do\u011fal g\u00fcne\u015f \u0131\u015f\u0131\u011f\u0131n\u0131n bir di\u011fer par\u00e7as\u0131d\u0131r. UVA fototerapisi tek ba\u015f\u0131na sedef hastal\u0131\u011f\u0131 i\u00e7in daha az etkilidir ve genellikle cildi UVA \u0131\u015f\u0131\u011f\u0131na daha duyarl\u0131 hale getiren bir fotosensitize edici madde olan psoralen adl\u0131 bir ila\u00e7la birlikte kullan\u0131l\u0131r. Bu kombinasyona PUVA terapisi denir.<\/p>\n\n\n\n<ul class=\"wp-block-list\">\n<li><strong>PUVA (Psoralen + UVA):<\/strong> PUVA terapisinde hastalar ya psoralen&#039;i a\u011f\u0131zdan al\u0131rlar ya da UVA \u0131\u015f\u0131\u011f\u0131na maruz kalmadan \u00f6nce psoralen banyosunda beklerler. Psoralen, cildin UVA&#039;ya olan duyarl\u0131l\u0131\u011f\u0131n\u0131 art\u0131rarak \u0131\u015f\u0131\u011f\u0131n cildin daha derinlerine n\u00fcfuz etmesini ve daha kal\u0131n sedef plaklar\u0131n\u0131 etkili bir \u015fekilde tedavi etmesini sa\u011flar. PUVA genellikle daha \u015fiddetli veya yayg\u0131n sedef hastal\u0131\u011f\u0131 i\u00e7in ve ayr\u0131ca palmoplantar sedef hastal\u0131\u011f\u0131 (ellerde ve ayaklarda sedef hastal\u0131\u011f\u0131) i\u00e7in kullan\u0131l\u0131r.<\/li>\n<\/ul>\n\n\n\n<h4 class=\"wp-block-heading\"><span class=\"ez-toc-section\" id=\"Excimer_Laser\"><\/span>Eksimer Lazer<span class=\"ez-toc-section-end\"><\/span><\/h4>\n\n\n\n<p>Eksimer lazer, sedef plaklar\u0131na do\u011frudan y\u00fcksek yo\u011funluklu bir UVB \u0131\u015f\u0131\u011f\u0131 (308 nanometre) ileten hedefli bir fototerapi bi\u00e7imidir. Bu, sa\u011fl\u0131kl\u0131 cildin geni\u015f alanlar\u0131n\u0131 UV radyasyonuna maruz b\u0131rakmadan sedef hastal\u0131\u011f\u0131n\u0131n belirli, lokalize alanlar\u0131n\u0131n tedavisine olanak tan\u0131r. Eksimer lazer, \u00f6zellikle kafa derisi, dirsekler, dizler ve di\u011fer lokalize alanlardaki inat\u00e7\u0131 plaklar\u0131n tedavisinde faydal\u0131d\u0131r.<\/p>\n\n\n\n<h4 class=\"wp-block-heading\"><span class=\"ez-toc-section\" id=\"Other_Light_Therapies\"><\/span>Di\u011fer I\u015f\u0131k Terapileri<span class=\"ez-toc-section-end\"><\/span><\/h4>\n\n\n\n<p>UVB, UVA ve excimer lazer sedef hastal\u0131\u011f\u0131 i\u00e7in en yayg\u0131n fototerapi t\u00fcrleri olmakla birlikte, di\u011fer \u0131\u015f\u0131k bazl\u0131 tedaviler de ara\u015ft\u0131r\u0131lmaktad\u0131r:<\/p>\n\n\n\n<ul class=\"wp-block-list\">\n<li><strong>Mavi I\u015f\u0131k Terapisi:<\/strong> Baz\u0131 \u00e7al\u0131\u015fmalar mavi \u0131\u015f\u0131\u011f\u0131n (yakla\u015f\u0131k 405-420 nanometre) iltihap giderici etkileri olabilece\u011fini ve hafif sedef hastal\u0131\u011f\u0131 i\u00e7in faydal\u0131 olabilece\u011fini \u00f6ne s\u00fcrmektedir. Ancak, genellikle UVB veya UVA&#039;dan daha az etkili oldu\u011fu d\u00fc\u015f\u00fcn\u00fclmektedir.<\/li>\n\n\n\n<li><strong>Darbeli Boya Lazeri:<\/strong> Bu lazer \u00f6ncelikle kan damarlar\u0131n\u0131 hedef al\u0131r ve sedef hastal\u0131\u011f\u0131yla ili\u015fkili k\u0131zar\u0131kl\u0131\u011f\u0131 azaltmak i\u00e7in kullan\u0131labilir.<\/li>\n<\/ul>\n\n\n\n<h2 class=\"wp-block-heading\"><span class=\"ez-toc-section\" id=\"Delving_Deeper_Understanding_the_Science_Behind_Phototherapy\"><\/span>Daha Derine \u0130nmek: Fototerapinin Arkas\u0131ndaki Bilimi Anlamak<span class=\"ez-toc-section-end\"><\/span><\/h2>\n\n\n\n<p>Fototerapinin sedef hastal\u0131\u011f\u0131n\u0131n tedavisindeki etkinli\u011fi, ba\u011f\u0131\u015f\u0131kl\u0131k sistemini d\u00fczenleme ve cilt h\u00fccrelerinin h\u0131zl\u0131 d\u00f6n\u00fc\u015f\u00fcm\u00fcn\u00fc yava\u015flatma yetene\u011finde yatmaktad\u0131r. \u0130\u015fte farkl\u0131 fototerapi t\u00fcrlerinin nas\u0131l \u00e7al\u0131\u015ft\u0131\u011f\u0131na daha yak\u0131ndan bir bak\u0131\u015f:<\/p>\n\n\n\n<h3 class=\"wp-block-heading\"><span class=\"ez-toc-section\" id=\"How_UVB_Works\"><\/span>UVB Nas\u0131l \u00c7al\u0131\u015f\u0131r?<span class=\"ez-toc-section-end\"><\/span><\/h3>\n\n\n\n<p>UVB \u0131\u015f\u0131\u011f\u0131n\u0131n, \u00f6zellikle dar bantl\u0131 UVB \u0131\u015f\u0131\u011f\u0131n\u0131n, birka\u00e7 mekanizma arac\u0131l\u0131\u011f\u0131yla \u00e7al\u0131\u015ft\u0131\u011f\u0131 d\u00fc\u015f\u00fcn\u00fclmektedir:<\/p>\n\n\n\n<ul class=\"wp-block-list\">\n<li><strong>Cilt H\u00fccresi B\u00fcy\u00fcmesinin Yava\u015flat\u0131lmas\u0131:<\/strong> UVB \u0131\u015f\u0131nlar\u0131, sedef hastal\u0131\u011f\u0131nda plaklar\u0131n kal\u0131nla\u015fmas\u0131ndan sorumlu olan epidermisin birincil h\u00fccreleri olan keratinositlerin a\u015f\u0131r\u0131 \u00e7o\u011falmas\u0131n\u0131 engeller.<\/li>\n\n\n\n<li><strong>Ba\u011f\u0131\u015f\u0131kl\u0131k Sisteminin D\u00fczenlenmesi:<\/strong> UVB \u0131\u015f\u0131\u011f\u0131, sedef hastal\u0131\u011f\u0131n\u0131n iltihapl\u0131 s\u00fcrecinde \u00f6nemli rol oynayan T h\u00fccreleri gibi ciltteki baz\u0131 ba\u011f\u0131\u015f\u0131kl\u0131k h\u00fccrelerinin aktivitesini bask\u0131layabilir.<\/li>\n\n\n\n<li><strong>Apoptozisin (H\u00fccre \u00d6l\u00fcm\u00fcn\u00fcn) Tetiklenmesi:<\/strong> UVB, a\u015f\u0131r\u0131 aktif ba\u011f\u0131\u015f\u0131kl\u0131k h\u00fccreleri ve keratinositlerde programlanm\u0131\u015f h\u00fccre \u00f6l\u00fcm\u00fcn\u00fc tetikleyerek, sedef plaklar\u0131ndaki iltihab\u0131n ve anormal h\u00fccre b\u00fcy\u00fcmesinin \u00e7\u00f6z\u00fclmesine yard\u0131mc\u0131 olabilir.<\/li>\n<\/ul>\n\n\n\n<h3 class=\"wp-block-heading\"><span class=\"ez-toc-section\" id=\"How_UVA_Works_and_the_role_of_Psoralen\"><\/span>UVA Nas\u0131l \u00c7al\u0131\u015f\u0131r (ve Psoralen&#039;in Rol\u00fc)<span class=\"ez-toc-section-end\"><\/span><\/h3>\n\n\n\n<p>UVA \u0131\u015f\u0131\u011f\u0131, UVB&#039;den daha derine n\u00fcfuz eder. PUVA terapisinde kullan\u0131ld\u0131\u011f\u0131nda, yutulan veya topikal olarak uygulanan psoralen, cilt h\u00fccrelerini UVA radyasyonuna kar\u015f\u0131 daha hassas hale getirir. Bu kombinasyon \u015funlara yol a\u00e7ar:<\/p>\n\n\n\n<ul class=\"wp-block-list\">\n<li><strong>DNA Sentezinin \u0130nhibisyonu:<\/strong> Psoralen ile g\u00fc\u00e7lendirilen UVA \u0131\u015f\u0131\u011f\u0131, h\u0131zla b\u00f6l\u00fcnen cilt h\u00fccrelerinde DNA sentezini do\u011frudan engelleyerek b\u00fcy\u00fcmelerini yava\u015flatabilir.<\/li>\n\n\n\n<li><strong>Ba\u011f\u0131\u015f\u0131kl\u0131k Sisteminin Bask\u0131lanmas\u0131:<\/strong> PUVA tedavisi ayn\u0131 zamanda ciltteki ba\u011f\u0131\u015f\u0131kl\u0131k h\u00fccrelerinin aktivitesini bask\u0131layarak inflamasyonun azalmas\u0131na da katk\u0131da bulunabiliyor.<\/li>\n\n\n\n<li><strong>Artan Melanosit Aktivitesi:<\/strong> Baz\u0131 durumlarda PUVA, sedef plaklar\u0131 temizlendikten sonra olu\u015fabilen hipopigmentasyon alanlar\u0131n\u0131n yeniden pigmentasyonuna yard\u0131mc\u0131 olabilir.<\/li>\n<\/ul>\n\n\n\n<h3 class=\"wp-block-heading\"><span class=\"ez-toc-section\" id=\"How_Excimer_Laser_Works\"><\/span>Excimer Lazer Nas\u0131l \u00c7al\u0131\u015f\u0131r?<span class=\"ez-toc-section-end\"><\/span><\/h3>\n\n\n\n<p>Eksimer lazer, hedeflenen sedef plaklar\u0131na dar bantl\u0131 UVB \u0131\u015f\u0131\u011f\u0131n\u0131n (308 nm) y\u00fcksek yo\u011funluklu, odaklanm\u0131\u015f bir demetini iletir. Bu yo\u011funla\u015ft\u0131r\u0131lm\u0131\u015f enerji:<\/p>\n\n\n\n<ul class=\"wp-block-list\">\n<li><strong>\u00d6zellikle Etkilenen B\u00f6lgeleri Hedefliyor:<\/strong> Lazer, lokalize plaklar\u0131n hassas bir \u015fekilde tedavi edilmesini sa\u011flayarak, \u00e7evredeki sa\u011fl\u0131kl\u0131 deriye maruziyeti en aza indirir.<\/li>\n\n\n\n<li><strong>Daha H\u0131zl\u0131 Tasfiye Sa\u011flar:<\/strong> Lazerin daha yo\u011fun olmas\u0131, geleneksel UVB tedavisine k\u0131yasla tedavi edilen b\u00f6lgelerde sedef hastal\u0131\u011f\u0131n\u0131n daha h\u0131zl\u0131 temizlenmesini sa\u011flar.<\/li>\n\n\n\n<li><strong>Daha Az Tedavi Seans\u0131 Gerektirebilir:<\/strong> Excimer lazer tedavisinin etkinli\u011fi nedeniyle, belirgin iyile\u015fme sa\u011flamak i\u00e7in daha az seans gerekebilir.<\/li>\n<\/ul>\n\n\n\n<h3 class=\"wp-block-heading\"><span class=\"ez-toc-section\" id=\"Benefits_of_Phototherapy_for_Psoriasis\"><\/span>Sedef Hastal\u0131\u011f\u0131nda Fototerapinin Faydalar\u0131<span class=\"ez-toc-section-end\"><\/span><\/h3>\n\n\n\n<p>Fototerapi, bir tedavi y\u00f6ntemi olarak \u00e7e\u015fitli avantajlar sunar. <strong>Sedef Hastal\u0131\u011f\u0131 Tedavisi<\/strong>:<\/p>\n\n\n\n<ul class=\"wp-block-list\">\n<li><strong>Orta ila \u015eiddetli Sedef Hastal\u0131\u011f\u0131na Kar\u015f\u0131 Etkilidir:<\/strong> Sedef hastal\u0131\u011f\u0131 topikal ila\u00e7larla yeterince kontrol alt\u0131na al\u0131namayan ki\u015filerde \u00f6nemli bir rahatlama sa\u011flayabilir.<\/li>\n\n\n\n<li><strong>Hedefli Tedavi:<\/strong> \u00d6ncelikle cildi etkiler, bu nedenle oral veya enjekte edilebilir ila\u00e7lara g\u00f6re sistemik yan etkileri en aza indirir.<\/li>\n\n\n\n<li><strong>Uzun S\u00fcreli Remisyonlara Yol A\u00e7abilir:<\/strong> Fototerapi k\u00fcr\u00fcn\u00fc tamamlad\u0131ktan sonra bir\u00e7ok hastada ciltte uzun s\u00fcreli berrakl\u0131k veya belirgin iyile\u015fme g\u00f6r\u00fcl\u00fcr.<\/li>\n\n\n\n<li><strong>\u00c7ok Y\u00f6nl\u00fc Uygulama:<\/strong> Sedef hastal\u0131\u011f\u0131n\u0131n \u00e7e\u015fitli formlar\u0131n\u0131 ve yerlerini tedavi etmek i\u00e7in farkl\u0131 fototerapi tipleri kullan\u0131labilir.<\/li>\n\n\n\n<li><strong>Di\u011fer Tedavilerle Birlikte Kullan\u0131labilir:<\/strong> Fototerapi, etkinli\u011fini art\u0131rmak amac\u0131yla s\u0131kl\u0131kla topikal ila\u00e7larla veya sistemik tedavilerle birle\u015ftirilebilir.<\/li>\n<\/ul>\n\n\n\n<h2 class=\"wp-block-heading\"><span class=\"ez-toc-section\" id=\"Who_Can_Benefit_from_Phototherapy\"><\/span>Fototerapiden Kimler Faydalanabilir?<span class=\"ez-toc-section-end\"><\/span><\/h2>\n\n\n\n<p>Fototerapi uygun bir tedavi y\u00f6ntemidir <strong>Sedef Hastal\u0131\u011f\u0131 Tedavisi<\/strong> Bir\u00e7ok ki\u015fi i\u00e7in ayn\u0131 \u015fey ge\u00e7erli de\u011fildir, ancak sedef hastal\u0131\u011f\u0131n\u0131n \u00f6zel t\u00fcr\u00fcn\u00fc, \u015fiddetini ve bireysel hasta fakt\u00f6rlerini dikkate almak \u00f6nemlidir.<\/p>\n\n\n\n<h3 class=\"wp-block-heading\"><span class=\"ez-toc-section\" id=\"Indications_for_Phototherapy\"><\/span>Fototerapi Endikasyonlar\u0131<span class=\"ez-toc-section-end\"><\/span><\/h3>\n\n\n\n<p>Fototerapi genellikle \u015fu durumlarda \u00f6nerilir:<\/p>\n\n\n\n<ul class=\"wp-block-list\">\n<li><strong>Orta ila \u015eiddetli Plak Sedef Hastal\u0131\u011f\u0131:<\/strong> \u00d6zellikle topikal tedaviler etkisiz kald\u0131\u011f\u0131nda veya yayg\u0131n hastal\u0131k i\u00e7in uygulanamaz hale geldi\u011finde.<\/li>\n\n\n\n<li><strong>Guttat Sedef Hastal\u0131\u011f\u0131:<\/strong> Guttat sedef hastal\u0131\u011f\u0131n\u0131n k\u00fc\u00e7\u00fck damlac\u0131k benzeri plaklar\u0131 genellikle UVB fototerapisine iyi yan\u0131t verir.<\/li>\n\n\n\n<li><strong>Sa\u00e7l\u0131 Deri Sedef Hastal\u0131\u011f\u0131:<\/strong> Sa\u00e7l\u0131 derideki sedef hastal\u0131\u011f\u0131n\u0131n tedavisinde UVB fototerapi ve excimer lazer etkili olabilir.<\/li>\n\n\n\n<li><strong>Avu\u00e7 \u0130\u00e7i (Palm-plantar) Sedef Hastal\u0131\u011f\u0131:<\/strong> PUVA tedavisi s\u0131kl\u0131kla el i\u00e7i ve ayak tabanlar\u0131n\u0131 etkileyen sedef hastal\u0131\u011f\u0131nda kullan\u0131l\u0131r.<\/li>\n\n\n\n<li><strong>Sistemik Olmayan Tedavi Arayan Bireyler:<\/strong> Fototerapi, di\u011fer sa\u011fl\u0131k sorunlar\u0131 veya olas\u0131 yan etkiler nedeniyle sistemik ila\u00e7lardan ka\u00e7\u0131nmay\u0131 tercih eden veya kullanamayan ki\u015filer i\u00e7in iyi bir se\u00e7enek olabilir.<\/li>\n<\/ul>\n\n\n\n<h3 class=\"wp-block-heading\"><span class=\"ez-toc-section\" id=\"Contraindications_and_Precautions\"><\/span>Kontrendikasyonlar ve \u00d6nlemler<span class=\"ez-toc-section-end\"><\/span><\/h3>\n\n\n\n<p>Fototerapi genel olarak g\u00fcvenli olmakla birlikte, dikkate al\u0131nmas\u0131 gereken baz\u0131 kontrendikasyonlar ve \u00f6nlemler vard\u0131r:<\/p>\n\n\n\n<ul class=\"wp-block-list\">\n<li><strong>Baz\u0131 I\u015f\u0131\u011fa Duyarl\u0131 Durumlar:<\/strong> Lupus veya kseroderma pigmentosum gibi g\u00fcne\u015f \u0131\u015f\u0131\u011f\u0131na kar\u015f\u0131 a\u015f\u0131r\u0131 hassasiyete neden olan rahats\u0131zl\u0131klar\u0131 olan ki\u015filer fototerapi i\u00e7in uygun olmayabilir.<\/li>\n\n\n\n<li><strong>Cilt Kanserinin Tarih\u00e7esi:<\/strong> Ki\u015fisel cilt kanseri \u00f6yk\u00fcs\u00fc g\u00f6receli bir kontrendikasyon olabilir ve dikkatli de\u011ferlendirme ve izleme gereklidir.<\/li>\n\n\n\n<li><strong>Baz\u0131 \u0130la\u00e7lar:<\/strong> Baz\u0131 ila\u00e7lar fotosensitiviteyi art\u0131rabilir ve fototerapiye ba\u015flamadan \u00f6nce ayarlanmas\u0131 veya kesilmesi gerekebilir.<\/li>\n\n\n\n<li><strong>Hamilelik ve Emzirme:<\/strong> PUVA tedavisi genellikle gebelik ve emzirme d\u00f6neminde ka\u00e7\u0131n\u0131lmal\u0131d\u0131r. UVB tedavisi dikkatli bir \u015fekilde d\u00fc\u015f\u00fcn\u00fclebilir.<\/li>\n\n\n\n<li><strong>Ya\u015f:<\/strong> \u00c7ok k\u00fc\u00e7\u00fck \u00e7ocuklar, uyumun zorlu\u011fu ve potansiyel uzun vadeli riskler nedeniyle fototerapi i\u00e7in ideal adaylar olmayabilir.<\/li>\n<\/ul>\n\n\n\n<h2 class=\"wp-block-heading\"><span class=\"ez-toc-section\" id=\"What_to_Expect_During_Phototherapy_Treatment\"><\/span>Fototerapi Tedavisi S\u0131ras\u0131nda Neler Beklemelisiniz?<span class=\"ez-toc-section-end\"><\/span><\/h2>\n\n\n\n<p>Fototerapiye girmek <strong>Sedef Hastal\u0131\u011f\u0131 Tedavileri<\/strong> involves a series of sessions, typically conducted in a dermatologist&#8217;s office or a specialized phototherapy center.<\/p>\n\n\n\n<h3 class=\"wp-block-heading\"><span class=\"ez-toc-section\" id=\"Preparation_for_Treatment\"><\/span>Tedaviye Haz\u0131rl\u0131k<span class=\"ez-toc-section-end\"><\/span><\/h3>\n\n\n\n<p>Fototerapiye ba\u015flamadan \u00f6nce dermatolo\u011funuz:<\/p>\n\n\n\n<ul class=\"wp-block-list\">\n<li><strong>T\u0131bbi Ge\u00e7mi\u015finizi De\u011ferlendirin:<\/strong> Sizin i\u00e7in g\u00fcvenli ve uygun bir tedavi se\u00e7ene\u011fi oldu\u011fundan emin olmak i\u00e7in.<\/li>\n\n\n\n<li><strong>Fototerapi T\u00fcr\u00fcn\u00fc Belirleyin:<\/strong> Sedef hastal\u0131\u011f\u0131n\u0131z\u0131n t\u00fcr\u00fcne ve \u015fiddetine g\u00f6re.<\/li>\n\n\n\n<li><strong>Bir Tedavi Plan\u0131 Olu\u015fturun:<\/strong> UV \u0131\u015f\u0131\u011f\u0131n\u0131n ba\u015flang\u0131\u00e7 dozu ve seans s\u0131kl\u0131\u011f\u0131 dahil.<\/li>\n\n\n\n<li><strong>Talimatlar\u0131 Verin:<\/strong> Her seansa nas\u0131l haz\u0131rlanaca\u011f\u0131n\u0131z, \u00f6rne\u011fin belirli ila\u00e7lardan ka\u00e7\u0131nmak veya koruyucu g\u00f6zl\u00fck takmak gibi. PUVA terapisi i\u00e7in ayr\u0131ca psoralen&#039;i ne zaman ve nas\u0131l alaca\u011f\u0131n\u0131z veya uygulayaca\u011f\u0131n\u0131z konusunda talimatlar alacaks\u0131n\u0131z.<\/li>\n<\/ul>\n\n\n\n<h3 class=\"wp-block-heading\"><span class=\"ez-toc-section\" id=\"The_Treatment_Process\"><\/span>Tedavi S\u00fcreci<span class=\"ez-toc-section-end\"><\/span><\/h3>\n\n\n\n<p>Fototerapi seans\u0131 s\u0131ras\u0131nda:<\/p>\n\n\n\n<ul class=\"wp-block-list\">\n<li><strong>UV I\u015f\u0131\u011f\u0131na Maruz Kalma:<\/strong> Cildinizin etkilenen b\u00f6lgelerini re\u00e7ete edilen dozda UV \u0131\u015f\u0131\u011f\u0131na maruz b\u0131rakmak i\u00e7in \u00f6zel bir \u0131\u015f\u0131k kabininde duracaks\u0131n\u0131z veya el tipi bir cihaz kullanacaks\u0131n\u0131z.<\/li>\n\n\n\n<li><strong>Maruz Kalma S\u00fcresi:<\/strong> Ba\u015flang\u0131\u00e7taki maruz kalma s\u00fcresi genellikle \u00e7ok k\u0131sad\u0131r, \u00e7o\u011fu zaman sadece birka\u00e7 saniyedir ve cildiniz uyum sa\u011flad\u0131k\u00e7a sonraki seanslarda kademeli olarak art\u0131r\u0131l\u0131r.<\/li>\n\n\n\n<li><strong>Koruyucu \u00d6nlemler:<\/strong> G\u00f6zlerinize zarar gelmesini \u00f6nlemek i\u00e7in koruyucu g\u00f6zl\u00fck takman\u0131z gerekecektir. Erkekler i\u00e7in genital koruma da \u00f6nerilebilir.<\/li>\n\n\n\n<li><strong>PUVA \u00d6zellikleri:<\/strong> PUVA tedavisi g\u00f6r\u00fcyorsan\u0131z, genellikle UVA maruziyetinizden yakla\u015f\u0131k 1-2 saat \u00f6nce psoralen al\u0131rs\u0131n\u0131z veya tedaviden hemen \u00f6nce psoralen banyosuna girersiniz. Ayr\u0131ca, g\u00f6zlerinizi uzun s\u00fcreli fotosensitiviteden korumak i\u00e7in tedavinizden sonra bir s\u00fcre UVA koruyucu g\u00fcne\u015f g\u00f6zl\u00fc\u011f\u00fc takman\u0131z gerekecektir.<\/li>\n<\/ul>\n\n\n\n<h3 class=\"wp-block-heading\"><span class=\"ez-toc-section\" id=\"Duration_and_Frequency_of_Sessions\"><\/span>Seanslar\u0131n S\u00fcresi ve S\u0131kl\u0131\u011f\u0131<span class=\"ez-toc-section-end\"><\/span><\/h3>\n\n\n\n<p>Fototerapi k\u00fcr\u00fcn\u00fcn s\u00fcresi ve seans s\u0131kl\u0131\u011f\u0131, fototerapi t\u00fcr\u00fcne, sedef hastal\u0131\u011f\u0131n\u0131z\u0131n \u015fiddetine ve tedaviye bireysel yan\u0131t\u0131n\u0131za ba\u011fl\u0131 olarak de\u011fi\u015fir. Tipik olarak, hastalar sedef hastal\u0131klar\u0131 \u00f6nemli \u00f6l\u00e7\u00fcde iyile\u015fene kadar birka\u00e7 hafta veya ay boyunca haftada 2-3 kez fototerapiye girerler. N\u00fcksetmeyi \u00f6nlemek i\u00e7in daha az s\u0131kl\u0131kta seanslarla bak\u0131m tedavisi \u00f6nerilebilir.<\/p>\n\n\n\n<h3 class=\"wp-block-heading\"><span class=\"ez-toc-section\" id=\"Potential_Side_Effects\"><\/span>Olas\u0131 Yan Etkiler<span class=\"ez-toc-section-end\"><\/span><\/h3>\n\n\n\n<p>Fototerapi genel olarak iyi tolere edilse de baz\u0131 yan etkiler g\u00f6r\u00fclebilir:<\/p>\n\n\n\n<h4 class=\"wp-block-heading\"><span class=\"ez-toc-section\" id=\"Short-Term_Side_Effects\"><\/span>K\u0131sa Vadeli Yan Etkiler<span class=\"ez-toc-section-end\"><\/span><\/h4>\n\n\n\n<ul class=\"wp-block-list\">\n<li><strong>K\u0131zar\u0131kl\u0131k ve Hafif G\u00fcne\u015f Yan\u0131\u011f\u0131:<\/strong> Hafif bir g\u00fcne\u015f yan\u0131\u011f\u0131na benzer \u015fekilde, tedavi edilen ciltte k\u0131zar\u0131kl\u0131k, s\u0131cakl\u0131k ve hafif hassasiyet olu\u015fabilir.<\/li>\n\n\n\n<li><strong>Ka\u015f\u0131nt\u0131:<\/strong> Baz\u0131 ki\u015filerde tedavi sonras\u0131nda ka\u015f\u0131nt\u0131da art\u0131\u015f g\u00f6r\u00fclebilir.<\/li>\n\n\n\n<li><strong>Kuru Cilt:<\/strong> Ciltte kuruluk meydana gelebilir ve nemlendiricilerin daha fazla kullan\u0131lmas\u0131 gerekebilir.<\/li>\n\n\n\n<li><strong>PUVA&#039;ya \u00d6zg\u00fc Yan Etkiler:<\/strong> \u00d6zellikle oral psoralen kullan\u0131m\u0131ndan sonra mide bulant\u0131s\u0131 ve artan fotosensitivite (g\u00fcne\u015ften dikkatli korunmay\u0131 gerektirir).<\/li>\n<\/ul>\n\n\n\n<h4 class=\"wp-block-heading\"><span class=\"ez-toc-section\" id=\"Long-Term_Side_Effects\"><\/span>Uzun Vadeli Yan Etkiler<span class=\"ez-toc-section-end\"><\/span><\/h4>\n\n\n\n<ul class=\"wp-block-list\">\n<li><strong>Cilt Kanseri Riskinin Artmas\u0131:<\/strong> UV radyasyonuna, \u00f6zellikle UVA&#039;ya uzun s\u00fcre maruz kalmak, melanom ve melanom d\u0131\u015f\u0131 cilt kanserleri dahil olmak \u00fczere cilt kanseri riskini art\u0131rabilir. Denetimli fototerapi ile risk genellikle d\u00fc\u015f\u00fck kabul edilir ancak fark\u0131nda olunmas\u0131 gereken bir fakt\u00f6rd\u00fcr.<\/li>\n\n\n\n<li><strong>Erken Cilt Ya\u015flanmas\u0131:<\/strong> Uzun s\u00fcreli UV \u0131\u015f\u0131nlar\u0131na maruz kalmak ayn\u0131 zamanda erken k\u0131r\u0131\u015fmaya ve cilt ya\u015flanmas\u0131n\u0131n di\u011fer belirtilerine de yol a\u00e7abilir.<\/li>\n\n\n\n<li><strong>Katarakt:<\/strong> PUVA tedavisi s\u0131ras\u0131nda g\u00f6zlerin yetersiz korunmas\u0131 katarakt riskini art\u0131rabilir.<\/li>\n<\/ul>\n\n\n\n<h3 class=\"wp-block-heading\"><span class=\"ez-toc-section\" id=\"Managing_Side_Effects\"><\/span>Yan Etkilerin Y\u00f6netimi<span class=\"ez-toc-section-end\"><\/span><\/h3>\n\n\n\n<p>Dermatolo\u011funuz fototerapinin olas\u0131 yan etkilerinin nas\u0131l y\u00f6netilece\u011fi konusunda rehberlik sa\u011flayacakt\u0131r. Bunlar \u015funlar\u0131 i\u00e7erebilir:<\/p>\n\n\n\n<ul class=\"wp-block-list\">\n<li><strong>Nemlendirici Kullan\u0131m\u0131:<\/strong> Kurulukla m\u00fccadele i\u00e7in.<\/li>\n\n\n\n<li><strong>Hafif Topikal Kortikosteroidlerin Uygulanmas\u0131:<\/strong> K\u0131zar\u0131kl\u0131k ve ka\u015f\u0131nt\u0131y\u0131 azaltmak i\u00e7in.<\/li>\n\n\n\n<li><strong>Antihistaminik Kullan\u0131m\u0131:<\/strong> Ka\u015f\u0131nt\u0131ya yard\u0131mc\u0131 olur.<\/li>\n\n\n\n<li><strong>S\u0131k\u0131 G\u00fcne\u015f Korumas\u0131:<\/strong> G\u00fcne\u015f yan\u0131\u011f\u0131 ve uzun vadeli cilt hasar\u0131 riskini en aza indirmek i\u00e7in.<\/li>\n\n\n\n<li><strong>Uygun G\u00f6z Korumas\u0131:<\/strong> Tedavi s\u0131ras\u0131nda ve sonras\u0131nda (\u00f6zellikle PUVA ile) UV koruyucu g\u00f6zl\u00fck tak\u0131lmas\u0131.<\/li>\n<\/ul>\n\n\n\n<h2 class=\"wp-block-heading\"><span class=\"ez-toc-section\" id=\"Phototherapy_in_Conjunction_with_Other_Psoriasis_Treatments\"><\/span>Di\u011fer Sedef Hastal\u0131\u011f\u0131 Tedavileriyle Birlikte Fototerapi<span class=\"ez-toc-section-end\"><\/span><\/h2>\n\n\n\n<p>Fototerapi genellikle di\u011fer tedavi y\u00f6ntemleriyle birlikte etkili bir \u015fekilde kullan\u0131labilir. <strong>Sedef Hastal\u0131\u011f\u0131 Tedavileri<\/strong> Sonu\u00e7lar\u0131 iyile\u015ftirmek ve potansiyel olarak y\u00fcksek dozda sistemik ila\u00e7 ihtiyac\u0131n\u0131 azaltmak.<\/p>\n\n\n\n<h3 class=\"wp-block-heading\"><span class=\"ez-toc-section\" id=\"Combination_Therapy_Approaches\"><\/span>Kombinasyon Terapi Yakla\u015f\u0131mlar\u0131<span class=\"ez-toc-section-end\"><\/span><\/h3>\n\n\n\n<ul class=\"wp-block-list\">\n<li><strong>Topikal Tedaviler ve Fototerapi:<\/strong> Fototerapi seanslar\u0131ndan sonra topikal kortikosteroidlerin veya D vitamini analoglar\u0131n\u0131n uygulanmas\u0131 bazen temizlenme oranlar\u0131n\u0131 iyile\u015ftirebilir ve remisyonlar\u0131 uzatabilir.<\/li>\n\n\n\n<li><strong>Sistemik \u0130la\u00e7lar ve Fototerapi:<\/strong> Baz\u0131 \u015fiddetli sedef hastal\u0131\u011f\u0131 vakalar\u0131nda, daha iyi kontrol sa\u011flamak i\u00e7in fototerapi d\u00fc\u015f\u00fck doz sistemik ila\u00e7larla birlikte kullan\u0131labilir. Bu yakla\u015f\u0131m bazen daha d\u00fc\u015f\u00fck doz sistemik ila\u00e7lara izin verebilir ve potansiyel olarak yan etkilerini azaltabilir.<\/li>\n<\/ul>\n\n\n\n<h2 class=\"wp-block-heading\"><span class=\"ez-toc-section\" id=\"The_Advantages_and_Disadvantages_of_Phototherapy_for_Psoriasis\"><\/span>Sedef Hastal\u0131\u011f\u0131 \u0130\u00e7in Fototerapinin Avantajlar\u0131 ve Dezavantajlar\u0131<span class=\"ez-toc-section-end\"><\/span><\/h2>\n\n\n\n<p>Fototerapinin art\u0131lar\u0131n\u0131 ve eksilerini anlamak, bireylerin kendi ya\u015famlar\u0131 hakk\u0131nda bilin\u00e7li kararlar almalar\u0131na yard\u0131mc\u0131 olabilir. <strong>Sedef Hastal\u0131\u011f\u0131 Tedavileri<\/strong>.<\/p>\n\n\n\n<h3 class=\"wp-block-heading\"><span class=\"ez-toc-section\" id=\"Benefits_Summarized\"><\/span>\u00d6zetlenen Faydalar<span class=\"ez-toc-section-end\"><\/span><\/h3>\n\n\n\n<ul class=\"wp-block-list\">\n<li>Orta ve \u015fiddetli sedef hastal\u0131\u011f\u0131na kar\u015f\u0131 etkilidir.<\/li>\n\n\n\n<li>Minimal sistemik yan etkilere sahip hedefli tedavi.<\/li>\n\n\n\n<li>Uzun s\u00fcreli remisyonlara yol a\u00e7abilir.<\/li>\n\n\n\n<li>Sedef hastal\u0131\u011f\u0131n\u0131n farkl\u0131 tipleri ve yerle\u015fim yerleri i\u00e7in \u00e7ok y\u00f6nl\u00fcd\u00fcr.<\/li>\n\n\n\n<li>Di\u011fer tedavilerle kombine edilebilir.<\/li>\n<\/ul>\n\n\n\n<h3 class=\"wp-block-heading\"><span class=\"ez-toc-section\" id=\"Limitations_and_Considerations\"><\/span>S\u0131n\u0131rlamalar ve Hususlar<span class=\"ez-toc-section-end\"><\/span><\/h3>\n\n\n\n<ul class=\"wp-block-list\">\n<li>Birka\u00e7 hafta veya ay boyunca birden fazla seans gerektirir.<\/li>\n\n\n\n<li>Zaman al\u0131c\u0131 olabilir ve tedavi merkezine gitmeyi gerektirebilir.<\/li>\n\n\n\n<li>K\u0131zar\u0131kl\u0131k ve ka\u015f\u0131nt\u0131 gibi k\u0131sa vadeli yan etki potansiyeli vard\u0131r.<\/li>\n\n\n\n<li>Uzun vadede cilt kanseri ve erken cilt ya\u015flanmas\u0131 riski (uygun g\u00f6zetim alt\u0131nda d\u00fc\u015f\u00fck kabul edilir).<\/li>\n\n\n\n<li>Herkes i\u00e7in uygun de\u011fildir, t\u0131bbi ge\u00e7mi\u015fe ve di\u011fer fakt\u00f6rlere ba\u011fl\u0131d\u0131r.<\/li>\n<\/ul>\n\n\n\n<h2 class=\"wp-block-heading\"><span class=\"ez-toc-section\" id=\"Navigating_Your_Phototherapy_Journey_Working_with_Healthcare_Professionals\"><\/span>Fototerapi Yolculu\u011funuzda Yol Almak: Sa\u011fl\u0131k Profesyonelleriyle \u00c7al\u0131\u015fmak<span class=\"ez-toc-section-end\"><\/span><\/h2>\n\n\n\n<p>Fototerapiyi bir tedavi y\u00f6ntemi olarak se\u00e7mek <strong>Sedef Hastal\u0131\u011f\u0131 Tedavisi<\/strong> Nitelikli bir dermatologla g\u00f6r\u00fc\u015f\u00fclerek al\u0131nmas\u0131 gereken \u00f6nemli bir karard\u0131r. Bireysel ihtiya\u00e7lar\u0131n\u0131z\u0131 de\u011ferlendirebilir, en uygun fototerapi t\u00fcr\u00fcn\u00fc belirleyebilir ve ki\u015fiselle\u015ftirilmi\u015f bir tedavi plan\u0131 geli\u015ftirebilirler. Fototerapi yolculu\u011funuz boyunca ilerlemenizi izlemek, yan etkileri y\u00f6netmek ve gerekti\u011finde tedavinizde ayarlamalar yapmak i\u00e7in sa\u011fl\u0131k ekibinizle d\u00fczenli ileti\u015fim kurmak \u00e7ok \u00f6nemlidir.<\/p>\n\n\n\n<h2 class=\"wp-block-heading\"><span class=\"ez-toc-section\" id=\"Conclusion_Shedding_Light_on_Effective_Psoriasis_Treatments\"><\/span>Sonu\u00e7: Etkili Sedef Hastal\u0131\u011f\u0131 Tedavilerine I\u015f\u0131k Tutmak<span class=\"ez-toc-section-end\"><\/span><\/h2>\n\n\n\n<p>Fototerapi g\u00fc\u00e7l\u00fc ve k\u00f6kl\u00fc bir tedavi y\u00f6ntemidir. <strong>Sedef Hastal\u0131\u011f\u0131 Tedavisi<\/strong> Topikal ila\u00e7lar\u0131n \u00f6tesinde rahatlama arayan bireyler i\u00e7in bir se\u00e7enek. Ultraviyole \u0131\u015f\u0131\u011f\u0131n terap\u00f6tik etkilerinden yararlanarak, farkl\u0131 fototerapi bi\u00e7imleri iltihab\u0131 etkili bir \u015fekilde azaltabilir ve sedef hastal\u0131\u011f\u0131n\u0131n karakteristik \u00f6zelli\u011fi olan h\u0131zl\u0131 cilt h\u00fccresi yenilenmesini yava\u015flatabilir. D\u00fczenli tedavi seanslar\u0131na ba\u011fl\u0131l\u0131k gerektirse ve baz\u0131 potansiyel riskler ta\u015f\u0131sa da, daha temiz bir cilde ve iyile\u015ftirilmi\u015f ya\u015fam kalitesine ula\u015fman\u0131n faydalar\u0131 bir\u00e7ok ki\u015fi i\u00e7in \u00f6nemli olabilir. Orta ila \u015fiddetli sedef hastal\u0131\u011f\u0131yla m\u00fccadele ediyorsan\u0131z veya ba\u015fka <strong>Sedef Hastal\u0131\u011f\u0131 Tedavileri<\/strong> Yeterli rahatlama sa\u011flamad\u0131ysa, dermatolo\u011funuzla fototerapiyi g\u00f6r\u00fc\u015fmek, durumunuzu y\u00f6netme ve daha sa\u011fl\u0131kl\u0131, daha mutlu bir cilde kavu\u015fma yolunda umut verici bir yol g\u00f6sterebilir.<\/p>\n\n\n\n<p>G\u00fcvendi\u011finiz Dr. Ebru Okyay&#039;\u0131n uzmanl\u0131\u011f\u0131n\u0131 ke\u015ffedin&nbsp;<a href=\"https:\/\/drebruokyay.com\/tr\/hakkimizda\/\" target=\"_blank\" rel=\"noreferrer noopener\">dermatolog<\/a>&nbsp;i\u00e7inde&nbsp;<a href=\"https:\/\/antalya.goturkiye.com\/homepage\" target=\"_blank\" rel=\"noreferrer noopener nofollow\">Antalya<\/a>. \u0130ster t\u0131bbi cilt sorunlar\u0131n\u0131z\u0131 gidermek, ister kozmetik tedavilerle do\u011fal g\u00fczelli\u011finizi art\u0131rmak isteyin, Dr. Okyay size yard\u0131mc\u0131 olmak i\u00e7in burada. Ki\u015fiselle\u015ftirilmi\u015f bak\u0131m ve geli\u015fmi\u015f tekniklerle, cilt hedeflerinize ula\u015fmak hi\u00e7 bu kadar kolay olmam\u0131\u015ft\u0131.<\/p>","protected":false},"excerpt":{"rendered":"<p>D\u00fcnya \u00e7ap\u0131nda milyonlarca insan\u0131 etkileyen kronik bir otoimm\u00fcn hastal\u0131k olan sedef hastal\u0131\u011f\u0131, ciltte iltihapl\u0131, k\u0131rm\u0131z\u0131, pullu lekeler \u015feklinde kendini g\u00f6sterir. Bu plaklar v\u00fccudun herhangi bir yerinde, en s\u0131k olarak kafa derisinde, dirseklerde, dizlerde ve belde ortaya \u00e7\u0131kabilir ve rahats\u0131zl\u0131k, ka\u015f\u0131nt\u0131 ve genellikle \u00f6nemli duygusal s\u0131k\u0131nt\u0131ya neden olur. Sedef hastal\u0131\u011f\u0131 tedavileri konusunda yol almak olduk\u00e7a zor olabilir; se\u00e7enekler topikal kremlerden sistemik ila\u00e7lara kadar uzanmaktad\u0131r. Bir\u00e7ok ki\u015fi i\u00e7in, \u00f6zellikle orta veya \u015fiddetli sedef hastal\u0131\u011f\u0131 olanlar veya di\u011fer y\u00f6ntemlerle yeterli rahatlama bulamayanlar i\u00e7in, fototerapi g\u00fc\u00e7l\u00fc ve etkili bir sedef hastal\u0131\u011f\u0131 tedavisi olarak ortaya \u00e7\u0131kmakta ve kelimenin tam anlam\u0131yla daha temiz bir cilde giden yolu ayd\u0131nlatmaktad\u0131r. Sedef Hastal\u0131\u011f\u0131n\u0131n Kal\u0131c\u0131 G\u00f6lgesi: Topikal Kremler Yeterli Olmad\u0131\u011f\u0131nda Topikal kortikosteroidler ve di\u011fer kremler hafif sedef hastal\u0131\u011f\u0131 i\u00e7in ilk savunma hatt\u0131n\u0131 olu\u015ftururken, bir\u00e7ok ki\u015fi bu sedef hastal\u0131\u011f\u0131 tedavilerinin daha yayg\u0131n veya inat\u00e7\u0131 plaklar i\u00e7in s\u0131n\u0131rl\u0131 rahatlama sa\u011flad\u0131\u011f\u0131n\u0131 fark etmektedir. S\u00fcrekli ka\u015f\u0131nt\u0131, pullanma ve rahats\u0131zl\u0131k, uyku, i\u015f ve sosyal etkile\u015fimleri etkileyerek g\u00fcnl\u00fck ya\u015fam\u0131 \u00f6nemli \u00f6l\u00e7\u00fcde etkileyebilir. Ayr\u0131ca, y\u00fcksek etkili topikal ila\u00e7lar\u0131n uzun s\u00fcreli kullan\u0131m\u0131na ba\u011fl\u0131 potansiyel yan etkiler baz\u0131lar\u0131 i\u00e7in endi\u015fe kayna\u011f\u0131 olabilir. Orta ila \u015fiddetli sedef hastal\u0131\u011f\u0131 olanlar i\u00e7in, daha kapsaml\u0131 ve etkili sedef hastal\u0131\u011f\u0131 tedavileri aray\u0131\u015f\u0131 genellikle sistemik ila\u00e7lar\u0131 veya fototerapiyi ara\u015ft\u0131rmaya y\u00f6nelir. Sistemik ila\u00e7lar g\u00fc\u00e7l\u00fc olsa da, v\u00fccut \u00fczerinde daha geni\u015f etkilere sahip olabilir ve bir dizi potansiyel yan etkiyle birlikte gelebilir. \u0130\u015fte burada fototerapi, di\u011fer ad\u0131yla \u0131\u015f\u0131k terapisi, oral veya enjeksiyon yoluyla uygulanan ila\u00e7lar\u0131n sistemik y\u00fck\u00fc olmadan etkilenen cildi tedavi etmek i\u00e7in belirli \u0131\u015f\u0131k dalga boylar\u0131n\u0131 kullanan hedefli bir yakla\u015f\u0131m sunar. Fototerapinin faydalar\u0131n\u0131 ve mekanizmalar\u0131n\u0131 anlamak, topikal uygulamalar\u0131n \u00f6tesinde etkili sedef hastal\u0131\u011f\u0131 tedavileri arayan herkes i\u00e7in \u00e7ok \u00f6nemlidir. Rahatlamaya I\u015f\u0131k Tutmak: Sedef Hastal\u0131\u011f\u0131 \u0130\u00e7in Fototerapiyi Ke\u015ffetmek Fototerapi, t\u0131bbi g\u00f6zetim alt\u0131nda cildin belirli ultraviyole (UV) \u0131\u015f\u0131k dalga boylar\u0131na maruz b\u0131rak\u0131lmas\u0131n\u0131 i\u00e7erir. Bu sedef hastal\u0131\u011f\u0131 tedavi y\u00f6ntemi, sedef plaklar\u0131n\u0131n alt\u0131nda yatan nedenler olan cilt h\u00fccrelerinin h\u0131zl\u0131 b\u00fcy\u00fcmesini yava\u015flatarak ve iltihab\u0131 azaltarak etki g\u00f6sterir. Her biri terap\u00f6tik etkiler elde etmek i\u00e7in UV spektrumunun farkl\u0131 b\u00f6l\u00fcmlerini kullanan farkl\u0131 fototerapi t\u00fcrleri mevcuttur. Fototerapi Nedir? \u00d6z\u00fcnde, fototerapi, sedef hastal\u0131\u011f\u0131 da dahil olmak \u00fczere \u00e7e\u015fitli cilt rahats\u0131zl\u0131klar\u0131n\u0131 y\u00f6netmek i\u00e7in \u0131\u015f\u0131k kullanan t\u0131bbi bir tedavidir. Kullan\u0131lan \u0131\u015f\u0131\u011f\u0131n t\u00fcr\u00fc ve maruz kalma s\u00fcresi, faydalar\u0131 en \u00fcst d\u00fczeye \u00e7\u0131karmak ve riskleri en aza indirmek i\u00e7in sa\u011fl\u0131k uzmanlar\u0131 taraf\u0131ndan dikkatlice kontrol edilir. I\u015f\u0131ktan gelen enerji, cilt h\u00fccrelerini etkileyerek davran\u0131\u015flar\u0131n\u0131 normalle\u015ftirmeye ve sedef hastal\u0131\u011f\u0131 semptomlar\u0131na yol a\u00e7an iltihaplanma yan\u0131t\u0131n\u0131 azaltmaya yard\u0131mc\u0131 olur. Fototerapi T\u00fcrleri Sedef hastal\u0131\u011f\u0131n\u0131 tedavi etmek i\u00e7in \u00e7e\u015fitli fototerapi t\u00fcrleri kullan\u0131l\u0131r ve her birinin kendi avantajlar\u0131 ve hususlar\u0131 vard\u0131r: UVB Fototerapi Ultraviyole B (UVB) \u0131\u015f\u0131\u011f\u0131, g\u00fcne\u015f \u0131\u015f\u0131\u011f\u0131n\u0131n do\u011fal olarak olu\u015fan bir par\u00e7as\u0131d\u0131r. UVB fototerapi, sedef hastal\u0131\u011f\u0131n\u0131 tedavi etmek i\u00e7in yapay UVB \u0131\u015f\u0131k kaynaklar\u0131 kullan\u0131r. \u0130ki ana UVB fototerapi t\u00fcr\u00fc vard\u0131r: UVA Fototerapi Ultraviyole A (UVA) \u0131\u015f\u0131\u011f\u0131, do\u011fal g\u00fcne\u015f \u0131\u015f\u0131\u011f\u0131n\u0131n ba\u015fka bir par\u00e7as\u0131d\u0131r. UVA fototerapisi tek ba\u015f\u0131na sedef hastal\u0131\u011f\u0131 i\u00e7in daha az etkilidir ve genellikle cildi UVA \u0131\u015f\u0131\u011f\u0131na daha duyarl\u0131 hale getiren bir fotosensitize edici madde olan psoralen ad\u0131 verilen bir ila\u00e7la birlikte kullan\u0131l\u0131r. Bu kombinasyon PUVA terapisi olarak bilinir. Eksimer Lazer Eksimer lazer, y\u00fcksek yo\u011funluklu bir UVB \u0131\u015f\u0131n\u0131n\u0131 (308 nanometre) do\u011frudan sedef plaklar\u0131na ileten hedefli bir fototerapi \u015feklidir. Bu, geni\u015f sa\u011fl\u0131kl\u0131 cilt alanlar\u0131n\u0131 UV radyasyonuna maruz b\u0131rakmadan sedef hastal\u0131\u011f\u0131n\u0131n belirli, lokalize alanlar\u0131n\u0131n tedavi edilmesini sa\u011flar. Eksimer lazer, \u00f6zellikle kafa derisi, dirsekler, dizler ve di\u011fer lokalize b\u00f6lgelerdeki inat\u00e7\u0131 plaklar\u0131n tedavisinde faydal\u0131d\u0131r. Di\u011fer I\u015f\u0131k Terapileri UVB, UVA ve eksimer lazer, sedef hastal\u0131\u011f\u0131 i\u00e7in en yayg\u0131n fototerapi t\u00fcrleri olsa da, di\u011fer \u0131\u015f\u0131k bazl\u0131 terapiler de ara\u015ft\u0131r\u0131lmaktad\u0131r: Daha Derine \u0130nmek: Fototerapinin Arkas\u0131ndaki Bilimi Anlamak Fototerapinin sedef hastal\u0131\u011f\u0131 tedavisindeki etkinli\u011fi, ba\u011f\u0131\u015f\u0131kl\u0131k sistemini d\u00fczenleme ve cilt h\u00fccrelerinin h\u0131zl\u0131 yenilenmesini yava\u015flatma yetene\u011finde yatmaktad\u0131r. \u0130\u015fte farkl\u0131 fototerapi t\u00fcrlerinin nas\u0131l \u00e7al\u0131\u015ft\u0131\u011f\u0131na daha yak\u0131ndan bir bak\u0131\u015f: UVB Nas\u0131l \u00c7al\u0131\u015f\u0131r UVB \u0131\u015f\u0131\u011f\u0131, \u00f6zellikle dar bant UVB, \u00e7e\u015fitli mekanizmalar arac\u0131l\u0131\u011f\u0131yla \u00e7al\u0131\u015ft\u0131\u011f\u0131 d\u00fc\u015f\u00fcn\u00fclmektedir: UVA Nas\u0131l \u00c7al\u0131\u015f\u0131r (ve Psoralenin Rol\u00fc) UVA \u0131\u015f\u0131\u011f\u0131, UVB&#039;den daha derine n\u00fcfuz eder. PUVA terapisinde kullan\u0131ld\u0131\u011f\u0131nda, a\u011f\u0131zdan al\u0131nan veya topikal olarak uygulanan psoralen, cilt h\u00fccrelerini UVA radyasyonuna kar\u015f\u0131 daha hassas hale getirir. Bu kombinasyon \u015funlara yol a\u00e7ar: Eksimer Lazer Nas\u0131l \u00c7al\u0131\u015f\u0131r Eksimer lazer, hedef sedef plaklar\u0131na y\u00fcksek yo\u011funluklu, odaklanm\u0131\u015f dar bant UVB \u0131\u015f\u0131\u011f\u0131 (308 nm) g\u00f6nderir. Bu yo\u011funla\u015ft\u0131r\u0131lm\u0131\u015f enerji: Sedef Hastal\u0131\u011f\u0131 \u0130\u00e7in Fototerapinin Faydalar\u0131 Fototerapi, sedef hastal\u0131\u011f\u0131 tedavisi olarak \u00e7e\u015fitli avantajlar sunar: Fototerapiden Kimler Faydalanabilir? Fototerapi bir\u00e7ok ki\u015fi i\u00e7in uygun bir sedef hastal\u0131\u011f\u0131 tedavisidir, ancak sedef hastal\u0131\u011f\u0131n\u0131n spesifik t\u00fcr\u00fcn\u00fc, \u015fiddetini ve bireysel hasta fakt\u00f6rlerini dikkate almak \u00f6nemlidir. Fototerapi Endikasyonlar\u0131 Fototerapi genellikle \u015fu durumlar i\u00e7in \u00f6nerilir: Kontraendikasyonlar ve \u00d6nlemler Genel olarak g\u00fcvenli olsa da, fototerapi i\u00e7in dikkate al\u0131nmas\u0131 gereken baz\u0131 kontraendikasyonlar ve \u00f6nlemler vard\u0131r: Fototerapi Tedavisi S\u0131ras\u0131nda Neler Beklenmeli? Sedef hastal\u0131\u011f\u0131 tedavisi i\u00e7in fototerapi, genellikle bir dermatolog muayenehanesinde veya \u00f6zel bir fototerapi merkezinde ger\u00e7ekle\u015ftirilen bir dizi seans\u0131 i\u00e7erir. Tedaviye Haz\u0131rl\u0131k Fototerapiye ba\u015flamadan \u00f6nce, dermatolo\u011funuz \u015funlar\u0131 yapacakt\u0131r: Tedavi S\u00fcreci Bir fototerapi seans\u0131 s\u0131ras\u0131nda: Seanslar\u0131n S\u00fcresi ve S\u0131kl\u0131\u011f\u0131 Bir fototerapi k\u00fcr\u00fcn\u00fcn s\u00fcresi ve seanslar\u0131n s\u0131kl\u0131\u011f\u0131, fototerapi t\u00fcr\u00fcne, sedef hastal\u0131\u011f\u0131n\u0131z\u0131n \u015fiddetine ve tedaviye bireysel yan\u0131t\u0131n\u0131za ba\u011fl\u0131 olarak de\u011fi\u015fir. Genellikle hastalar, sedef hastal\u0131\u011f\u0131 belirgin \u015fekilde iyile\u015fene kadar birka\u00e7 hafta veya ay boyunca haftada 2-3 kez fototerapi g\u00f6r\u00fcrler. N\u00fcks\u00fc \u00f6nlemek i\u00e7in daha seyrek seanslarla idame tedavisi \u00f6nerilebilir. Potansiyel Yan Etkiler Fototerapi genellikle iyi tolere edilse de, baz\u0131 yan etkiler ortaya \u00e7\u0131kabilir: K\u0131sa Vadeli Yan Etkiler Uzun Vadeli Yan Etkiler Yan Etkilerin Y\u00f6netimi Dermatolo\u011funuz, fototerapinin potansiyel yan etkilerini nas\u0131l y\u00f6netece\u011finiz konusunda size rehberlik edecektir. Bu \u015funlar\u0131 i\u00e7erebilir: Di\u011fer Sedef Hastal\u0131\u011f\u0131 Tedavileriyle Birlikte Fototerapi Fototerapi, sonu\u00e7lar\u0131 iyile\u015ftirmek ve potansiyel olarak y\u00fcksek dozda sistemik ila\u00e7lara olan ihtiyac\u0131 azaltmak i\u00e7in genellikle di\u011fer sedef hastal\u0131\u011f\u0131 tedavileriyle birlikte etkili bir \u015fekilde kullan\u0131labilir. Kombinasyon Tedavisi Yakla\u015f\u0131mlar\u0131 Sedef Hastal\u0131\u011f\u0131 \u0130\u00e7in Fototerapinin Avantajlar\u0131 ve Dezavantajlar\u0131 Fototerapinin art\u0131lar\u0131 ve eksilerini anlamak, bireylerin tedavileri hakk\u0131nda bilin\u00e7li kararlar vermelerine yard\u0131mc\u0131 olabilir.<\/p>","protected":false},"author":1,"featured_media":1955,"comment_status":"open","ping_status":"open","sticky":false,"template":"","format":"standard","meta":{"_daextam_enable_autolinks":"1","site-sidebar-layout":"default","site-content-layout":"","ast-site-content-layout":"","site-content-style":"default","site-sidebar-style":"default","ast-global-header-display":"","ast-banner-title-visibility":"","ast-main-header-display":"","ast-hfb-above-header-display":"","ast-hfb-below-header-display":"","ast-hfb-mobile-header-display":"","site-post-title":"","ast-breadcrumbs-content":"","ast-featured-img":"","footer-sml-layout":"","ast-disable-related-posts":"","theme-transparent-header-meta":"","adv-header-id-meta":"","stick-header-meta":"","header-above-stick-meta":"","header-main-stick-meta":"","header-below-stick-meta":"","astra-migrate-meta-layouts":"default","ast-page-background-enabled":"default","ast-page-background-meta":{"desktop":{"background-color":"var(--ast-global-color-4)","background-image":"","background-repeat":"repeat","background-position":"center center","background-size":"auto","background-attachment":"scroll","background-type":"","background-media":"","overlay-type":"","overlay-color":"","overlay-opacity":"","overlay-gradient":""},"tablet":{"background-color":"","background-image":"","background-repeat":"repeat","background-position":"center center","background-size":"auto","background-attachment":"scroll","background-type":"","background-media":"","overlay-type":"","overlay-color":"","overlay-opacity":"","overlay-gradient":""},"mobile":{"background-color":"","background-image":"","background-repeat":"repeat","background-position":"center center","background-size":"auto","background-attachment":"scroll","background-type":"","background-media":"","overlay-type":"","overlay-color":"","overlay-opacity":"","overlay-gradient":""}},"ast-content-background-meta":{"desktop":{"background-color":"var(--ast-global-color-5)","background-image":"","background-repeat":"repeat","background-position":"center center","background-size":"auto","background-attachment":"scroll","background-type":"","background-media":"","overlay-type":"","overlay-color":"","overlay-opacity":"","overlay-gradient":""},"tablet":{"background-color":"var(--ast-global-color-5)","background-image":"","background-repeat":"repeat","background-position":"center center","background-size":"auto","background-attachment":"scroll","background-type":"","background-media":"","overlay-type":"","overlay-color":"","overlay-opacity":"","overlay-gradient":""},"mobile":{"background-color":"var(--ast-global-color-5)","background-image":"","background-repeat":"repeat","background-position":"center center","background-size":"auto","background-attachment":"scroll","background-type":"","background-media":"","overlay-type":"","overlay-color":"","overlay-opacity":"","overlay-gradient":""}},"footnotes":""},"categories":[10],"tags":[],"class_list":["post-1953","post","type-post","status-publish","format-standard","has-post-thumbnail","hentry","category-common-skin-diseases"],"_links":{"self":[{"href":"https:\/\/drebruokyay.com\/tr\/wp-json\/wp\/v2\/posts\/1953","targetHints":{"allow":["GET"]}}],"collection":[{"href":"https:\/\/drebruokyay.com\/tr\/wp-json\/wp\/v2\/posts"}],"about":[{"href":"https:\/\/drebruokyay.com\/tr\/wp-json\/wp\/v2\/types\/post"}],"author":[{"embeddable":true,"href":"https:\/\/drebruokyay.com\/tr\/wp-json\/wp\/v2\/users\/1"}],"replies":[{"embeddable":true,"href":"https:\/\/drebruokyay.com\/tr\/wp-json\/wp\/v2\/comments?post=1953"}],"version-history":[{"count":2,"href":"https:\/\/drebruokyay.com\/tr\/wp-json\/wp\/v2\/posts\/1953\/revisions"}],"predecessor-version":[{"id":1957,"href":"https:\/\/drebruokyay.com\/tr\/wp-json\/wp\/v2\/posts\/1953\/revisions\/1957"}],"wp:featuredmedia":[{"embeddable":true,"href":"https:\/\/drebruokyay.com\/tr\/wp-json\/wp\/v2\/media\/1955"}],"wp:attachment":[{"href":"https:\/\/drebruokyay.com\/tr\/wp-json\/wp\/v2\/media?parent=1953"}],"wp:term":[{"taxonomy":"category","embeddable":true,"href":"https:\/\/drebruokyay.com\/tr\/wp-json\/wp\/v2\/categories?post=1953"},{"taxonomy":"post_tag","embeddable":true,"href":"https:\/\/drebruokyay.com\/tr\/wp-json\/wp\/v2\/tags?post=1953"}],"curies":[{"name":"wp","href":"https:\/\/api.w.org\/{rel}","templated":true}]}}