{"id":1861,"date":"2025-02-25T10:18:08","date_gmt":"2025-02-25T10:18:08","guid":{"rendered":"https:\/\/drebruokyay.com\/?p=1861"},"modified":"2025-03-15T10:24:19","modified_gmt":"2025-03-15T10:24:19","slug":"dermatologunuza-sormaniz-gereken-sorular","status":"publish","type":"post","link":"https:\/\/drebruokyay.com\/tr\/questions-to-ask-your-dermatologist\/","title":{"rendered":"Cerrahi Prosed\u00fcrler Hakk\u0131nda Dermatolo\u011funuza Sorman\u0131z Gereken Sorular: Bilin\u00e7li Bir Hasta Olun"},"content":{"rendered":"<p>Ne kadar k\u00fc\u00e7\u00fck g\u00f6r\u00fcn\u00fcrse g\u00f6r\u00fcns\u00fcn, herhangi bir cerrahi prosed\u00fcr\u00fcn uygulanmas\u0131 endi\u015fe ve belirsizlik kayna\u011f\u0131 olabilir. \u0130ster cilt kanserinin giderilmesi gibi t\u0131bbi nedenlerle ister kozmetik iyile\u015ftirmeler i\u00e7in olsun, dermatolojik cerrahi prosed\u00fcrler s\u00f6z konusu oldu\u011funda, iyi bilgilendirilmi\u015f olmak \u00e7ok \u00f6nemlidir. Dermatolo\u011funuza do\u011fru sorular\u0131 sormak sadece prosed\u00fcr\u00fc daha iyi anlaman\u0131za yard\u0131mc\u0131 olmakla kalmayacak, ayn\u0131 zamanda sa\u011fl\u0131\u011f\u0131n\u0131z ve refah\u0131n\u0131z hakk\u0131nda kendinize g\u00fcvenerek karar vermenizi sa\u011flayacakt\u0131r.<\/p>\n\n\n\n<p>Bu kapsaml\u0131 k\u0131lavuz, herhangi bir cerrahi i\u015flemden \u00f6nce dermatolo\u011funuza sorman\u0131z gereken sorular\u0131n ayr\u0131nt\u0131l\u0131 bir listesini sunmaktad\u0131r. Proaktif davranarak ve bak\u0131m\u0131n\u0131zla ilgilenerek, kendinizi rahat ve haz\u0131r hissetmek i\u00e7in ihtiyac\u0131n\u0131z olan t\u00fcm bilgilere sahip oldu\u011funuzdan emin olabilirsiniz.<\/p>\n\n\n\n<figure class=\"wp-block-image size-large\"><img fetchpriority=\"high\" decoding=\"async\" width=\"1024\" height=\"559\" src=\"https:\/\/drebruokyay.com\/wp-content\/uploads\/2025\/03\/image-75-1024x559.png\" alt=\"\" class=\"wp-image-1864\" srcset=\"https:\/\/drebruokyay.com\/wp-content\/uploads\/2025\/03\/image-75-1024x559.png 1024w, https:\/\/drebruokyay.com\/wp-content\/uploads\/2025\/03\/image-75-300x164.png 300w, https:\/\/drebruokyay.com\/wp-content\/uploads\/2025\/03\/image-75-768x419.png 768w, https:\/\/drebruokyay.com\/wp-content\/uploads\/2025\/03\/image-75-18x10.png 18w, https:\/\/drebruokyay.com\/wp-content\/uploads\/2025\/03\/image-75.png 1408w\" sizes=\"(max-width: 1024px) 100vw, 1024px\" \/><\/figure>\n\n\n\n<div id=\"ez-toc-container\" class=\"ez-toc-v2_0_82_2 ez-toc-wrap-left counter-hierarchy ez-toc-counter ez-toc-transparent ez-toc-container-direction\">\n<div class=\"ez-toc-title-container\">\n<p class=\"ez-toc-title\" style=\"cursor:inherit\">\u0130\u00e7indekiler<\/p>\n<span class=\"ez-toc-title-toggle\"><a href=\"#\" class=\"ez-toc-pull-right ez-toc-btn ez-toc-btn-xs ez-toc-btn-default ez-toc-toggle\" aria-label=\"\u0130\u00e7indekiler Tablosunu A\u00e7\/Kapat\"><span class=\"ez-toc-js-icon-con\"><span class=\"\"><span class=\"eztoc-hide\" style=\"display:none;\">Ge\u00e7i\u015f<\/span><span class=\"ez-toc-icon-toggle-span\"><svg style=\"fill: #999;color:#999\" xmlns=\"http:\/\/www.w3.org\/2000\/svg\" class=\"list-377408\" width=\"20px\" height=\"20px\" viewbox=\"0 0 24 24\" fill=\"none\"><path d=\"M6 6H4v2h2V6zm14 0H8v2h12V6zM4 11h2v2H4v-2zm16 0H8v2h12v-2zM4 16h2v2H4v-2zm16 0H8v2h12v-2z\" fill=\"currentColor\"><\/path><\/svg><svg style=\"fill: #999;color:#999\" class=\"arrow-unsorted-368013\" xmlns=\"http:\/\/www.w3.org\/2000\/svg\" width=\"10px\" height=\"10px\" viewbox=\"0 0 24 24\" version=\"1.2\" baseprofile=\"tiny\"><path d=\"M18.2 9.3l-6.2-6.3-6.2 6.3c-.2.2-.3.4-.3.7s.1.5.3.7c.2.2.4.3.7.3h11c.3 0 .5-.1.7-.3.2-.2.3-.5.3-.7s-.1-.5-.3-.7zM5.8 14.7l6.2 6.3 6.2-6.3c.2-.2.3-.5.3-.7s-.1-.5-.3-.7c-.2-.2-.4-.3-.7-.3h-11c-.3 0-.5.1-.7.3-.2.2-.3.5-.3.7s.1.5.3.7z\"\/><\/svg><\/span><\/span><\/span><\/a><\/span><\/div>\n<nav><ul class='ez-toc-list ez-toc-list-level-1' ><li class='ez-toc-page-1 ez-toc-heading-level-2'><a class=\"ez-toc-link ez-toc-heading-1\" href=\"https:\/\/drebruokyay.com\/tr\/questions-to-ask-your-dermatologist\/#General_Questions_to_Ask_About_Any_Dermatological_Surgical_Procedure\" >Herhangi Bir Dermatolojik Cerrahi Prosed\u00fcr Hakk\u0131nda Sorulmas\u0131 Gereken Genel Sorular<\/a><ul class='ez-toc-list-level-3' ><li class='ez-toc-heading-level-3'><a class=\"ez-toc-link ez-toc-heading-2\" href=\"https:\/\/drebruokyay.com\/tr\/questions-to-ask-your-dermatologist\/#1_About_the_Procedure_Itself\" >1. Prosed\u00fcr\u00fcn Kendisi Hakk\u0131nda:<\/a><\/li><li class='ez-toc-page-1 ez-toc-heading-level-3'><a class=\"ez-toc-link ez-toc-heading-3\" href=\"https:\/\/drebruokyay.com\/tr\/questions-to-ask-your-dermatologist\/#2_About_Your_Dermatologists_Experience\" >2. Dermatolo\u011funuzun Deneyimi Hakk\u0131nda:<\/a><\/li><li class='ez-toc-page-1 ez-toc-heading-level-3'><a class=\"ez-toc-link ez-toc-heading-4\" href=\"https:\/\/drebruokyay.com\/tr\/questions-to-ask-your-dermatologist\/#3_About_the_Risks_and_Benefits\" >3. Riskler ve Faydalar Hakk\u0131nda:<\/a><\/li><li class='ez-toc-page-1 ez-toc-heading-level-3'><a class=\"ez-toc-link ez-toc-heading-5\" href=\"https:\/\/drebruokyay.com\/tr\/questions-to-ask-your-dermatologist\/#4_About_the_Recovery_Process\" >4. Kurtarma S\u00fcreci Hakk\u0131nda:<\/a><\/li><li class='ez-toc-page-1 ez-toc-heading-level-3'><a class=\"ez-toc-link ez-toc-heading-6\" href=\"https:\/\/drebruokyay.com\/tr\/questions-to-ask-your-dermatologist\/#5_About_the_Costs_and_Logistics\" >5. Maliyetler ve Lojistik Hakk\u0131nda:<\/a><\/li><\/ul><\/li><li class='ez-toc-page-1 ez-toc-heading-level-2'><a class=\"ez-toc-link ez-toc-heading-7\" href=\"https:\/\/drebruokyay.com\/tr\/questions-to-ask-your-dermatologist\/#Specific_Questions_to_Ask_for_Different_Types_of_Dermatological_Surgical_Procedures\" >Farkl\u0131 Dermatolojik Cerrahi Prosed\u00fcrler \u0130\u00e7in Sorulmas\u0131 Gereken \u00d6zel Sorular<\/a><ul class='ez-toc-list-level-3' ><li class='ez-toc-heading-level-3'><a class=\"ez-toc-link ez-toc-heading-8\" href=\"https:\/\/drebruokyay.com\/tr\/questions-to-ask-your-dermatologist\/#For_Skin_Cancer_Removal_Excision_Mohs_Surgery_Curettage_Electrodesiccation_Cryosurgery_Laser_Surgery\" >Cilt Kanserinin Giderilmesi i\u00e7in (Eksizyon, Mohs Cerrahisi, K\u00fcretaj ve Elektrodesikasyon, Kriyocerrahi, Lazer Cerrahisi):<\/a><\/li><li class='ez-toc-page-1 ez-toc-heading-level-3'><a class=\"ez-toc-link ez-toc-heading-9\" href=\"https:\/\/drebruokyay.com\/tr\/questions-to-ask-your-dermatologist\/#For_Mole_Removal_Biopsy_or_Complete_Excision\" >Ben Ald\u0131rma (Biyopsi veya Komple Eksizyon) i\u00e7in:<\/a><\/li><li class='ez-toc-page-1 ez-toc-heading-level-3'><a class=\"ez-toc-link ez-toc-heading-10\" href=\"https:\/\/drebruokyay.com\/tr\/questions-to-ask-your-dermatologist\/#For_Cosmetic_Procedures_eg_Removal_of_Cysts_Lipomas_Skin_Tags_Scar_Revision\" >Kozmetik Prosed\u00fcrler i\u00e7in (\u00f6rne\u011fin, Kistlerin \u00c7\u0131kar\u0131lmas\u0131, Lipomlar, Deri Etiketleri, Yara \u0130zi Revizyonu):<\/a><\/li><li class='ez-toc-page-1 ez-toc-heading-level-3'><a class=\"ez-toc-link ez-toc-heading-11\" href=\"https:\/\/drebruokyay.com\/tr\/questions-to-ask-your-dermatologist\/#For_Nail_Surgery_eg_Ingrown_Toenail_Removal_Nail_Biopsy\" >T\u0131rnak Ameliyat\u0131 i\u00e7in (\u00f6rn. T\u0131rnak Batmas\u0131n\u0131n \u00c7\u0131kar\u0131lmas\u0131, T\u0131rnak Biyopsisi):<\/a><\/li><li class='ez-toc-page-1 ez-toc-heading-level-3'><a class=\"ez-toc-link ez-toc-heading-12\" href=\"https:\/\/drebruokyay.com\/tr\/questions-to-ask-your-dermatologist\/#For_Hair_Transplant_Surgery\" >Sa\u00e7 Ekimi Ameliyat\u0131 \u0130\u00e7in:<\/a><\/li><\/ul><\/li><li class='ez-toc-page-1 ez-toc-heading-level-2'><a class=\"ez-toc-link ez-toc-heading-13\" href=\"https:\/\/drebruokyay.com\/tr\/questions-to-ask-your-dermatologist\/#Being_an_Empowered_Patient\" >G\u00fc\u00e7lendirilmi\u015f Bir Hasta Olmak<\/a><\/li><\/ul><\/nav><\/div>\n<h2 class=\"wp-block-heading\"><span class=\"ez-toc-section\" id=\"General_Questions_to_Ask_About_Any_Dermatological_Surgical_Procedure\"><\/span>Herhangi Bir Dermatolojik Cerrahi Prosed\u00fcr Hakk\u0131nda Sorulmas\u0131 Gereken Genel Sorular<span class=\"ez-toc-section-end\"><\/span><\/h2>\n\n\n\n<p>Bunlar, d\u00fc\u015f\u00fcn\u00fclen belirli cerrahi prosed\u00fcr t\u00fcr\u00fcnden ba\u011f\u0131ms\u0131z olarak dermatolo\u011funuza sorman\u0131z gereken temel sorulard\u0131r.<\/p>\n\n\n\n<h3 class=\"wp-block-heading\"><span class=\"ez-toc-section\" id=\"1_About_the_Procedure_Itself\"><\/span>1. Prosed\u00fcr\u00fcn Kendisi Hakk\u0131nda:<span class=\"ez-toc-section-end\"><\/span><\/h3>\n\n\n\n<ul class=\"wp-block-list\">\n<li><strong>\u00d6nerdi\u011finiz prosed\u00fcr\u00fcn \u00f6zel ad\u0131 nedir?<\/strong> Tam ad\u0131n\u0131 anlamak, gerekti\u011finde daha fazla ara\u015ft\u0131rma yapman\u0131za olanak tan\u0131r.<\/li>\n\n\n\n<li><strong>Bu prosed\u00fcr\u00fcn amac\u0131 nedir?<\/strong> \u00d6zel durumunuz veya endi\u015feniz i\u00e7in prosed\u00fcr\u00fcn neden \u00f6nerildi\u011fini a\u00e7\u0131k\u00e7a anlay\u0131n.<\/li>\n\n\n\n<li><strong>Prosed\u00fcr nas\u0131l ger\u00e7ekle\u015ftirilecek?<\/strong> Ameliyat s\u0131ras\u0131nda neler olaca\u011f\u0131na dair ad\u0131m ad\u0131m bir a\u00e7\u0131klama isteyin.<\/li>\n\n\n\n<li><strong>Ne t\u00fcr anestezi kullan\u0131lacak?<\/strong> Lokal anestezi mi, b\u00f6lgesel anestezi mi yoksa genel anestezi mi olacak? Her bir t\u00fcr\u00fcn etkilerini anlay\u0131n.<\/li>\n\n\n\n<li><strong>\u0130\u015flem ne kadar s\u00fcrecek?<\/strong> Tahmini s\u00fcreyi bilmek g\u00fcn\u00fcn\u00fcz\u00fc buna g\u00f6re planlaman\u0131za yard\u0131mc\u0131 olabilir.<\/li>\n\n\n\n<li><strong>\u0130\u015flem nerede ger\u00e7ekle\u015ftirilecek?<\/strong> Dermatolog muayenehanesinde mi, cerrahi merkezinde mi yoksa hastanede mi olacak?<\/li>\n\n\n\n<li><strong>Bu prosed\u00fcr\u00fcn uygulanmas\u0131n\u0131n potansiyel faydalar\u0131 nelerdir?<\/strong> Bekleyebilece\u011finiz olumlu sonu\u00e7lar\u0131 anlay\u0131n.<\/li>\n\n\n\n<li><strong>Durumum i\u00e7in mevcut alternatif tedaviler var m\u0131?<\/strong> Hem cerrahi hem de cerrahi olmayan t\u00fcm se\u00e7eneklerinizi tart\u0131\u015f\u0131n.<\/li>\n\n\n\n<li><strong>Bu t\u0131bbi bir durum i\u00e7inse, a\u015fa\u011f\u0131dakilerin potansiyel riskleri nelerdir <em>de\u011fil<\/em> bu prosed\u00fcr\u00fc ge\u00e7iriyor musunuz?<\/strong> Tedaviyi geciktirmenin veya terk etmenin sonu\u00e7lar\u0131n\u0131 anlamak.<\/li>\n<\/ul>\n\n\n\n<h3 class=\"wp-block-heading\"><span class=\"ez-toc-section\" id=\"2_About_Your_Dermatologists_Experience\"><\/span>2. Dermatolo\u011funuzun Deneyimi Hakk\u0131nda:<span class=\"ez-toc-section-end\"><\/span><\/h3>\n\n\n\n<ul class=\"wp-block-list\">\n<li><strong>Dermatoloji alan\u0131nda kurul sertifikan\u0131z var m\u0131?<\/strong> Bu, belirli bir e\u011fitim ve uzmanl\u0131k d\u00fczeyi sa\u011flar.<\/li>\n\n\n\n<li><strong>Bu \u00f6zel prosed\u00fcr\u00fc ger\u00e7ekle\u015ftirme konusunda ne kadar deneyiminiz var?<\/strong> Ge\u00e7mi\u015f performanslar\u0131n\u0131 ve ameliyat\u0131 ka\u00e7 kez ger\u00e7ekle\u015ftirdiklerini sorun.<\/li>\n\n\n\n<li><strong>Sizinle bu prosed\u00fcr\u00fc ge\u00e7iren hastalar\u0131n \u00f6ncesi ve sonras\u0131 foto\u011fraflar\u0131n\u0131 bana g\u00f6sterebilir misiniz?<\/strong> G\u00f6rsel \u00f6rnekler potansiyel sonu\u00e7lar\u0131 anlaman\u0131za yard\u0131mc\u0131 olabilir.<\/li>\n\n\n\n<li><strong>Benimkine benzer rahats\u0131zl\u0131klar\u0131 olan hastalar i\u00e7in bu prosed\u00fcrde ba\u015far\u0131 oran\u0131n\u0131z nedir?<\/strong> Kesin rakamlar de\u011fi\u015febilir, ancak bu size deneyimleri hakk\u0131nda bir fikir verir.<\/li>\n\n\n\n<li><strong>Bu prosed\u00fcrde g\u00f6rd\u00fc\u011f\u00fcn\u00fcz en yayg\u0131n komplikasyonlar nelerdir?<\/strong> Potansiyel sorunlar\u0131n anla\u015f\u0131lmas\u0131 \u00f6nemlidir.<\/li>\n<\/ul>\n\n\n\n<h3 class=\"wp-block-heading\"><span class=\"ez-toc-section\" id=\"3_About_the_Risks_and_Benefits\"><\/span>3. Riskler ve Faydalar Hakk\u0131nda:<span class=\"ez-toc-section-end\"><\/span><\/h3>\n\n\n\n<ul class=\"wp-block-list\">\n<li><strong>Bu prosed\u00fcrle ili\u015fkili potansiyel riskler ve komplikasyonlar nelerdir?<\/strong> Ne kadar nadir olursa olsun, t\u00fcm olas\u0131 olumsuz sonu\u00e7lar\u0131n fark\u0131nda olun.<\/li>\n\n\n\n<li><strong>Bu risk ve komplikasyonlar\u0131n benim durumumda ortaya \u00e7\u0131kma olas\u0131l\u0131\u011f\u0131 nedir?<\/strong> Bireysel sa\u011fl\u0131k fakt\u00f6rleriniz belirli risklerin olas\u0131l\u0131\u011f\u0131n\u0131 etkileyebilir.<\/li>\n\n\n\n<li><strong>\u0130\u015flem s\u0131ras\u0131nda riskleri nas\u0131l en aza indireceksiniz?<\/strong> G\u00fcvenli\u011finizi sa\u011flamak i\u00e7in ald\u0131klar\u0131 \u00f6nlemleri anlay\u0131n.<\/li>\n\n\n\n<li><strong>Prosed\u00fcr\u00fcn beklenen sonu\u00e7lar\u0131 nelerdir?<\/strong> Sonu\u00e7 hakk\u0131nda ger\u00e7ek\u00e7i beklentileriniz olsun.<\/li>\n\n\n\n<li><strong>Sonu\u00e7lar ne kadar s\u00fcrecek? Kal\u0131c\u0131 m\u0131 olacaklar?<\/strong> Sonu\u00e7lar\u0131n uzun \u00f6m\u00fcrl\u00fcl\u00fc\u011f\u00fcn\u00fc anlay\u0131n.<\/li>\n\n\n\n<li><strong>Gelecekte ek prosed\u00fcrlere ihtiya\u00e7 duyma olas\u0131l\u0131\u011f\u0131 nedir?<\/strong> Bu \u00f6zellikle kozmetik prosed\u00fcrler veya ilerleyen durumlar i\u00e7in ge\u00e7erlidir.<\/li>\n<\/ul>\n\n\n\n<h3 class=\"wp-block-heading\"><span class=\"ez-toc-section\" id=\"4_About_the_Recovery_Process\"><\/span>4. Kurtarma S\u00fcreci Hakk\u0131nda:<span class=\"ez-toc-section-end\"><\/span><\/h3>\n\n\n\n<ul class=\"wp-block-list\">\n<li><strong>\u0130yile\u015fme d\u00f6neminde neler bekleyebilirim?<\/strong> A\u011fr\u0131 seviyeleri, \u015fi\u015flik, morarma ve aktivitelerdeki herhangi bir s\u0131n\u0131rlama hakk\u0131nda bilgi al\u0131n.<\/li>\n\n\n\n<li><strong>\u0130yile\u015fme d\u00f6nemi ne kadar s\u00fcrecek?<\/strong> \u0130yile\u015fme ve normal faaliyetlere d\u00f6n\u00fc\u015f i\u00e7in zaman \u00e7izelgesini anlay\u0131n.<\/li>\n\n\n\n<li><strong>\u0130\u015ften veya okuldan izin almam gerekecek mi? E\u011fer \u00f6yleyse, ne kadar s\u00fcreyle?<\/strong> Program\u0131n\u0131z\u0131 buna g\u00f6re planlay\u0131n.<\/li>\n\n\n\n<li><strong>Ameliyat sonras\u0131 bak\u0131m talimatlar\u0131 nelerdir?<\/strong> Yara bak\u0131m\u0131, ila\u00e7 tedavisi ve takip randevular\u0131 hakk\u0131nda ayr\u0131nt\u0131l\u0131 talimatlar al\u0131n.<\/li>\n\n\n\n<li><strong>\u0130\u015flemden sonra herhangi bir \u00f6zel pansuman veya bandaja ihtiyac\u0131m olacak m\u0131? Ne kadar s\u00fcreyle?<\/strong> Gerekli malzemelerle haz\u0131rl\u0131kl\u0131 olun.<\/li>\n\n\n\n<li><strong>Egzersiz de dahil olmak \u00fczere normal aktivitelerime ne zaman devam edebilirim?<\/strong> Fiziksel aktivite \u00fczerindeki k\u0131s\u0131tlamalar\u0131 anlay\u0131n.<\/li>\n\n\n\n<li><strong>Dikkat etmem gereken enfeksiyon veya di\u011fer komplikasyonlar\u0131n belirti ve semptomlar\u0131 nelerdir?<\/strong> Dermatolo\u011funuzun ofisiyle ne zaman ileti\u015fime ge\u00e7ece\u011finizi bilin.<\/li>\n\n\n\n<li><strong>\u0130\u015flemden sonra herhangi bir sorum veya endi\u015fem olursa kiminle ileti\u015fime ge\u00e7meliyim?<\/strong> Net ileti\u015fim bilgileri al\u0131n.<\/li>\n\n\n\n<li><strong>Takip randevumu ne zaman alaca\u011f\u0131m?<\/strong> Ofisten ayr\u0131lmadan \u00f6nce randevuyu planlay\u0131n.<\/li>\n<\/ul>\n\n\n\n<h3 class=\"wp-block-heading\"><span class=\"ez-toc-section\" id=\"5_About_the_Costs_and_Logistics\"><\/span>5. Maliyetler ve Lojistik Hakk\u0131nda:<span class=\"ez-toc-section-end\"><\/span><\/h3>\n\n\n\n<ul class=\"wp-block-list\">\n<li><strong>Prosed\u00fcr\u00fcn toplam maliyeti nedir?<\/strong> \u0130lgili t\u00fcm \u00fccretlerin d\u00f6k\u00fcm\u00fcn\u00fc isteyin.<\/li>\n\n\n\n<li><strong>Sigortam bu prosed\u00fcr\u00fc kar\u015f\u0131l\u0131yor mu? E\u011fer kar\u015f\u0131lam\u0131yorsa, neden?<\/strong> Mali sonu\u00e7lar\u0131 anlay\u0131n ve olas\u0131 \u00f6deme se\u00e7eneklerini ara\u015ft\u0131r\u0131n.<\/li>\n\n\n\n<li><strong>Herhangi bir finansman se\u00e7ene\u011fi mevcut mu?<\/strong> Klinik arac\u0131l\u0131\u011f\u0131yla \u00f6deme planlar\u0131 veya finansman hakk\u0131nda bilgi al\u0131n.<\/li>\n\n\n\n<li><strong>Hangi \u00f6deme \u015fekillerini kabul ediyorsunuz?<\/strong> Kabul edilebilir \u00f6deme y\u00f6ntemleri ile haz\u0131rl\u0131kl\u0131 olun.<\/li>\n\n\n\n<li><strong>Takip randevular\u0131 veya olas\u0131 komplikasyonlar i\u00e7in herhangi bir ek maliyet olacak m\u0131?<\/strong> T\u00fcm finansal taahh\u00fcd\u00fc anlay\u0131n.<\/li>\n<\/ul>\n\n\n\n<figure class=\"wp-block-image size-large\"><img decoding=\"async\" width=\"1024\" height=\"559\" src=\"https:\/\/drebruokyay.com\/wp-content\/uploads\/2025\/03\/image-73-1024x559.png\" alt=\"\" class=\"wp-image-1862\" srcset=\"https:\/\/drebruokyay.com\/wp-content\/uploads\/2025\/03\/image-73-1024x559.png 1024w, https:\/\/drebruokyay.com\/wp-content\/uploads\/2025\/03\/image-73-300x164.png 300w, https:\/\/drebruokyay.com\/wp-content\/uploads\/2025\/03\/image-73-768x419.png 768w, https:\/\/drebruokyay.com\/wp-content\/uploads\/2025\/03\/image-73-18x10.png 18w, https:\/\/drebruokyay.com\/wp-content\/uploads\/2025\/03\/image-73.png 1408w\" sizes=\"(max-width: 1024px) 100vw, 1024px\" \/><\/figure>\n\n\n\n<h2 class=\"wp-block-heading\"><span class=\"ez-toc-section\" id=\"Specific_Questions_to_Ask_for_Different_Types_of_Dermatological_Surgical_Procedures\"><\/span>Farkl\u0131 Dermatolojik Cerrahi Prosed\u00fcrler \u0130\u00e7in Sorulmas\u0131 Gereken \u00d6zel Sorular<span class=\"ez-toc-section-end\"><\/span><\/h2>\n\n\n\n<p>Yukar\u0131daki genel sorular \u00f6nemli olmakla birlikte, d\u00fc\u015f\u00fcnd\u00fc\u011f\u00fcn\u00fcz prosed\u00fcr\u00fcn t\u00fcr\u00fcne g\u00f6re \u00f6zel sorular da sormal\u0131s\u0131n\u0131z. \u0130\u015fte baz\u0131 \u00f6rnekler:<\/p>\n\n\n\n<h3 class=\"wp-block-heading\"><span class=\"ez-toc-section\" id=\"For_Skin_Cancer_Removal_Excision_Mohs_Surgery_Curettage_Electrodesiccation_Cryosurgery_Laser_Surgery\"><\/span>Cilt Kanserinin Giderilmesi i\u00e7in (Eksizyon, Mohs Cerrahisi, K\u00fcretaj ve Elektrodesikasyon, Kriyocerrahi, Lazer Cerrahisi):<span class=\"ez-toc-section-end\"><\/span><\/h3>\n\n\n\n<ul class=\"wp-block-list\">\n<li><strong>Ne t\u00fcr bir cilt kanserim var? Evresi ve derecesi nedir?<\/strong> Te\u015fhisinizin \u00f6zelliklerini anlay\u0131n.<\/li>\n\n\n\n<li><strong>Neden benim cilt kanseri t\u00fcr\u00fcm i\u00e7in bu \u00f6zel cerrahi y\u00f6ntem \u00f6neriliyor?<\/strong> Se\u00e7ilen yakla\u015f\u0131m\u0131n arkas\u0131ndaki mant\u0131\u011f\u0131 anlay\u0131n.<\/li>\n\n\n\n<li><strong>Bu prosed\u00fcrle bu t\u00fcr cilt kanseri i\u00e7in tedavi oranlar\u0131 nedir?<\/strong> Tedavinin ba\u015far\u0131s\u0131 hakk\u0131nda ger\u00e7ek\u00e7i beklentilere sahip olun.<\/li>\n\n\n\n<li><strong>Ne kadar doku \u00e7\u0131kar\u0131lacak? Ortaya \u00e7\u0131kan yara izi nas\u0131l g\u00f6r\u00fcnecek?<\/strong> Estetik sonucu anlay\u0131n.<\/li>\n\n\n\n<li><strong>Mohs ameliyat\u0131 i\u00e7in: Genellikle ka\u00e7 a\u015fama ger\u00e7ekle\u015ftiriyorsunuz? Birden fazla a\u015famaya ihtiya\u00e7 duyma olas\u0131l\u0131\u011f\u0131 nedir?<\/strong> S\u00fcreci ve potansiyel s\u00fcreyi anlay\u0131n.<\/li>\n\n\n\n<li><strong>Al\u0131nan doku patoloji i\u00e7in g\u00f6nderilecek mi? Patoloji raporu bize ne s\u00f6yleyecek?<\/strong> Te\u015fhis s\u00fcrecini anlay\u0131n.<\/li>\n\n\n\n<li><strong>Bu i\u015flemden sonra n\u00fcks olas\u0131l\u0131\u011f\u0131 nedir?<\/strong> Uzun vadeli g\u00f6r\u00fcn\u00fcm\u00fc anlay\u0131n.<\/li>\n\n\n\n<li><strong>Ameliyattan sonra radyasyon veya kemoterapi gibi ba\u015fka bir tedaviye ihtiyac\u0131m olacak m\u0131?<\/strong> Gerekirse t\u00fcm tedavi plan\u0131n\u0131 anlay\u0131n.<\/li>\n<\/ul>\n\n\n\n<h3 class=\"wp-block-heading\"><span class=\"ez-toc-section\" id=\"For_Mole_Removal_Biopsy_or_Complete_Excision\"><\/span>Ben Ald\u0131rma (Biyopsi veya Komple Eksizyon) i\u00e7in:<span class=\"ez-toc-section-end\"><\/span><\/h3>\n\n\n\n<ul class=\"wp-block-list\">\n<li><strong>Neden bu benin al\u0131nmas\u0131n\u0131 \u00f6neriyorsunuz? Melanom \u015f\u00fcphesi var m\u0131?<\/strong> Kald\u0131r\u0131lma nedenini anlay\u0131n.<\/li>\n\n\n\n<li><strong>Benin tamam\u0131 m\u0131 yoksa sadece bir \u00f6rne\u011fi mi (biyopsi) al\u0131nacak?<\/strong> Prosed\u00fcr\u00fcn kapsam\u0131n\u0131 anlay\u0131n.<\/li>\n\n\n\n<li><strong>\u00c7\u0131kar\u0131lan bene ne olacak? Patoloji i\u00e7in g\u00f6nderilecek mi?<\/strong> Te\u015fhis s\u00fcrecini anlay\u0131n.<\/li>\n\n\n\n<li><strong>Ben iyi huyluysa (kanserli de\u011filse), uzun vadede herhangi bir endi\u015fe olacak m\u0131?<\/strong> Patoloji sonu\u00e7lar\u0131n\u0131n \u00e7\u0131kar\u0131mlar\u0131n\u0131 anlay\u0131n.<\/li>\n\n\n\n<li><strong>Olu\u015fan yara izi nas\u0131l g\u00f6r\u00fcnecek? Yara izini nas\u0131l en aza indirebilirim?<\/strong> Estetik sonucu anlay\u0131n.<\/li>\n<\/ul>\n\n\n\n<h3 class=\"wp-block-heading\"><span class=\"ez-toc-section\" id=\"For_Cosmetic_Procedures_eg_Removal_of_Cysts_Lipomas_Skin_Tags_Scar_Revision\"><\/span>Kozmetik Prosed\u00fcrler i\u00e7in (\u00f6rne\u011fin, Kistlerin \u00c7\u0131kar\u0131lmas\u0131, Lipomlar, Deri Etiketleri, Yara \u0130zi Revizyonu):<span class=\"ez-toc-section-end\"><\/span><\/h3>\n\n\n\n<ul class=\"wp-block-list\">\n<li><strong>Bu prosed\u00fcr\u00fcn beklenen kozmetik sonu\u00e7lar\u0131 nelerdir?<\/strong> Estetik sonu\u00e7 hakk\u0131nda ger\u00e7ek\u00e7i beklentilere sahip olun.<\/li>\n\n\n\n<li><strong>G\u00f6r\u00fcn\u00fcr bir yara izi olacak m\u0131? Olacaksa, nas\u0131l g\u00f6r\u00fcnecek ve bunu nas\u0131l en aza indirebilirim?<\/strong> Estetik etkileri anlay\u0131n.<\/li>\n\n\n\n<li><strong>Kozmetik iyile\u015fme ne kadar s\u00fcrecek? Sonu\u00e7lar kal\u0131c\u0131 m\u0131?<\/strong> Sonu\u00e7lar\u0131n uzun \u00f6m\u00fcrl\u00fcl\u00fc\u011f\u00fcn\u00fc anlay\u0131n.<\/li>\n\n\n\n<li><strong>Ameliyats\u0131z kozmetik alternatifler mevcut mu?<\/strong> T\u00fcm se\u00e7eneklerinizi tart\u0131\u015f\u0131n.<\/li>\n<\/ul>\n\n\n\n<h3 class=\"wp-block-heading\"><span class=\"ez-toc-section\" id=\"For_Nail_Surgery_eg_Ingrown_Toenail_Removal_Nail_Biopsy\"><\/span>T\u0131rnak Ameliyat\u0131 i\u00e7in (\u00f6rn. T\u0131rnak Batmas\u0131n\u0131n \u00c7\u0131kar\u0131lmas\u0131, T\u0131rnak Biyopsisi):<span class=\"ez-toc-section-end\"><\/span><\/h3>\n\n\n\n<ul class=\"wp-block-list\">\n<li><strong>T\u0131rna\u011f\u0131mda ameliyat gerektiren spesifik sorun nedir?<\/strong> Te\u015fhisi anlay\u0131n.<\/li>\n\n\n\n<li><strong>T\u0131rna\u011f\u0131n hangi k\u0131sm\u0131 \u00e7\u0131kar\u0131lacak? Normal \u015fekilde tekrar uzayacak m\u0131?<\/strong> Ameliyat\u0131n kapsam\u0131n\u0131 ve uzun vadeli etkilerini anlay\u0131n.<\/li>\n\n\n\n<li><strong>Bu sorunun gelecekte tekrarlanmas\u0131n\u0131 nas\u0131l \u00f6nleyebilirim?<\/strong> \u00d6nleyici tedbirleri anlay\u0131n.<\/li>\n<\/ul>\n\n\n\n<h3 class=\"wp-block-heading\"><span class=\"ez-toc-section\" id=\"For_Hair_Transplant_Surgery\"><\/span>Sa\u00e7 Ekimi Ameliyat\u0131 \u0130\u00e7in:<span class=\"ez-toc-section-end\"><\/span><\/h3>\n\n\n\n<ul class=\"wp-block-list\">\n<li><strong>Hangi tip sa\u00e7 ekimi tekni\u011fini \u00f6nerirsiniz (FUT, FUE, DHI)? Neden?<\/strong> Se\u00e7ilen tekni\u011fin arkas\u0131ndaki mant\u0131\u011f\u0131 anlay\u0131n.<\/li>\n\n\n\n<li><strong>Ka\u00e7 greft ihtiyac\u0131 \u00f6ng\u00f6r\u00fcyorsunuz? Tahmini maliyet nedir?<\/strong> Kapsam\u0131 ve mali sonu\u00e7lar\u0131 anlay\u0131n.<\/li>\n\n\n\n<li><strong>Elde edebilece\u011fim beklenen sa\u00e7 yo\u011funlu\u011fu ve kapsam\u0131 nedir?<\/strong> Sonu\u00e7 hakk\u0131nda ger\u00e7ek\u00e7i beklentileriniz olsun.<\/li>\n\n\n\n<li><strong>\u00d6zellikle sa\u00e7 ekimi ameliyat\u0131 ile ilgili deneyiminiz nedir? Sa\u00e7 ekimi hastalar\u0131n\u0131z\u0131n \u00f6ncesi ve sonras\u0131 foto\u011fraflar\u0131n\u0131 g\u00f6rebilir miyim?<\/strong> Uzmanl\u0131klar\u0131n\u0131 de\u011ferlendirin.<\/li>\n\n\n\n<li><strong>Bekleyebilece\u011fim greft sa\u011fkal\u0131m oran\u0131 nedir?<\/strong> Ba\u015far\u0131l\u0131 transplantasyon olas\u0131l\u0131\u011f\u0131n\u0131 anlay\u0131n.<\/li>\n\n\n\n<li><strong>Ameliyattan sonra sonu\u00e7lar\u0131 g\u00f6rmek i\u00e7in zaman \u00e7izelgesi nedir?<\/strong> Sa\u00e7 b\u00fcy\u00fcmesi i\u00e7in beklenen zaman \u00e7izelgesini anlay\u0131n.<\/li>\n<\/ul>\n\n\n\n<h2 class=\"wp-block-heading\"><span class=\"ez-toc-section\" id=\"Being_an_Empowered_Patient\"><\/span>G\u00fc\u00e7lendirilmi\u015f Bir Hasta Olmak<span class=\"ez-toc-section-end\"><\/span><\/h2>\n\n\n\n<p>Bu sorular\u0131 sormak, g\u00fc\u00e7lendirilmi\u015f bir hasta olma yolunda \u00e7ok \u00f6nemli bir ad\u0131md\u0131r. Dermatolo\u011funuza akl\u0131n\u0131za tak\u0131lan her \u015feyi sormaktan \u00e7ekinmeyin veya korkmay\u0131n. Onlar, sa\u011fl\u0131\u011f\u0131n\u0131z ve tedaviniz hakk\u0131nda bilin\u00e7li kararlar vermeniz i\u00e7in ihtiya\u00e7 duydu\u011funuz bilgileri size sa\u011flamak i\u00e7in oradalar.<\/p>\n\n\n\n<p><strong>Kons\u00fcltasyonunuz i\u00e7in \u0130pu\u00e7lar\u0131:<\/strong><\/p>\n\n\n\n<ul class=\"wp-block-list\">\n<li><strong>Sorular\u0131n\u0131z\u0131 \u00d6nceden Haz\u0131rlay\u0131n:<\/strong> Randevunuzdan \u00f6nce sorular\u0131n\u0131z\u0131 yaz\u0131n, b\u00f6ylece hi\u00e7bir \u015feyi unutmazs\u0131n\u0131z.<\/li>\n\n\n\n<li><strong>Not al\u0131n:<\/strong> Kons\u00fcltasyon s\u0131ras\u0131nda not almak i\u00e7in bir not defteri getirin veya telefonunuzu kullan\u0131n.<\/li>\n\n\n\n<li><strong>Bir Arkada\u015f\u0131n\u0131z\u0131 veya Aile \u00dcyenizi Getirin:<\/strong> Yan\u0131n\u0131zda birinin olmas\u0131 bilgileri hat\u0131rlaman\u0131za ve ek sorular sorman\u0131za yard\u0131mc\u0131 olabilir.<\/li>\n\n\n\n<li><strong>A\u00e7\u0131klama \u0130stemekten Korkmay\u0131n:<\/strong> Bir \u015feyi anlamad\u0131ysan\u0131z, dermatolo\u011funuzdan daha basit terimlerle a\u00e7\u0131klamas\u0131n\u0131 isteyin.<\/li>\n\n\n\n<li><strong>Gerekirse \u0130kinci Bir G\u00f6r\u00fc\u015f Al\u0131n:<\/strong> \u00d6nerilerden emin de\u011filseniz veya rahats\u0131zl\u0131k duyuyorsan\u0131z, ba\u015fka bir dermatologdan ikinci bir g\u00f6r\u00fc\u015f almaktan \u00e7ekinmeyin.<\/li>\n<\/ul>\n\n\n\n<p>Sa\u011fl\u0131k hizmetinizde aktif bir rol \u00fcstlenerek ve do\u011fru sorular\u0131 sorarak, dermatolojik cerrahi prosed\u00fcr\u00fcn\u00fcze g\u00fcvenle ve g\u00f6n\u00fcl rahatl\u0131\u011f\u0131yla yakla\u015fabilirsiniz. Dermatolo\u011funuz sa\u011fl\u0131kl\u0131 ve g\u00fczel bir cilt elde etmenizde orta\u011f\u0131n\u0131zd\u0131r, bu nedenle a\u00e7\u0131k ileti\u015fim ba\u015far\u0131l\u0131 bir sonucun anahtar\u0131d\u0131r.<\/p>\n\n\n\n<p>G\u00fcvendi\u011finiz Dr. Ebru Okyay&#039;\u0131n uzmanl\u0131\u011f\u0131n\u0131 ke\u015ffedin\u00a0<a href=\"https:\/\/drebruokyay.com\/tr\/hakkimizda\/\" target=\"_blank\" rel=\"noreferrer noopener\">dermatolog<\/a>\u00a0i\u00e7inde\u00a0<a href=\"https:\/\/antalya.goturkiye.com\/homepage\" target=\"_blank\" rel=\"noreferrer noopener nofollow\">Antalya<\/a>. \u0130ster t\u0131bbi cilt sorunlar\u0131n\u0131z\u0131 gidermek, ister kozmetik tedavilerle do\u011fal g\u00fczelli\u011finizi art\u0131rmak isteyin, Dr. Okyay size yard\u0131mc\u0131 olmak i\u00e7in burada. Ki\u015fiselle\u015ftirilmi\u015f bak\u0131m ve geli\u015fmi\u015f tekniklerle, cilt hedeflerinize ula\u015fmak hi\u00e7 bu kadar kolay olmam\u0131\u015ft\u0131.<\/p>","protected":false},"excerpt":{"rendered":"<p>Ne kadar k\u00fc\u00e7\u00fck g\u00f6r\u00fcn\u00fcrse g\u00f6r\u00fcns\u00fcn, herhangi bir cerrahi prosed\u00fcr\u00fcn uygulanmas\u0131 endi\u015fe ve belirsizlik kayna\u011f\u0131 olabilir. \u0130ster cilt kanserinin giderilmesi gibi t\u0131bbi nedenlerle ister kozmetik iyile\u015ftirmeler i\u00e7in olsun, dermatolojik cerrahi prosed\u00fcrler s\u00f6z konusu oldu\u011funda, iyi bilgilendirilmi\u015f olmak \u00e7ok \u00f6nemlidir. Dermatolo\u011funuza do\u011fru sorular\u0131 sormak sadece prosed\u00fcr\u00fc daha iyi anlaman\u0131za yard\u0131mc\u0131 olmakla kalmayacak, ayn\u0131 zamanda sa\u011fl\u0131\u011f\u0131n\u0131z ve refah\u0131n\u0131z hakk\u0131nda kendinize g\u00fcvenerek karar vermenizi sa\u011flayacakt\u0131r. Bu kapsaml\u0131 k\u0131lavuz, herhangi bir cerrahi prosed\u00fcrden ge\u00e7meden \u00f6nce dermatolo\u011funuza sorman\u0131z gereken sorular\u0131n ayr\u0131nt\u0131l\u0131 bir listesini sunmaktad\u0131r. Proaktif davranarak ve bak\u0131m\u0131n\u0131zla ilgilenerek, kendinizi rahat ve haz\u0131r hissetmek i\u00e7in ihtiyac\u0131n\u0131z olan t\u00fcm bilgilere sahip oldu\u011funuzdan emin olabilirsiniz. Herhangi Bir Dermatolojik Cerrahi Prosed\u00fcr Hakk\u0131nda Sorulacak Genel Sorular Bunlar, d\u00fc\u015f\u00fcn\u00fclen belirli cerrahi prosed\u00fcr t\u00fcr\u00fcnden ba\u011f\u0131ms\u0131z olarak dermatolo\u011funuza sorman\u0131z gereken temel sorulard\u0131r. 1. Prosed\u00fcr\u00fcn Kendisi Hakk\u0131nda: 2. Dermatolo\u011funuzun Deneyimi Hakk\u0131nda: 3. Riskler ve Faydalar Hakk\u0131nda: 4. \u0130yile\u015fme S\u00fcreci Hakk\u0131nda: 5. Maliyetler ve Lojistik Hakk\u0131nda: Farkl\u0131 Dermatolojik Cerrahi Prosed\u00fcr T\u00fcrleri i\u00e7in Sorulacak \u00d6zel Sorular Yukar\u0131daki genel sorular \u00f6nemli olmakla birlikte, d\u00fc\u015f\u00fcnd\u00fc\u011f\u00fcn\u00fcz prosed\u00fcr t\u00fcr\u00fcne g\u00f6re \u00f6zel sorular da sormal\u0131s\u0131n\u0131z. \u0130\u015fte baz\u0131 \u00f6rnekler: Cilt Kanserinin Giderilmesi i\u00e7in (Eksizyon, Mohs Cerrahisi, K\u00fcretaj ve Elektrodesikasyon, Kriyocerrahi, Lazer Cerrahisi): Ben Ald\u0131rma i\u00e7in (Biyopsi veya Tam Eksizyon): Kozmetik Prosed\u00fcrler i\u00e7in (\u00f6rne\u011fin, Kistlerin \u00c7\u0131kar\u0131lmas\u0131, Lipomlar, Deri Etiketleri, Yara \u0130zi Revizyonu): T\u0131rnak Cerrahisi i\u00e7in (\u00f6rn. T\u0131rnak Batmas\u0131n\u0131n Giderilmesi, T\u0131rnak Biyopsisi): Sa\u00e7 Ekimi Ameliyat\u0131 i\u00e7in: G\u00fc\u00e7lendirilmi\u015f Bir Hasta Olmak Bu sorular\u0131 sormak, g\u00fc\u00e7lendirilmi\u015f bir hasta olma yolunda \u00e7ok \u00f6nemli bir ad\u0131md\u0131r. Dermatolo\u011funuza akl\u0131n\u0131za tak\u0131lan her \u015feyi sormaktan \u00e7ekinmeyin veya korkmay\u0131n. Sa\u011fl\u0131\u011f\u0131n\u0131z ve tedaviniz hakk\u0131nda bilin\u00e7li kararlar vermeniz i\u00e7in ihtiya\u00e7 duydu\u011funuz bilgileri size sa\u011flamak i\u00e7in oradalar. Kons\u00fcltasyonunuz i\u00e7in \u0130pu\u00e7lar\u0131: Sa\u011fl\u0131k hizmetinizde aktif bir rol alarak ve do\u011fru sorular\u0131 sorarak, dermatolojik cerrahi prosed\u00fcr\u00fcn\u00fcze g\u00fcvenle ve g\u00f6n\u00fcl rahatl\u0131\u011f\u0131yla yakla\u015fabilirsiniz. Dermatolo\u011funuz sa\u011fl\u0131kl\u0131 ve g\u00fczel bir cilde ula\u015fman\u0131zda orta\u011f\u0131n\u0131zd\u0131r, bu nedenle a\u00e7\u0131k ileti\u015fim ba\u015far\u0131l\u0131 bir sonucun anahtar\u0131d\u0131r. Antalya'daki g\u00fcvenilir dermatolo\u011funuz Dr. Ebru Okyay'\u0131n uzmanl\u0131\u011f\u0131n\u0131 ke\u015ffedin. \u0130ster t\u0131bbi cilt sorunlar\u0131n\u0131 ele almak ister kozmetik tedavilerle do\u011fal g\u00fczelli\u011finizi geli\u015ftirmek isteyin, Dr. Okyay size yard\u0131mc\u0131 olmak i\u00e7in burada. Ki\u015fiselle\u015ftirilmi\u015f bak\u0131m ve geli\u015fmi\u015f tekniklerle cilt hedeflerinize ula\u015fmak hi\u00e7 bu kadar kolay olmam\u0131\u015ft\u0131.<\/p>","protected":false},"author":1,"featured_media":1863,"comment_status":"open","ping_status":"open","sticky":false,"template":"","format":"standard","meta":{"_daextam_enable_autolinks":"1","site-sidebar-layout":"default","site-content-layout":"","ast-site-content-layout":"","site-content-style":"default","site-sidebar-style":"default","ast-global-header-display":"","ast-banner-title-visibility":"","ast-main-header-display":"","ast-hfb-above-header-display":"","ast-hfb-below-header-display":"","ast-hfb-mobile-header-display":"","site-post-title":"","ast-breadcrumbs-content":"","ast-featured-img":"","footer-sml-layout":"","ast-disable-related-posts":"","theme-transparent-header-meta":"","adv-header-id-meta":"","stick-header-meta":"","header-above-stick-meta":"","header-main-stick-meta":"","header-below-stick-meta":"","astra-migrate-meta-layouts":"default","ast-page-background-enabled":"default","ast-page-background-meta":{"desktop":{"background-color":"var(--ast-global-color-4)","background-image":"","background-repeat":"repeat","background-position":"center center","background-size":"auto","background-attachment":"scroll","background-type":"","background-media":"","overlay-type":"","overlay-color":"","overlay-opacity":"","overlay-gradient":""},"tablet":{"background-color":"","background-image":"","background-repeat":"repeat","background-position":"center center","background-size":"auto","background-attachment":"scroll","background-type":"","background-media":"","overlay-type":"","overlay-color":"","overlay-opacity":"","overlay-gradient":""},"mobile":{"background-color":"","background-image":"","background-repeat":"repeat","background-position":"center center","background-size":"auto","background-attachment":"scroll","background-type":"","background-media":"","overlay-type":"","overlay-color":"","overlay-opacity":"","overlay-gradient":""}},"ast-content-background-meta":{"desktop":{"background-color":"var(--ast-global-color-5)","background-image":"","background-repeat":"repeat","background-position":"center center","background-size":"auto","background-attachment":"scroll","background-type":"","background-media":"","overlay-type":"","overlay-color":"","overlay-opacity":"","overlay-gradient":""},"tablet":{"background-color":"var(--ast-global-color-5)","background-image":"","background-repeat":"repeat","background-position":"center center","background-size":"auto","background-attachment":"scroll","background-type":"","background-media":"","overlay-type":"","overlay-color":"","overlay-opacity":"","overlay-gradient":""},"mobile":{"background-color":"var(--ast-global-color-5)","background-image":"","background-repeat":"repeat","background-position":"center center","background-size":"auto","background-attachment":"scroll","background-type":"","background-media":"","overlay-type":"","overlay-color":"","overlay-opacity":"","overlay-gradient":""}},"footnotes":""},"categories":[15],"tags":[],"class_list":["post-1861","post","type-post","status-publish","format-standard","has-post-thumbnail","hentry","category-medical-tourism"],"_links":{"self":[{"href":"https:\/\/drebruokyay.com\/tr\/wp-json\/wp\/v2\/posts\/1861","targetHints":{"allow":["GET"]}}],"collection":[{"href":"https:\/\/drebruokyay.com\/tr\/wp-json\/wp\/v2\/posts"}],"about":[{"href":"https:\/\/drebruokyay.com\/tr\/wp-json\/wp\/v2\/types\/post"}],"author":[{"embeddable":true,"href":"https:\/\/drebruokyay.com\/tr\/wp-json\/wp\/v2\/users\/1"}],"replies":[{"embeddable":true,"href":"https:\/\/drebruokyay.com\/tr\/wp-json\/wp\/v2\/comments?post=1861"}],"version-history":[{"count":1,"href":"https:\/\/drebruokyay.com\/tr\/wp-json\/wp\/v2\/posts\/1861\/revisions"}],"predecessor-version":[{"id":1865,"href":"https:\/\/drebruokyay.com\/tr\/wp-json\/wp\/v2\/posts\/1861\/revisions\/1865"}],"wp:featuredmedia":[{"embeddable":true,"href":"https:\/\/drebruokyay.com\/tr\/wp-json\/wp\/v2\/media\/1863"}],"wp:attachment":[{"href":"https:\/\/drebruokyay.com\/tr\/wp-json\/wp\/v2\/media?parent=1861"}],"wp:term":[{"taxonomy":"category","embeddable":true,"href":"https:\/\/drebruokyay.com\/tr\/wp-json\/wp\/v2\/categories?post=1861"},{"taxonomy":"post_tag","embeddable":true,"href":"https:\/\/drebruokyay.com\/tr\/wp-json\/wp\/v2\/tags?post=1861"}],"curies":[{"name":"wp","href":"https:\/\/api.w.org\/{rel}","templated":true}]}}