{"id":1562,"date":"2025-01-23T09:44:09","date_gmt":"2025-01-23T09:44:09","guid":{"rendered":"https:\/\/drebruokyay.com\/?p=1562"},"modified":"2025-01-30T20:30:21","modified_gmt":"2025-01-30T20:30:21","slug":"neden-bu-kadar-kolay-yaralandim","status":"publish","type":"post","link":"https:\/\/drebruokyay.com\/tr\/why-do-i-scar-so-easily\/","title":{"rendered":"Neden bu kadar kolay yara izi kal\u0131yor?"},"content":{"rendered":"<p>A\u015f\u0131r\u0131 yara izi veya keloid ve hipertrofik yara izi, bir\u00e7ok ki\u015fiyi etkileyen yayg\u0131n bir sorundur.  Baz\u0131 insanlar\u0131n neden di\u011ferlerine g\u00f6re daha kolay yara izi b\u0131rakt\u0131\u011f\u0131n\u0131 anlamak genetik fakt\u00f6rler, cilt tipi ve v\u00fccudun iyile\u015fme tepkisinin karma\u015f\u0131k bir etkile\u015fimini i\u00e7erir. Bu makale, kolay yara izi b\u0131rakman\u0131n ard\u0131ndaki temel nedenleri ara\u015ft\u0131racak, s\u00fcrece ili\u015fkin i\u00e7g\u00f6r\u00fcler sa\u011flayacak ve yara izi g\u00f6r\u00fcn\u00fcm\u00fcn\u00fc en aza indirmek i\u00e7in pratik tavsiyeler sunacakt\u0131r.<\/p>\n\n\n\n<div id=\"ez-toc-container\" class=\"ez-toc-v2_0_82_2 ez-toc-wrap-left counter-hierarchy ez-toc-counter ez-toc-transparent ez-toc-container-direction\">\n<div class=\"ez-toc-title-container\">\n<p class=\"ez-toc-title\" style=\"cursor:inherit\">\u0130\u00e7indekiler<\/p>\n<span class=\"ez-toc-title-toggle\"><a href=\"#\" class=\"ez-toc-pull-right ez-toc-btn ez-toc-btn-xs ez-toc-btn-default ez-toc-toggle\" aria-label=\"\u0130\u00e7indekiler Tablosunu A\u00e7\/Kapat\"><span class=\"ez-toc-js-icon-con\"><span class=\"\"><span class=\"eztoc-hide\" style=\"display:none;\">Ge\u00e7i\u015f<\/span><span class=\"ez-toc-icon-toggle-span\"><svg style=\"fill: #999;color:#999\" xmlns=\"http:\/\/www.w3.org\/2000\/svg\" class=\"list-377408\" width=\"20px\" height=\"20px\" viewbox=\"0 0 24 24\" fill=\"none\"><path d=\"M6 6H4v2h2V6zm14 0H8v2h12V6zM4 11h2v2H4v-2zm16 0H8v2h12v-2zM4 16h2v2H4v-2zm16 0H8v2h12v-2z\" fill=\"currentColor\"><\/path><\/svg><svg style=\"fill: #999;color:#999\" class=\"arrow-unsorted-368013\" xmlns=\"http:\/\/www.w3.org\/2000\/svg\" width=\"10px\" height=\"10px\" viewbox=\"0 0 24 24\" version=\"1.2\" baseprofile=\"tiny\"><path d=\"M18.2 9.3l-6.2-6.3-6.2 6.3c-.2.2-.3.4-.3.7s.1.5.3.7c.2.2.4.3.7.3h11c.3 0 .5-.1.7-.3.2-.2.3-.5.3-.7s-.1-.5-.3-.7zM5.8 14.7l6.2 6.3 6.2-6.3c.2-.2.3-.5.3-.7s-.1-.5-.3-.7c-.2-.2-.4-.3-.7-.3h-11c-.3 0-.5.1-.7.3-.2.2-.3.5-.3.7s.1.5.3.7z\"\/><\/svg><\/span><\/span><\/span><\/a><\/span><\/div>\n<nav><ul class='ez-toc-list ez-toc-list-level-1' ><li class='ez-toc-page-1 ez-toc-heading-level-2'><a class=\"ez-toc-link ez-toc-heading-1\" href=\"https:\/\/drebruokyay.com\/tr\/why-do-i-scar-so-easily\/#Understanding_Your_Skins_Healing\" >Cildinizin \u0130yile\u015fme S\u00fcrecini Anlamak<\/a><\/li><li class='ez-toc-page-1 ez-toc-heading-level-2'><a class=\"ez-toc-link ez-toc-heading-2\" href=\"https:\/\/drebruokyay.com\/tr\/why-do-i-scar-so-easily\/#Genetic_Predisposition_to_Scarring\" >Yara \u0130zine Genetik Yatk\u0131nl\u0131k<\/a><\/li><li class='ez-toc-page-1 ez-toc-heading-level-2'><a class=\"ez-toc-link ez-toc-heading-3\" href=\"https:\/\/drebruokyay.com\/tr\/why-do-i-scar-so-easily\/#Factors_Influencing_Scar_Formation\" >Yara \u0130zi Olu\u015fumunu Etkileyen Fakt\u00f6rler<\/a><\/li><li class='ez-toc-page-1 ez-toc-heading-level-2'><a class=\"ez-toc-link ez-toc-heading-4\" href=\"https:\/\/drebruokyay.com\/tr\/why-do-i-scar-so-easily\/#Minimizing_Scar_Appearance_Risk\" >Yara \u0130zi G\u00f6r\u00fcn\u00fcm\u00fcn\u00fc ve Riskini En Aza \u0130ndirme<\/a><\/li><\/ul><\/nav><\/div>\n<h2 class=\"wp-block-heading\"><span class=\"ez-toc-section\" id=\"Understanding_Your_Skins_Healing\"><\/span>Cildinizin \u0130yile\u015fme S\u00fcrecini Anlamak<span class=\"ez-toc-section-end\"><\/span><\/h2>\n\n\n\n<p>Fibroplazi olarak bilinen yara izi olu\u015fumu s\u00fcreci, v\u00fccudun yara iyile\u015ftirme tepkisinin do\u011fal bir par\u00e7as\u0131d\u0131r. Cilt yaraland\u0131\u011f\u0131nda, v\u00fccut hasarl\u0131 dokuyu onarmak i\u00e7in tasarlanm\u0131\u015f bir dizi olay ba\u015flat\u0131r. Bu, k\u0131zar\u0131kl\u0131k, \u015fi\u015fme ve a\u011fr\u0131 ile karakterize iltihaplanma ile ba\u015flar.  V\u00fccut daha sonra cilde yap\u0131sal destek sa\u011flayan bir protein olan yeni kolajen olu\u015fturur.  Bu kolajen ba\u015flang\u0131\u00e7ta d\u00fczensiz bir k\u00fctle olu\u015fturur ve zaman i\u00e7inde yava\u015f yava\u015f yeniden \u015fekillenerek yara izi olu\u015fumuna yol a\u00e7ar.  Bu s\u00fcrecin etkinli\u011fi ve organizasyonu, yara izinin nihai g\u00f6r\u00fcn\u00fcm\u00fcn\u00fc b\u00fcy\u00fck \u00f6l\u00e7\u00fcde etkiler.<\/p>\n\n\n\n<p>Kolay yara a\u00e7an ki\u015filerde bu iyile\u015fme s\u00fcreci d\u00fczensiz olabilir.  Enflamatuar faz uzun s\u00fcreli veya a\u015f\u0131r\u0131 yo\u011fun olabilir, bu da a\u015f\u0131r\u0131 kolajen \u00fcretimine yol a\u00e7abilir.  Alternatif olarak, yeniden \u015fekillenme a\u015famas\u0131 tamamlanmam\u0131\u015f olabilir ve bu da kabar\u0131k, kal\u0131nla\u015fm\u0131\u015f veya renksiz bir yara izi ile sonu\u00e7lanabilir.  Cildin kolajen liflerini d\u00fczg\u00fcn bir \u015fekilde organize etme kabiliyeti \u00e7ok \u00f6nemlidir; d\u00fczensiz kolajen, hipertrofik veya keloid skarlar\u0131n kabar\u0131k ve genellikle \u00e7irkin g\u00f6r\u00fcn\u00fcm\u00fcne katk\u0131da bulunur.  Bu a\u015famalar\u0131 anlamak, baz\u0131 bireylerin neden di\u011ferlerine g\u00f6re yara izine daha yatk\u0131n oldu\u011funu kavramak i\u00e7in esast\u0131r.<\/p>\n\n\n\n<p>Yaran\u0131n t\u00fcr\u00fc de \u00f6nemli bir rol oynar. Derin yaralar, enfekte olmu\u015f yaralar veya iyile\u015fme s\u0131ras\u0131nda gerilime maruz kalan yaralar\u0131n g\u00f6zle g\u00f6r\u00fcl\u00fcr yara izine yol a\u00e7ma olas\u0131l\u0131\u011f\u0131 daha y\u00fcksektir.  Benzer \u015fekilde, yaran\u0131n v\u00fccut \u00fczerindeki konumu da yara izi olu\u015fumunu etkileyebilir. Omuzlar, g\u00f6\u011f\u00fcs ve s\u0131rt gibi cilt gerginli\u011finin artt\u0131\u011f\u0131 b\u00f6lgeler hipertrofik ve keloid skar olu\u015fumuna daha yatk\u0131nd\u0131r.  Yaran\u0131n dermise n\u00fcfuz etme derinli\u011fi de \u00f6nemli bir fakt\u00f6rd\u00fcr, \u00e7\u00fcnk\u00fc daha derin yaralar ka\u00e7\u0131n\u0131lmaz olarak daha fazla kolajen yap\u0131s\u0131n\u0131 bozarak daha belirgin yara izine yol a\u00e7ar.<\/p>\n\n\n\n<p>Son olarak, bireyin ya\u015f\u0131 da bir fakt\u00f6rd\u00fcr.  Gen\u00e7 bireyler daha g\u00fc\u00e7l\u00fc bir iyile\u015fme tepkisine sahip olma e\u011filimindedir ve bu da bazen daha belirgin yara izlerine yol a\u00e7abilir.  Ya\u015fland\u0131k\u00e7a iyile\u015fme s\u00fcreci yava\u015flar ve yara izleri daha az belirgin g\u00f6r\u00fcnebilir, ancak hipertrofik yara izi riski azalabilir. Bireyin genel sa\u011fl\u0131\u011f\u0131 da bir rol oynar; ba\u011f\u0131\u015f\u0131kl\u0131k sistemini tehlikeye atan ko\u015fullar yara iyile\u015fmesini olumsuz etkileyebilir ve a\u015f\u0131r\u0131 yara izi olas\u0131l\u0131\u011f\u0131n\u0131 art\u0131rabilir.<\/p>\n\n\n\n<figure class=\"wp-block-image size-large\"><img fetchpriority=\"high\" decoding=\"async\" width=\"1024\" height=\"695\" src=\"https:\/\/drebruokyay.com\/wp-content\/uploads\/2025\/01\/image-49-1024x695.png\" alt=\"\" class=\"wp-image-1692\" srcset=\"https:\/\/drebruokyay.com\/wp-content\/uploads\/2025\/01\/image-49-1024x695.png 1024w, https:\/\/drebruokyay.com\/wp-content\/uploads\/2025\/01\/image-49-300x204.png 300w, https:\/\/drebruokyay.com\/wp-content\/uploads\/2025\/01\/image-49-768x521.png 768w, https:\/\/drebruokyay.com\/wp-content\/uploads\/2025\/01\/image-49.png 1200w\" sizes=\"(max-width: 1024px) 100vw, 1024px\" \/><\/figure>\n\n\n\n<h2 class=\"wp-block-heading\"><span class=\"ez-toc-section\" id=\"Genetic_Predisposition_to_Scarring\"><\/span>Yara \u0130zine Genetik Yatk\u0131nl\u0131k<span class=\"ez-toc-section-end\"><\/span><\/h2>\n\n\n\n<p>Kolay yara izi olu\u015fumuna katk\u0131da bulunan \u00f6nemli bir fakt\u00f6r de genetiktir.  Ailede keloid veya hipertrofik yara izi \u00f6yk\u00fcs\u00fc, bireysel riskin artt\u0131\u011f\u0131n\u0131n g\u00fc\u00e7l\u00fc bir g\u00f6stergesidir.  Birden fazla aile \u00fcyesinde a\u015f\u0131r\u0131 yara izi varsa, bu yatk\u0131nl\u0131\u011f\u0131n kal\u0131tsal olma olas\u0131l\u0131\u011f\u0131 y\u00fcksektir.  Bu genetik kal\u0131t\u0131m\u0131n tek bir gene ba\u011fl\u0131 olmas\u0131 gerekmez, bunun yerine yara iyile\u015ftirme kaskad\u0131n\u0131n \u00e7e\u015fitli y\u00f6nlerini etkileyen birden fazla genin karma\u015f\u0131k bir etkile\u015fimi s\u00f6z konusudur.<\/p>\n\n\n\n<p>Bu genler kolajen \u00fcretiminin d\u00fczenlenmesini, enflamatuar yan\u0131t\u0131 veya yeniden \u015fekillenme s\u00fcrecini etkileyebilir.  Baz\u0131 bireylerde a\u015f\u0131r\u0131 kolajen sentezine y\u00f6nelik genetik bir yatk\u0131nl\u0131k bulunabilir ve bu da kabar\u0131k ve kal\u0131nla\u015fm\u0131\u015f yara izlerine yol a\u00e7abilir.  Di\u011ferleri ise uzun s\u00fcreli enflamasyona y\u00f6nelik genetik bir e\u011filime sahip olabilir ve bu da belirgin yara izlerinin olu\u015fumuna katk\u0131da bulunur.  Genetik bile\u015feni anlamak, yara izi y\u00f6netiminde yaln\u0131zca d\u0131\u015f fakt\u00f6rlere odaklanman\u0131n s\u0131n\u0131rlar\u0131n\u0131 vurgulad\u0131\u011f\u0131 i\u00e7in \u00e7ok \u00f6nemlidir.<\/p>\n\n\n\n<p>Ara\u015ft\u0131rmalar, yara izi olu\u015fumunda rol oynayan spesifik genleri ve yollar\u0131 tan\u0131mlamaya devam etmektedir. Devam eden bu ara\u015ft\u0131rma, hedefe y\u00f6nelik tedaviler ve \u00f6nleyici stratejiler geli\u015ftirmek i\u00e7in hayati \u00f6nem ta\u015f\u0131maktad\u0131r.  Yara izi yatk\u0131nl\u0131\u011f\u0131 i\u00e7in genetik testler rutin olarak mevcut olmasa da, ayr\u0131nt\u0131l\u0131 bir aile \u00f6yk\u00fcs\u00fc bireysel risk hakk\u0131nda de\u011ferli bilgiler sa\u011flayabilir. Bu bilgiler \u00f6nleyici tedbirler ve y\u00f6netim stratejileri hakk\u0131nda bilgi verebilir.<\/p>\n\n\n\n<p>Ayr\u0131ca, etnik k\u00f6ken de bir rol oynamaktad\u0131r. Daha koyu cilt tonuna sahip bireyler, daha a\u00e7\u0131k cilt tonuna sahip olanlara k\u0131yasla keloid yara izine istatistiksel olarak daha yatk\u0131nd\u0131r.  Bu durum yaln\u0131zca geneti\u011fe ba\u011fl\u0131 olmay\u0131p, melanin \u00fcretimi ve cildin yap\u0131sal \u00f6zellikleri gibi fakt\u00f6rlerden de etkilenmektedir.  Bu etnik yatk\u0131nl\u0131\u011f\u0131 anlamak, k\u00fclt\u00fcrel a\u00e7\u0131dan hassas ve etkili bak\u0131m sa\u011flamak i\u00e7in \u00e7ok \u00f6nemlidir.<\/p>\n\n\n\n<h2 class=\"wp-block-heading\"><span class=\"ez-toc-section\" id=\"Factors_Influencing_Scar_Formation\"><\/span>Yara \u0130zi Olu\u015fumunu Etkileyen Fakt\u00f6rler<span class=\"ez-toc-section-end\"><\/span><\/h2>\n\n\n\n<p>Geneti\u011fin \u00f6tesinde, \u00e7e\u015fitli d\u0131\u015f fakt\u00f6rler yara izi olu\u015fumunu etkileyebilir.  Yara b\u00f6lgesindeki enfeksiyon, a\u015f\u0131r\u0131 yara izi olu\u015fumuna \u00f6nemli bir katk\u0131da bulunur.  Bakteriler ve di\u011fer patojenler enflamatuar faz\u0131 uzatarak kolajen \u00fcretiminin artmas\u0131na ve daha belirgin bir yara izine yol a\u00e7abilir.  Bu nedenle, enfeksiyon riskini en aza indirmek ve optimal iyile\u015fmeyi desteklemek i\u00e7in titiz yara bak\u0131m\u0131 \u00e7ok \u00f6nemlidir.<\/p>\n\n\n\n<p>\u0130yile\u015fme s\u0131ras\u0131nda yara \u00fczerindeki gerilim de yara izi g\u00f6r\u00fcn\u00fcm\u00fcn\u00fc \u00f6nemli \u00f6l\u00e7\u00fcde etkiler.  S\u00fcrekli gerilmeye veya harekete maruz kalan yaralarda hipertrofik veya keloid yara izi olu\u015fma olas\u0131l\u0131\u011f\u0131 daha y\u00fcksektir.  Bunun nedeni, gerginli\u011fin organize kolajen birikimini bozarak kabar\u0131k ve genellikle \u00e7irkin bir yara izine yol a\u00e7mas\u0131d\u0131r.  Uygun yara \u00f6rt\u00fcleri, atelleme veya di\u011fer destekleyici \u00f6nlemlerle gerginli\u011fi en aza indirmek bu riski azaltmaya yard\u0131mc\u0131 olabilir.<\/p>\n\n\n\n<p>Yaran\u0131n derinli\u011fi ve boyutu da \u00f6nemli fakt\u00f6rlerdir.  Dermise daha fazla n\u00fcfuz eden daha derin yaralar, do\u011fal olarak daha kapsaml\u0131 hasara ve daha fazla kolajen onar\u0131m\u0131 ihtiyac\u0131na yol a\u00e7arak daha belirgin yara izlerine neden olur.  Daha b\u00fcy\u00fck yaralarda da a\u015f\u0131r\u0131 yara izi olu\u015fma olas\u0131l\u0131\u011f\u0131 daha y\u00fcksektir.  Yaralanman\u0131n t\u00fcr\u00fc de bir rol oynar; laserasyonlar (kesikler) s\u0131yr\u0131klara (s\u0131yr\u0131klar) g\u00f6re daha belirgin yara izi b\u0131rakma e\u011filimindedir.<\/p>\n\n\n\n<p>Son olarak, g\u00fcne\u015f \u0131\u015f\u0131\u011f\u0131ndan kaynaklanan ultraviyole (UV) radyasyona maruz kalmak yara izinin g\u00f6r\u00fcn\u00fcm\u00fcn\u00fc olumsuz etkileyebilir.  UV maruziyeti yara izinin hiperpigmentasyonuna (koyula\u015fmas\u0131na) yol a\u00e7arak daha belirgin hale gelmesine neden olabilir.  Y\u00fcksek SPF'li g\u00fcne\u015f kremi kullanarak yara izlerini g\u00fcne\u015fe maruz kalmaktan korumak, renk de\u011fi\u015fikli\u011fini en aza indirmek ve daha fazla hasar\u0131 \u00f6nlemek i\u00e7in \u00e7ok \u00f6nemlidir.  Bu \u00f6zellikle yara dokusunun en savunmas\u0131z oldu\u011fu yaralanmadan sonraki ilk aylarda \u00f6nemlidir.<\/p>\n\n\n\n<h2 class=\"wp-block-heading\"><span class=\"ez-toc-section\" id=\"Minimizing_Scar_Appearance_Risk\"><\/span>Yara \u0130zi G\u00f6r\u00fcn\u00fcm\u00fcn\u00fc ve Riskini En Aza \u0130ndirme<span class=\"ez-toc-section-end\"><\/span><\/h2>\n\n\n\n<p>A\u015f\u0131r\u0131 yara izi g\u00f6r\u00fcn\u00fcm\u00fcn\u00fc ve riskini en aza indirmek i\u00e7in \u00e7e\u015fitli stratejiler uygulanabilir.  H\u0131zl\u0131 ve uygun yara bak\u0131m\u0131 \u00e7ok \u00f6nemlidir.  Bu, yaran\u0131n iyice temizlenmesini, enfeksiyonun \u00f6nlenmesini ve yaray\u0131 korumak ve nemli bir iyile\u015fme ortam\u0131 sa\u011flamak i\u00e7in uygun pansumanlar\u0131n kullan\u0131lmas\u0131n\u0131 i\u00e7erir.  Yara iyile\u015fmesinin ilk a\u015famalar\u0131 nihai yara izi sonucunu belirlemede \u00e7ok \u00f6nemli oldu\u011fundan erken m\u00fcdahale \u00e7ok \u00f6nemlidir.<\/p>\n\n\n\n<p>Silikon jel kaplama veya silikon bazl\u0131 merhemler genellikle mevcut yara izlerini y\u00f6netmek i\u00e7in \u00f6nerilir.  Bu \u00fcr\u00fcnler yara dokusunu nemlendirmeye, iltihab\u0131 azaltmaya ve kolajen organizasyonunu iyile\u015ftirmeye yard\u0131mc\u0131 olarak daha d\u00fcz ve daha az fark edilir bir yara izine yol a\u00e7ar.  Genellikle iyi tolere edilirler ve \u00e7e\u015fitli yara izi t\u00fcrleri i\u00e7in kullan\u0131labilirler.<\/p>\n\n\n\n<p>\u015eiddetli keloid veya hipertrofik yara izi vakalar\u0131nda cerrahi m\u00fcdahale d\u00fc\u015f\u00fcn\u00fclebilir.  Cerrahi eksizyon, genellikle steroid enjeksiyonlar\u0131 veya radyasyon tedavisi gibi di\u011fer tedavilerle birlikte, yara izinin boyutunu ve belirginli\u011fini azaltmaya yard\u0131mc\u0131 olabilir.  Bununla birlikte, ameliyat kendi risklerini ta\u015f\u0131r ve n\u00fcks\u00fc \u00f6nlemede her zaman ba\u015far\u0131l\u0131 olmayabilir.<\/p>\n\n\n\n<p>Son olarak, yara izi renk de\u011fi\u015fikli\u011fini en aza indirmek ve daha fazla hasar\u0131 \u00f6nlemek i\u00e7in g\u00fcne\u015ften korunma \u00e7ok \u00f6nemlidir.  Yara izlerini UV radyasyonundan korumak i\u00e7in y\u00fcksek SPF'li (en az 30) geni\u015f spektrumlu bir g\u00fcne\u015f kreminin s\u00fcrekli kullan\u0131m\u0131 \u00f6nerilir.  \u00d6zellikle g\u00fcne\u015fin yo\u011fun oldu\u011fu saatlerde d\u00fczenli uygulama, optimum yara izi g\u00f6r\u00fcn\u00fcm\u00fcn\u00fc korumak ve hiperpigmentasyonu \u00f6nlemek i\u00e7in gereklidir.<\/p>\n\n\n\n<p>Excessive scarring is a complex issue influenced by a combination of genetic and environmental factors. While some predisposition is unavoidable, understanding the mechanisms of scar formation and implementing appropriate preventative and management strategies can significantly minimize the appearance and risk of excessive scarring.  Consulting with a dermatologist is crucial for personalized advice and treatment options based on individual needs and circumstances.<\/p>\n\n\n\n<p>G\u00fcvendi\u011finiz Dr. Ebru Okyay&#039;\u0131n uzmanl\u0131\u011f\u0131n\u0131 ke\u015ffedin\u00a0<a href=\"https:\/\/drebruokyay.com\/tr\/hakkimizda\/\" target=\"_blank\" rel=\"noreferrer noopener\">dermatolog<\/a>\u00a0i\u00e7inde\u00a0<a href=\"https:\/\/antalya.goturkiye.com\/homepage\" target=\"_blank\" rel=\"noreferrer noopener nofollow\">Antalya<\/a>. \u0130ster t\u0131bbi cilt sorunlar\u0131n\u0131z\u0131 gidermek, ister kozmetik tedavilerle do\u011fal g\u00fczelli\u011finizi art\u0131rmak isteyin, Dr. Okyay size yard\u0131mc\u0131 olmak i\u00e7in burada. Ki\u015fiselle\u015ftirilmi\u015f bak\u0131m ve geli\u015fmi\u015f tekniklerle, cilt hedeflerinize ula\u015fmak hi\u00e7 bu kadar kolay olmam\u0131\u015ft\u0131.<\/p>\n\n\n\n<p><\/p>","protected":false},"excerpt":{"rendered":"<p>Neden baz\u0131 insanlar kolayca yara izi b\u0131rak\u0131rken di\u011ferleri b\u0131rakmaz? Genetik fakt\u00f6rleri, cilt tipini, yara iyile\u015fme s\u00fcre\u00e7lerini ve buna katk\u0131da bulunan t\u0131bbi durumlar\u0131 ke\u015ffederek kolay yara izinin arkas\u0131ndaki bilimi ke\u015ffedin. \u0130\u00c7ER\u0130K}'te yara izini nas\u0131l en aza indirece\u011finizi \u00f6\u011frenin.<\/p>","protected":false},"author":1,"featured_media":1691,"comment_status":"open","ping_status":"open","sticky":false,"template":"","format":"standard","meta":{"_daextam_enable_autolinks":"1","site-sidebar-layout":"default","site-content-layout":"","ast-site-content-layout":"","site-content-style":"default","site-sidebar-style":"default","ast-global-header-display":"","ast-banner-title-visibility":"","ast-main-header-display":"","ast-hfb-above-header-display":"","ast-hfb-below-header-display":"","ast-hfb-mobile-header-display":"","site-post-title":"","ast-breadcrumbs-content":"","ast-featured-img":"","footer-sml-layout":"","ast-disable-related-posts":"","theme-transparent-header-meta":"","adv-header-id-meta":"","stick-header-meta":"","header-above-stick-meta":"","header-main-stick-meta":"","header-below-stick-meta":"","astra-migrate-meta-layouts":"default","ast-page-background-enabled":"default","ast-page-background-meta":{"desktop":{"background-color":"var(--ast-global-color-4)","background-image":"","background-repeat":"repeat","background-position":"center center","background-size":"auto","background-attachment":"scroll","background-type":"","background-media":"","overlay-type":"","overlay-color":"","overlay-opacity":"","overlay-gradient":""},"tablet":{"background-color":"","background-image":"","background-repeat":"repeat","background-position":"center center","background-size":"auto","background-attachment":"scroll","background-type":"","background-media":"","overlay-type":"","overlay-color":"","overlay-opacity":"","overlay-gradient":""},"mobile":{"background-color":"","background-image":"","background-repeat":"repeat","background-position":"center center","background-size":"auto","background-attachment":"scroll","background-type":"","background-media":"","overlay-type":"","overlay-color":"","overlay-opacity":"","overlay-gradient":""}},"ast-content-background-meta":{"desktop":{"background-color":"var(--ast-global-color-5)","background-image":"","background-repeat":"repeat","background-position":"center center","background-size":"auto","background-attachment":"scroll","background-type":"","background-media":"","overlay-type":"","overlay-color":"","overlay-opacity":"","overlay-gradient":""},"tablet":{"background-color":"var(--ast-global-color-5)","background-image":"","background-repeat":"repeat","background-position":"center center","background-size":"auto","background-attachment":"scroll","background-type":"","background-media":"","overlay-type":"","overlay-color":"","overlay-opacity":"","overlay-gradient":""},"mobile":{"background-color":"var(--ast-global-color-5)","background-image":"","background-repeat":"repeat","background-position":"center center","background-size":"auto","background-attachment":"scroll","background-type":"","background-media":"","overlay-type":"","overlay-color":"","overlay-opacity":"","overlay-gradient":""}},"footnotes":""},"categories":[17],"tags":[],"class_list":["post-1562","post","type-post","status-publish","format-standard","has-post-thumbnail","hentry","category-diseases-conditions"],"_links":{"self":[{"href":"https:\/\/drebruokyay.com\/tr\/wp-json\/wp\/v2\/posts\/1562","targetHints":{"allow":["GET"]}}],"collection":[{"href":"https:\/\/drebruokyay.com\/tr\/wp-json\/wp\/v2\/posts"}],"about":[{"href":"https:\/\/drebruokyay.com\/tr\/wp-json\/wp\/v2\/types\/post"}],"author":[{"embeddable":true,"href":"https:\/\/drebruokyay.com\/tr\/wp-json\/wp\/v2\/users\/1"}],"replies":[{"embeddable":true,"href":"https:\/\/drebruokyay.com\/tr\/wp-json\/wp\/v2\/comments?post=1562"}],"version-history":[{"count":1,"href":"https:\/\/drebruokyay.com\/tr\/wp-json\/wp\/v2\/posts\/1562\/revisions"}],"predecessor-version":[{"id":1693,"href":"https:\/\/drebruokyay.com\/tr\/wp-json\/wp\/v2\/posts\/1562\/revisions\/1693"}],"wp:featuredmedia":[{"embeddable":true,"href":"https:\/\/drebruokyay.com\/tr\/wp-json\/wp\/v2\/media\/1691"}],"wp:attachment":[{"href":"https:\/\/drebruokyay.com\/tr\/wp-json\/wp\/v2\/media?parent=1562"}],"wp:term":[{"taxonomy":"category","embeddable":true,"href":"https:\/\/drebruokyay.com\/tr\/wp-json\/wp\/v2\/categories?post=1562"},{"taxonomy":"post_tag","embeddable":true,"href":"https:\/\/drebruokyay.com\/tr\/wp-json\/wp\/v2\/tags?post=1562"}],"curies":[{"name":"wp","href":"https:\/\/api.w.org\/{rel}","templated":true}]}}