{"id":1553,"date":"2025-02-11T09:41:31","date_gmt":"2025-02-11T09:41:31","guid":{"rendered":"https:\/\/drebruokyay.com\/?p=1553"},"modified":"2025-03-07T19:32:11","modified_gmt":"2025-03-07T19:32:11","slug":"sivilce-yara-izleri-gecer-mi","status":"publish","type":"post","link":"https:\/\/drebruokyay.com\/tr\/do-acne-scar-marks-go-away\/","title":{"rendered":"Sivilce izleri ge\u00e7er mi?"},"content":{"rendered":"<p>Milyonlar\u0131 etkileyen yayg\u0131n bir cilt rahats\u0131zl\u0131\u011f\u0131 olan akne, genellikle arkas\u0131nda \u00f6zsayg\u0131 ve g\u00fcveni \u00f6nemli \u00f6l\u00e7\u00fcde etkileyebilecek izler b\u0131rak\u0131r. Akne izlerinin tamamen ortadan kald\u0131r\u0131lmas\u0131 her zaman m\u00fcmk\u00fcn olmasa da, do\u011fru yakla\u015f\u0131mla \u00f6nemli \u00f6l\u00e7\u00fcde iyile\u015fme sa\u011flanabilir. Bu makale akne izlerinin olu\u015fumunu, \u00e7e\u015fitli t\u00fcrlerini, mevcut tedavi se\u00e7eneklerini ve olu\u015fumlar\u0131n\u0131 en aza indirmek i\u00e7in \u00f6nleyici tedbirleri inceleyecektir.<\/p>\n\n\n\n<div id=\"ez-toc-container\" class=\"ez-toc-v2_0_82_2 ez-toc-wrap-left counter-hierarchy ez-toc-counter ez-toc-transparent ez-toc-container-direction\">\n<div class=\"ez-toc-title-container\">\n<p class=\"ez-toc-title\" style=\"cursor:inherit\">\u0130\u00e7indekiler<\/p>\n<span class=\"ez-toc-title-toggle\"><a href=\"#\" class=\"ez-toc-pull-right ez-toc-btn ez-toc-btn-xs ez-toc-btn-default ez-toc-toggle\" aria-label=\"\u0130\u00e7indekiler Tablosunu A\u00e7\/Kapat\"><span class=\"ez-toc-js-icon-con\"><span class=\"\"><span class=\"eztoc-hide\" style=\"display:none;\">Ge\u00e7i\u015f<\/span><span class=\"ez-toc-icon-toggle-span\"><svg style=\"fill: #999;color:#999\" xmlns=\"http:\/\/www.w3.org\/2000\/svg\" class=\"list-377408\" width=\"20px\" height=\"20px\" viewbox=\"0 0 24 24\" fill=\"none\"><path d=\"M6 6H4v2h2V6zm14 0H8v2h12V6zM4 11h2v2H4v-2zm16 0H8v2h12v-2zM4 16h2v2H4v-2zm16 0H8v2h12v-2z\" fill=\"currentColor\"><\/path><\/svg><svg style=\"fill: #999;color:#999\" class=\"arrow-unsorted-368013\" xmlns=\"http:\/\/www.w3.org\/2000\/svg\" width=\"10px\" height=\"10px\" viewbox=\"0 0 24 24\" version=\"1.2\" baseprofile=\"tiny\"><path d=\"M18.2 9.3l-6.2-6.3-6.2 6.3c-.2.2-.3.4-.3.7s.1.5.3.7c.2.2.4.3.7.3h11c.3 0 .5-.1.7-.3.2-.2.3-.5.3-.7s-.1-.5-.3-.7zM5.8 14.7l6.2 6.3 6.2-6.3c.2-.2.3-.5.3-.7s-.1-.5-.3-.7c-.2-.2-.4-.3-.7-.3h-11c-.3 0-.5.1-.7.3-.2.2-.3.5-.3.7s.1.5.3.7z\"\/><\/svg><\/span><\/span><\/span><\/a><\/span><\/div>\n<nav><ul class='ez-toc-list ez-toc-list-level-1' ><li class='ez-toc-page-1 ez-toc-heading-level-2'><a class=\"ez-toc-link ez-toc-heading-1\" href=\"https:\/\/drebruokyay.com\/tr\/do-acne-scar-marks-go-away\/#Understanding_Acne_Scar_Formation\" >Akne Yara \u0130zi Olu\u015fumunu Anlamak<\/a><\/li><li class='ez-toc-page-1 ez-toc-heading-level-2'><a class=\"ez-toc-link ez-toc-heading-2\" href=\"https:\/\/drebruokyay.com\/tr\/do-acne-scar-marks-go-away\/#Types_of_Acne_Scars_and_Their_Severity\" >Akne \u0130zi T\u00fcrleri ve \u015eiddetleri<\/a><\/li><li class='ez-toc-page-1 ez-toc-heading-level-2'><a class=\"ez-toc-link ez-toc-heading-3\" href=\"https:\/\/drebruokyay.com\/tr\/do-acne-scar-marks-go-away\/#Treatment_Options_for_Scar_Reduction\" >Yara \u0130zi Azaltma i\u00e7in Tedavi Se\u00e7enekleri<\/a><\/li><li class='ez-toc-page-1 ez-toc-heading-level-2'><a class=\"ez-toc-link ez-toc-heading-4\" href=\"https:\/\/drebruokyay.com\/tr\/do-acne-scar-marks-go-away\/#Long-Term_Outlook_and_Prevention\" >Uzun Vadeli G\u00f6r\u00fcn\u00fcm ve \u00d6nleme<\/a><\/li><\/ul><\/nav><\/div>\n<h2 class=\"wp-block-heading\"><span class=\"ez-toc-section\" id=\"Understanding_Acne_Scar_Formation\"><\/span>Akne Yara \u0130zi Olu\u015fumunu Anlamak<span class=\"ez-toc-section-end\"><\/span><\/h2>\n\n\n\n<p>Akne izleri, iltihapl\u0131 bir akne lezyonundan sonra v\u00fccudun iyile\u015fme s\u00fcrecinden kaynaklan\u0131r. Bir sivilce veya kist iyile\u015fti\u011finde, cilt kendini m\u00fckemmel bir \u015fekilde onaramayabilir, bu da cildin dokusunda ve g\u00f6r\u00fcn\u00fcm\u00fcnde bir de\u011fi\u015fikli\u011fe yol a\u00e7ar. Yara izinin \u015fiddeti, orijinal akne lezyonunun derinli\u011fi ve boyutu, bireyin cilt tipi ve iyile\u015fme tepkisi ve enfeksiyon varl\u0131\u011f\u0131 dahil olmak \u00fczere \u00e7e\u015fitli fakt\u00f6rlere ba\u011fl\u0131d\u0131r. Enflamasyon \u00f6nemli bir rol oynar; daha derin, daha iltihapl\u0131 aknenin g\u00f6zle g\u00f6r\u00fcl\u00fcr yara izine yol a\u00e7ma olas\u0131l\u0131\u011f\u0131 daha y\u00fcksektir.<\/p>\n\n\n\n<p>Bu s\u00fcre\u00e7, cildin yap\u0131sal b\u00fct\u00fcnl\u00fc\u011f\u00fcnden sorumlu proteinler olan kolajen ve elastin liflerinin bozulmas\u0131n\u0131 i\u00e7erir. Bu bozulma, her biri kendine \u00f6zg\u00fc \u00f6zelliklere ve tedavi zorluklar\u0131na sahip \u00e7e\u015fitli yara izi tiplerine yol a\u00e7abilir. Genetik yatk\u0131nl\u0131k da bir rol oynar; baz\u0131 bireyler aknelerinin \u015fiddetinden ba\u011f\u0131ms\u0131z olarak yara izine di\u011ferlerinden daha yatk\u0131nd\u0131r. Fakt\u00f6rlerin bu karma\u015f\u0131k etkile\u015fimini anlamak, etkili bir tedavi plan\u0131 geli\u015ftirmenin anahtar\u0131d\u0131r.<\/p>\n\n\n\n<p>Enflamasyon, yara izi olu\u015fumunun birincil etkenidir. Akne lezyonlar\u0131n\u0131 koparmak, s\u0131kmak veya ba\u015fka bir \u015fekilde manip\u00fcle etmek yara izi riskini \u00f6nemli \u00f6l\u00e7\u00fcde art\u0131r\u0131r. Bunun nedeni, bu t\u00fcr eylemlerin bakterileri ortaya \u00e7\u0131karmas\u0131 ve \u00e7evredeki cilt dokusuna daha fazla zarar vererek enflamatuar yan\u0131t\u0131 uzatmas\u0131 ve do\u011fal iyile\u015fme s\u00fcrecini engellemesidir. Bu nedenle, akneye dokunma veya akneyi elleme d\u00fcrt\u00fcs\u00fcne direnmek, yara izi olu\u015fumunu \u00f6nlemede \u00e7ok \u00f6nemlidir.<\/p>\n\n\n\n<p>Erken m\u00fcdahale \u00e7ok \u00f6nemlidir. Aktif aknenin derhal ve etkili bir \u015fekilde ele al\u0131nmas\u0131, \u00f6nemli yara izi olu\u015fma olas\u0131l\u0131\u011f\u0131n\u0131 en aza indirebilir. Bu, uygun cilt bak\u0131m rutinleri, topikal tedaviler ve potansiyel olarak oral ila\u00e7lar\u0131n bir kombinasyonunu i\u00e7erir ve bunlar\u0131n t\u00fcm\u00fc bireyin \u00f6zel ihtiya\u00e7lar\u0131na ve akne \u015fiddetine g\u00f6re uyarlan\u0131r. Bir dermatolog bu konuda ki\u015fiselle\u015ftirilmi\u015f rehberlik sa\u011flayabilir.<\/p>\n\n\n\n<figure class=\"wp-block-image size-large\"><img fetchpriority=\"high\" decoding=\"async\" width=\"1024\" height=\"559\" src=\"https:\/\/drebruokyay.com\/wp-content\/uploads\/2025\/03\/image-35-1024x559.png\" alt=\"\" class=\"wp-image-1785\" srcset=\"https:\/\/drebruokyay.com\/wp-content\/uploads\/2025\/03\/image-35-1024x559.png 1024w, https:\/\/drebruokyay.com\/wp-content\/uploads\/2025\/03\/image-35-300x164.png 300w, https:\/\/drebruokyay.com\/wp-content\/uploads\/2025\/03\/image-35-768x419.png 768w, https:\/\/drebruokyay.com\/wp-content\/uploads\/2025\/03\/image-35-18x10.png 18w, https:\/\/drebruokyay.com\/wp-content\/uploads\/2025\/03\/image-35.png 1408w\" sizes=\"(max-width: 1024px) 100vw, 1024px\" \/><\/figure>\n\n\n\n<h2 class=\"wp-block-heading\"><span class=\"ez-toc-section\" id=\"Types_of_Acne_Scars_and_Their_Severity\"><\/span>Akne \u0130zi T\u00fcrleri ve \u015eiddetleri<span class=\"ez-toc-section-end\"><\/span><\/h2>\n\n\n\n<p>Akne izleri genel olarak atrofik (\u00e7\u00f6k\u00fck) ve hipertrofik (kabar\u0131k) izler olarak s\u0131n\u0131fland\u0131r\u0131l\u0131r. Atrofik yara izleri en yayg\u0131n tiptir ve ciltte girintiler veya \u00e7ukurlar \u015feklinde g\u00f6r\u00fcl\u00fcr. Bunlar ayr\u0131ca buz k\u0131raca\u011f\u0131 izleri (derin, dar ve sivri), y\u00fck vagonu izleri (geni\u015f, kare \u015fekilli) ve yuvarlanma izleri (yayg\u0131n, dalgal\u0131 \u00e7\u00f6k\u00fcnt\u00fcler) olarak kategorize edilir. Bu izlerin derinli\u011fi ve boyutu, ciddiyetlerini ve tedavinin zorlu\u011funu belirler.<\/p>\n\n\n\n<p>Hipertrofik yara izleri ise deride kabar\u0131k ve kal\u0131nla\u015fm\u0131\u015f alanlard\u0131r. Bunlar aknede daha az g\u00f6r\u00fcl\u00fcr ancak \u00f6zellikle keloid olu\u015fumuna (a\u015f\u0131r\u0131 skar dokusu b\u00fcy\u00fcmesi) e\u011filimi olan ki\u015filerde ortaya \u00e7\u0131kabilir. Keloid yara izleri orijinal yaran\u0131n s\u0131n\u0131rlar\u0131n\u0131n \u00f6tesine uzan\u0131r ve olduk\u00e7a dikkat \u00e7ekici olabilir. Hipertrofik ve keloid yara izlerinin ciddiyeti genellikle boyutlar\u0131na, y\u00fcksekliklerine ve \u00e7evre cilt \u00fczerindeki etkilerine g\u00f6re de\u011ferlendirilir.<\/p>\n\n\n\n<p>Akne skar\u0131n\u0131n \u015fiddeti \u00f6zneldir ve hem hastan\u0131n alg\u0131s\u0131na hem de dermatolo\u011fun klinik de\u011ferlendirmesine ba\u011fl\u0131d\u0131r. Skarlar\u0131n say\u0131s\u0131, derinli\u011fi ve t\u00fcr\u00fc gibi fakt\u00f6rleri dikkate alarak skarlar\u0131n \u015fiddetini objektif olarak \u00f6l\u00e7mek i\u00e7in standartla\u015ft\u0131r\u0131lm\u0131\u015f bir skorlama sistemi kullan\u0131labilir. Bu, tedavi kararlar\u0131n\u0131 y\u00f6nlendirmeye ve zaman i\u00e7indeki ilerlemeyi izlemeye yard\u0131mc\u0131 olur.<\/p>\n\n\n\n<p>Yara izi tipinin do\u011fru s\u0131n\u0131fland\u0131r\u0131lmas\u0131, en uygun tedavinin se\u00e7ilmesi i\u00e7in esast\u0131r. Bir dermatolog taraf\u0131ndan yap\u0131lan kapsaml\u0131 bir cilt muayenesi, do\u011fru te\u015fhis ve mevcut akne izlerinin belirli t\u00fcrlerine ve \u015fiddetine y\u00f6nelik ki\u015fiselle\u015ftirilmi\u015f bir tedavi plan\u0131 geli\u015ftirmek i\u00e7in \u00e7ok \u00f6nemlidir.<\/p>\n\n\n\n<figure class=\"wp-block-image size-large\"><img decoding=\"async\" width=\"1024\" height=\"559\" src=\"https:\/\/drebruokyay.com\/wp-content\/uploads\/2025\/03\/image-36-1024x559.png\" alt=\"\" class=\"wp-image-1786\" srcset=\"https:\/\/drebruokyay.com\/wp-content\/uploads\/2025\/03\/image-36-1024x559.png 1024w, https:\/\/drebruokyay.com\/wp-content\/uploads\/2025\/03\/image-36-300x164.png 300w, https:\/\/drebruokyay.com\/wp-content\/uploads\/2025\/03\/image-36-768x419.png 768w, https:\/\/drebruokyay.com\/wp-content\/uploads\/2025\/03\/image-36-18x10.png 18w, https:\/\/drebruokyay.com\/wp-content\/uploads\/2025\/03\/image-36.png 1408w\" sizes=\"(max-width: 1024px) 100vw, 1024px\" \/><\/figure>\n\n\n\n<h2 class=\"wp-block-heading\"><span class=\"ez-toc-section\" id=\"Treatment_Options_for_Scar_Reduction\"><\/span>Yara \u0130zi Azaltma i\u00e7in Tedavi Se\u00e7enekleri<span class=\"ez-toc-section-end\"><\/span><\/h2>\n\n\n\n<p>Akne izlerinin g\u00f6r\u00fcn\u00fcm\u00fcn\u00fc azaltmak i\u00e7in topikal tedavilerden minimal invaziv prosed\u00fcrlere ve daha kapsaml\u0131 cerrahi m\u00fcdahalelere kadar \u00e7e\u015fitli tedavi se\u00e7enekleri mevcuttur. Tretinoin gibi topikal retinoidler, \u00f6zellikle hafif yara izleri i\u00e7in kolajen \u00fcretimini uyarabilir ve cilt dokusunu iyile\u015ftirebilir. Glikolik veya salisilik asit gibi \u00e7e\u015fitli asitlerin kullan\u0131ld\u0131\u011f\u0131 kimyasal peelingler cildi pul pul d\u00f6kebilir ve y\u00fczeysel yara izlerinin g\u00f6r\u00fcn\u00fcm\u00fcn\u00fc iyile\u015ftirebilir.<\/p>\n\n\n\n<p>Ciltte mikro yaralanmalar olu\u015fturmak i\u00e7in k\u00fc\u00e7\u00fck i\u011fnelerin kullan\u0131lmas\u0131n\u0131 i\u00e7eren minimal invaziv bir prosed\u00fcr olan mikroi\u011fneleme, kolajen \u00fcretimini uyar\u0131r ve atrofik yara izlerinin dokusunu ve g\u00f6r\u00fcn\u00fcm\u00fcn\u00fc iyile\u015ftirebilir. Fraksiyonel CO2 lazerler gibi lazer tedavileri cildi yeniden y\u00fczeye \u00e7\u0131karabilir ve hem atrofik hem de hipertrofik yara izlerinin g\u00f6r\u00fcn\u00fcm\u00fcn\u00fc azaltabilir. Lazer se\u00e7imi yara izi tipine ve cilt tipine ba\u011fl\u0131d\u0131r.<\/p>\n\n\n\n<p>Hyaluronik asit gibi dolgu maddeleri, girintileri doldurmak ve cilt y\u00fczeyini iyile\u015ftirmek i\u00e7in \u00e7\u00f6k\u00fck yara izlerine enjekte edilebilir. Bu \u00f6zellikle buz k\u0131raca\u011f\u0131 ve boxcar yara izleri i\u00e7in etkilidir. Yara izlerinin cerrahi olarak \u00e7\u0131kar\u0131ld\u0131\u011f\u0131 ve cildin kapat\u0131ld\u0131\u011f\u0131 cerrahi eksizyon, \u00f6zellikle derin veya kabar\u0131k yara izleri olmak \u00fczere belirli yara izleri i\u00e7in bir se\u00e7enek olabilir.<\/p>\n\n\n\n<p>En uygun tedavi yakla\u015f\u0131m\u0131, yara izlerinin t\u00fcr\u00fc ve ciddiyeti, hastan\u0131n cilt tipi ve bireysel tercihleri dahil olmak \u00fczere \u00e7e\u015fitli fakt\u00f6rlere ba\u011fl\u0131d\u0131r. Bir dermatolog yara izlerini de\u011ferlendirebilir ve optimum sonu\u00e7lar i\u00e7in tedavilerin bir kombinasyonunu i\u00e7erebilecek en uygun tedavi stratejisini \u00f6nerebilir. Ger\u00e7ek\u00e7i beklentiler \u00f6nemlidir; yara izlerinin tamamen ortadan kald\u0131r\u0131lmas\u0131 genellikle m\u00fcmk\u00fcn de\u011fildir, ancak \u00f6nemli \u00f6l\u00e7\u00fcde iyile\u015fme m\u00fcmk\u00fcnd\u00fcr.<\/p>\n\n\n\n<figure class=\"wp-block-image size-large\"><img decoding=\"async\" width=\"1024\" height=\"559\" src=\"https:\/\/drebruokyay.com\/wp-content\/uploads\/2025\/03\/image-37-1024x559.png\" alt=\"\" class=\"wp-image-1787\" srcset=\"https:\/\/drebruokyay.com\/wp-content\/uploads\/2025\/03\/image-37-1024x559.png 1024w, https:\/\/drebruokyay.com\/wp-content\/uploads\/2025\/03\/image-37-300x164.png 300w, https:\/\/drebruokyay.com\/wp-content\/uploads\/2025\/03\/image-37-768x419.png 768w, https:\/\/drebruokyay.com\/wp-content\/uploads\/2025\/03\/image-37-18x10.png 18w, https:\/\/drebruokyay.com\/wp-content\/uploads\/2025\/03\/image-37.png 1408w\" sizes=\"(max-width: 1024px) 100vw, 1024px\" \/><\/figure>\n\n\n\n<h2 class=\"wp-block-heading\"><span class=\"ez-toc-section\" id=\"Long-Term_Outlook_and_Prevention\"><\/span>Uzun Vadeli G\u00f6r\u00fcn\u00fcm ve \u00d6nleme<span class=\"ez-toc-section-end\"><\/span><\/h2>\n\n\n\n<p>Akne izlerinin tamamen ortadan kald\u0131r\u0131lmas\u0131 genellikle ger\u00e7ek\u00e7i olmasa da, uygun tedavi ile \u00f6nemli \u00f6l\u00e7\u00fcde iyile\u015fme sa\u011flanabilir. Uzun vadeli g\u00f6r\u00fcn\u00fcm, yara izlerinin t\u00fcr\u00fc ve ciddiyeti, se\u00e7ilen tedavi ve bireyin cilt iyile\u015fme tepkisi dahil olmak \u00fczere \u00e7e\u015fitli fakt\u00f6rlere ba\u011fl\u0131d\u0131r. Bir\u00e7ok tedavi kal\u0131c\u0131 iyile\u015fme sa\u011flar, ancak n\u00fcks\u00fc veya daha fazla yara izini \u00f6nlemek i\u00e7in bak\u0131m gerekli olabilir.<\/p>\n\n\n\n<p>\u00d6nleme \u00e7ok \u00f6nemlidir. Aknenin erken ve etkili tedavisi, yara izi riskini en aza indirmek i\u00e7in \u00e7ok \u00f6nemlidir. Bu, tutarl\u0131 bir cilt bak\u0131m rutininin s\u00fcrd\u00fcr\u00fclmesini, bir dermatolog taraf\u0131ndan re\u00e7ete edilen uygun topikal tedavilerin kullan\u0131lmas\u0131n\u0131 ve akne lezyonlar\u0131n\u0131 toplamaktan veya s\u0131kmaktan ka\u00e7\u0131nmay\u0131 i\u00e7erir. Nazik temizlik ve sert f\u0131r\u00e7alamadan ka\u00e7\u0131nma gibi iyi hijyen uygulamalar\u0131 da \u00f6nemlidir.<\/p>\n\n\n\n<p>Ya\u015fam tarz\u0131 fakt\u00f6rleri de yara izi olu\u015fumunu etkileyebilir. G\u00fcne\u015fe maruz kalmak yara izlerinin g\u00f6r\u00fcn\u00fcm\u00fcn\u00fc k\u00f6t\u00fcle\u015ftirebilece\u011finden ve hiperpigmentasyon riskini art\u0131rabilece\u011finden, cildi g\u00fcne\u015f hasar\u0131ndan korumak \u00e7ok \u00f6nemlidir. G\u00fcnl\u00fck 30 veya daha y\u00fcksek SPF de\u011ferine sahip geni\u015f spektrumlu bir g\u00fcne\u015f kremi kullanmak \u00e7ok \u00f6nemlidir. Sa\u011fl\u0131kl\u0131 bir diyet, yeterli hidrasyon ve stres y\u00f6netimi de genel cilt sa\u011fl\u0131\u011f\u0131na ve iyile\u015fmesine katk\u0131da bulunabilir.<\/p>\n\n\n\n<p>\u0130lerlemeyi izlemek, tedavi planlar\u0131n\u0131 gerekti\u011fi gibi ayarlamak ve endi\u015feleri gidermek i\u00e7in bir dermatologla d\u00fczenli takip randevular\u0131 \u00f6nerilir. Akne y\u00f6netimine proaktif bir yakla\u015f\u0131m ve mevcut yara izlerinin uygun tedavisi ile bireyler ciltlerinin g\u00f6r\u00fcn\u00fcm\u00fcn\u00fc \u00f6nemli \u00f6l\u00e7\u00fcde iyile\u015ftirebilir ve \u00f6zg\u00fcvenlerini art\u0131rabilirler.<\/p>\n\n\n\n<p>Akne skar\u0131 zorlu ancak y\u00f6netilebilir bir durum olabilir. Tamamen ortadan kald\u0131r\u0131lmas\u0131 her zaman m\u00fcmk\u00fcn olmasa da, etkili tedavi se\u00e7enekleri ve \u00f6nleyici tedbirlerin bir kombinasyonu ile \u00f6nemli iyile\u015fmeler elde edilebilir. Do\u011fru te\u015fhis, ki\u015fiselle\u015ftirilmi\u015f tedavi planlamas\u0131 ve m\u00fcmk\u00fcn olan en iyi sonuca ula\u015fmak i\u00e7in bir dermatolo\u011fa dan\u0131\u015fmak \u00e7ok \u00f6nemlidir. Unutmay\u0131n, erken m\u00fcdahale ve proaktif bir yakla\u015f\u0131m akne izlerinin etkisini en aza indirmenin anahtar\u0131d\u0131r.<\/p>\n\n\n\n<p>G\u00fcvendi\u011finiz Dr. Ebru Okyay&#039;\u0131n uzmanl\u0131\u011f\u0131n\u0131 ke\u015ffedin&nbsp;<a href=\"https:\/\/drebruokyay.com\/tr\/hakkimizda\/\" target=\"_blank\" rel=\"noreferrer noopener\">dermatolog<\/a>&nbsp;i\u00e7inde&nbsp;<a href=\"https:\/\/antalya.goturkiye.com\/homepage\" target=\"_blank\" rel=\"noreferrer noopener nofollow\">Antalya<\/a>. \u0130ster t\u0131bbi cilt sorunlar\u0131n\u0131z\u0131 gidermek, ister kozmetik tedavilerle do\u011fal g\u00fczelli\u011finizi art\u0131rmak isteyin, Dr. Okyay size yard\u0131mc\u0131 olmak i\u00e7in burada. Ki\u015fiselle\u015ftirilmi\u015f bak\u0131m ve geli\u015fmi\u015f tekniklerle, cilt hedeflerinize ula\u015fmak hi\u00e7 bu kadar kolay olmam\u0131\u015ft\u0131.<\/p>","protected":false},"excerpt":{"rendered":"<p>Sivilce izleri solar m\u0131?  Sivilce izlerinizin ge\u00e7ip ge\u00e7meyece\u011fini \u00f6\u011frenin!  Bu makale, topikal kremlerden lazer tedavisine kadar \u00e7e\u015fitli tedavi se\u00e7eneklerini incelemekte ve yara izi iyile\u015fmesini etkileyen fakt\u00f6rleri tart\u0131\u015fmaktad\u0131r. Akne izlerinin g\u00f6r\u00fcn\u00fcm\u00fcn\u00fc nas\u0131l en aza indirece\u011finizi ve temiz bir cilde nas\u0131l kavu\u015faca\u011f\u0131n\u0131z\u0131 \u00f6\u011frenin. {\u0130\u00c7\u0130NDEK\u0130LER}<\/p>","protected":false},"author":1,"featured_media":1784,"comment_status":"open","ping_status":"open","sticky":false,"template":"","format":"standard","meta":{"_daextam_enable_autolinks":"1","site-sidebar-layout":"default","site-content-layout":"","ast-site-content-layout":"","site-content-style":"default","site-sidebar-style":"default","ast-global-header-display":"","ast-banner-title-visibility":"","ast-main-header-display":"","ast-hfb-above-header-display":"","ast-hfb-below-header-display":"","ast-hfb-mobile-header-display":"","site-post-title":"","ast-breadcrumbs-content":"","ast-featured-img":"","footer-sml-layout":"","ast-disable-related-posts":"","theme-transparent-header-meta":"","adv-header-id-meta":"","stick-header-meta":"","header-above-stick-meta":"","header-main-stick-meta":"","header-below-stick-meta":"","astra-migrate-meta-layouts":"default","ast-page-background-enabled":"default","ast-page-background-meta":{"desktop":{"background-color":"var(--ast-global-color-4)","background-image":"","background-repeat":"repeat","background-position":"center center","background-size":"auto","background-attachment":"scroll","background-type":"","background-media":"","overlay-type":"","overlay-color":"","overlay-opacity":"","overlay-gradient":""},"tablet":{"background-color":"","background-image":"","background-repeat":"repeat","background-position":"center center","background-size":"auto","background-attachment":"scroll","background-type":"","background-media":"","overlay-type":"","overlay-color":"","overlay-opacity":"","overlay-gradient":""},"mobile":{"background-color":"","background-image":"","background-repeat":"repeat","background-position":"center center","background-size":"auto","background-attachment":"scroll","background-type":"","background-media":"","overlay-type":"","overlay-color":"","overlay-opacity":"","overlay-gradient":""}},"ast-content-background-meta":{"desktop":{"background-color":"var(--ast-global-color-5)","background-image":"","background-repeat":"repeat","background-position":"center center","background-size":"auto","background-attachment":"scroll","background-type":"","background-media":"","overlay-type":"","overlay-color":"","overlay-opacity":"","overlay-gradient":""},"tablet":{"background-color":"var(--ast-global-color-5)","background-image":"","background-repeat":"repeat","background-position":"center center","background-size":"auto","background-attachment":"scroll","background-type":"","background-media":"","overlay-type":"","overlay-color":"","overlay-opacity":"","overlay-gradient":""},"mobile":{"background-color":"var(--ast-global-color-5)","background-image":"","background-repeat":"repeat","background-position":"center center","background-size":"auto","background-attachment":"scroll","background-type":"","background-media":"","overlay-type":"","overlay-color":"","overlay-opacity":"","overlay-gradient":""}},"footnotes":""},"categories":[10],"tags":[],"class_list":["post-1553","post","type-post","status-publish","format-standard","has-post-thumbnail","hentry","category-common-skin-diseases"],"_links":{"self":[{"href":"https:\/\/drebruokyay.com\/tr\/wp-json\/wp\/v2\/posts\/1553","targetHints":{"allow":["GET"]}}],"collection":[{"href":"https:\/\/drebruokyay.com\/tr\/wp-json\/wp\/v2\/posts"}],"about":[{"href":"https:\/\/drebruokyay.com\/tr\/wp-json\/wp\/v2\/types\/post"}],"author":[{"embeddable":true,"href":"https:\/\/drebruokyay.com\/tr\/wp-json\/wp\/v2\/users\/1"}],"replies":[{"embeddable":true,"href":"https:\/\/drebruokyay.com\/tr\/wp-json\/wp\/v2\/comments?post=1553"}],"version-history":[{"count":2,"href":"https:\/\/drebruokyay.com\/tr\/wp-json\/wp\/v2\/posts\/1553\/revisions"}],"predecessor-version":[{"id":1802,"href":"https:\/\/drebruokyay.com\/tr\/wp-json\/wp\/v2\/posts\/1553\/revisions\/1802"}],"wp:featuredmedia":[{"embeddable":true,"href":"https:\/\/drebruokyay.com\/tr\/wp-json\/wp\/v2\/media\/1784"}],"wp:attachment":[{"href":"https:\/\/drebruokyay.com\/tr\/wp-json\/wp\/v2\/media?parent=1553"}],"wp:term":[{"taxonomy":"category","embeddable":true,"href":"https:\/\/drebruokyay.com\/tr\/wp-json\/wp\/v2\/categories?post=1553"},{"taxonomy":"post_tag","embeddable":true,"href":"https:\/\/drebruokyay.com\/tr\/wp-json\/wp\/v2\/tags?post=1553"}],"curies":[{"name":"wp","href":"https:\/\/api.w.org\/{rel}","templated":true}]}}