{"id":1024,"date":"2024-11-19T09:41:22","date_gmt":"2024-11-19T09:41:22","guid":{"rendered":"https:\/\/drebruokyay.com\/?p=1024"},"modified":"2024-11-24T09:51:17","modified_gmt":"2024-11-24T09:51:17","slug":"melazmanin-baslica-nedeni-nedir-simdi-nihai-rehberimizden-ogrenin","status":"publish","type":"post","link":"https:\/\/drebruokyay.com\/tr\/what-is-the-main-cause-of-melasma-learn-now-from-our-ultimate-guide\/","title":{"rendered":"Melazman\u0131n ba\u015fl\u0131ca nedeni nedir? \u015eimdi Nihai Rehberimizden \u00d6\u011frenin!"},"content":{"rendered":"<p>Y\u00fczde, \u00f6zellikle yanaklar, al\u0131n, burun ve \u00fcst dudakta kahverengi veya gri-kahverengi lekelerle karakterize yayg\u0131n bir cilt rahats\u0131zl\u0131\u011f\u0131 olan melasma, d\u00fcnya \u00e7ap\u0131nda milyonlarca ki\u015fiyi etkiler. Kesin nedeni hen\u00fcz bilinmemekle birlikte, karma\u015f\u0131k bir fakt\u00f6r etkile\u015fimi geli\u015fimine katk\u0131da bulunur. Bu katk\u0131da bulunan fakt\u00f6rleri anlamak, etkili \u00f6nleme ve tedavi i\u00e7in \u00e7ok \u00f6nemlidir. Bu makale, g\u00fcne\u015fe maruz kalma, hormonal etkiler ve genetik yatk\u0131nl\u0131\u011fa odaklanarak melasman\u0131n ana nedenlerini inceleyecektir.<\/p>\n\n\n\n<figure class=\"wp-block-image size-large\"><img fetchpriority=\"high\" decoding=\"async\" width=\"1024\" height=\"576\" src=\"https:\/\/drebruokyay.com\/wp-content\/uploads\/2024\/11\/image-38-1024x576.png\" alt=\"\" class=\"wp-image-1028\" srcset=\"https:\/\/drebruokyay.com\/wp-content\/uploads\/2024\/11\/image-38-1024x576.png 1024w, https:\/\/drebruokyay.com\/wp-content\/uploads\/2024\/11\/image-38-300x169.png 300w, https:\/\/drebruokyay.com\/wp-content\/uploads\/2024\/11\/image-38-768x432.png 768w, https:\/\/drebruokyay.com\/wp-content\/uploads\/2024\/11\/image-38-1536x864.png 1536w, https:\/\/drebruokyay.com\/wp-content\/uploads\/2024\/11\/image-38.png 1920w\" sizes=\"(max-width: 1024px) 100vw, 1024px\" \/><\/figure>\n\n\n\n<div id=\"ez-toc-container\" class=\"ez-toc-v2_0_82_2 ez-toc-wrap-left counter-hierarchy ez-toc-counter ez-toc-transparent ez-toc-container-direction\">\n<div class=\"ez-toc-title-container\">\n<p class=\"ez-toc-title\" style=\"cursor:inherit\">\u0130\u00e7indekiler<\/p>\n<span class=\"ez-toc-title-toggle\"><a href=\"#\" class=\"ez-toc-pull-right ez-toc-btn ez-toc-btn-xs ez-toc-btn-default ez-toc-toggle\" aria-label=\"\u0130\u00e7indekiler Tablosunu A\u00e7\/Kapat\"><span class=\"ez-toc-js-icon-con\"><span class=\"\"><span class=\"eztoc-hide\" style=\"display:none;\">Ge\u00e7i\u015f<\/span><span class=\"ez-toc-icon-toggle-span\"><svg style=\"fill: #999;color:#999\" xmlns=\"http:\/\/www.w3.org\/2000\/svg\" class=\"list-377408\" width=\"20px\" height=\"20px\" viewbox=\"0 0 24 24\" fill=\"none\"><path d=\"M6 6H4v2h2V6zm14 0H8v2h12V6zM4 11h2v2H4v-2zm16 0H8v2h12v-2zM4 16h2v2H4v-2zm16 0H8v2h12v-2z\" fill=\"currentColor\"><\/path><\/svg><svg style=\"fill: #999;color:#999\" class=\"arrow-unsorted-368013\" xmlns=\"http:\/\/www.w3.org\/2000\/svg\" width=\"10px\" height=\"10px\" viewbox=\"0 0 24 24\" version=\"1.2\" baseprofile=\"tiny\"><path d=\"M18.2 9.3l-6.2-6.3-6.2 6.3c-.2.2-.3.4-.3.7s.1.5.3.7c.2.2.4.3.7.3h11c.3 0 .5-.1.7-.3.2-.2.3-.5.3-.7s-.1-.5-.3-.7zM5.8 14.7l6.2 6.3 6.2-6.3c.2-.2.3-.5.3-.7s-.1-.5-.3-.7c-.2-.2-.4-.3-.7-.3h-11c-.3 0-.5.1-.7.3-.2.2-.3.5-.3.7s.1.5.3.7z\"\/><\/svg><\/span><\/span><\/span><\/a><\/span><\/div>\n<nav><ul class='ez-toc-list ez-toc-list-level-1' ><li class='ez-toc-page-1 ez-toc-heading-level-2'><a class=\"ez-toc-link ez-toc-heading-1\" href=\"https:\/\/drebruokyay.com\/tr\/what-is-the-main-cause-of-melasma-learn-now-from-our-ultimate-guide\/#Understanding_Melasmas_Development\" >Melazman\u0131n Geli\u015fimini Anlamak<\/a><\/li><li class='ez-toc-page-1 ez-toc-heading-level-2'><a class=\"ez-toc-link ez-toc-heading-2\" href=\"https:\/\/drebruokyay.com\/tr\/what-is-the-main-cause-of-melasma-learn-now-from-our-ultimate-guide\/#The_Role_of_Sun_Exposure_in_Melasma\" >Melazmada G\u00fcne\u015f Maruziyetinin Rol\u00fc<\/a><\/li><li class='ez-toc-page-1 ez-toc-heading-level-2'><a class=\"ez-toc-link ez-toc-heading-3\" href=\"https:\/\/drebruokyay.com\/tr\/what-is-the-main-cause-of-melasma-learn-now-from-our-ultimate-guide\/#Hormonal_Influences_and_Melasma\" >Hormonal Etkiler ve Melazma<\/a><\/li><li class='ez-toc-page-1 ez-toc-heading-level-2'><a class=\"ez-toc-link ez-toc-heading-4\" href=\"https:\/\/drebruokyay.com\/tr\/what-is-the-main-cause-of-melasma-learn-now-from-our-ultimate-guide\/#Genetic_Predisposition_and_Melasma\" >Genetik Yatk\u0131nl\u0131k ve Melazma<\/a><\/li><\/ul><\/nav><\/div>\n<h2 class=\"wp-block-heading\"><span class=\"ez-toc-section\" id=\"Understanding_Melasmas_Development\"><\/span>Melazman\u0131n Geli\u015fimini Anlamak<span class=\"ez-toc-section-end\"><\/span><\/h2>\n\n\n\n<p>Melazma, melanin \u00fcretiminde art\u0131\u015f anlam\u0131na gelen bir hiperpigmentasyon bozuklu\u011fudur. Melanin, cilt renginden sorumlu pigmenttir. Melazmada, melanin \u00fcreten h\u00fccreler olan melanositler a\u015f\u0131r\u0131 aktif hale gelir ve karakteristik renk bozulmas\u0131na yol a\u00e7ar. Bu a\u015f\u0131r\u0131 \u00fcretim, yaln\u0131zca artan melanin miktar\u0131yla ilgili de\u011fildir; ayn\u0131 zamanda \u00fcretilen melaninin da\u011f\u0131l\u0131m\u0131nda ve t\u00fcr\u00fcnde de de\u011fi\u015fiklikler i\u00e7erir. Bu artan melanin \u00fcretimini y\u00f6nlendiren kesin mekanizmalar hala ara\u015ft\u0131r\u0131lmaktad\u0131r, ancak birka\u00e7 temel fakt\u00f6r\u00fcn \u00f6nemli bir rol oynad\u0131\u011f\u0131 bilinmektedir.<\/p>\n\n\n\n<p>Melazma lekeleri genellikle simetriktir ve g\u00fcne\u015fe maruz kalmayla k\u00f6t\u00fcle\u015fme e\u011filimindedir. Genellikle kademeli olarak ortaya \u00e7\u0131kar ve bireye ve katk\u0131da bulunan fakt\u00f6rlere ba\u011fl\u0131 olarak yo\u011funluklar\u0131 de\u011fi\u015febilir. Melazma kendi ba\u015f\u0131na zararl\u0131 olmasa da kozmetik etkisi nedeniyle s\u0131k\u0131nt\u0131 verici olabilir. Bir\u00e7ok ki\u015fi hiperpigmentasyonun g\u00f6r\u00fcn\u00fcm\u00fcn\u00fc azaltmak ve \u00f6zg\u00fcvenlerini art\u0131rmak i\u00e7in tedavi arar.<\/p>\n\n\n\n<p>Melazman\u0131n alt\u0131nda yatan nedenleri anlamak, etkili y\u00f6netime giden ilk ad\u0131md\u0131r. Bu, yaln\u0131zca bir fakt\u00f6r\u00fc de\u011fil, genetik, hormonlar ve \u00e7evresel tetikleyiciler de dahil olmak \u00fczere birka\u00e7 fakt\u00f6r\u00fcn etkile\u015fimini dikkate almay\u0131 i\u00e7erir. Tedaviye b\u00fct\u00fcnsel bir yakla\u015f\u0131m genellikle en iyi sonu\u00e7lar\u0131 verir.<\/p>\n\n\n\n<p>Melazma i\u00e7in tedavi se\u00e7enekleri \u00e7e\u015fitlidir ve durumun ciddiyetine ve bireysel tepkiye ba\u011fl\u0131d\u0131r. Bu se\u00e7enekler hidrokinon, retinoidler veya azelaik asit i\u00e7eren topikal kremlerden kimyasal peelinglere, mikrodermabrazyona ve lazer tedavilerine kadar uzan\u0131r.<\/p>\n\n\n\n<figure class=\"wp-block-image size-large\"><img decoding=\"async\" width=\"1024\" height=\"576\" src=\"https:\/\/drebruokyay.com\/wp-content\/uploads\/2024\/11\/image-39-1024x576.png\" alt=\"Melazmada G\u00fcne\u015f Maruziyetinin Rol\u00fc\" class=\"wp-image-1030\" srcset=\"https:\/\/drebruokyay.com\/wp-content\/uploads\/2024\/11\/image-39-1024x576.png 1024w, https:\/\/drebruokyay.com\/wp-content\/uploads\/2024\/11\/image-39-300x169.png 300w, https:\/\/drebruokyay.com\/wp-content\/uploads\/2024\/11\/image-39-768x432.png 768w, https:\/\/drebruokyay.com\/wp-content\/uploads\/2024\/11\/image-39-1536x864.png 1536w, https:\/\/drebruokyay.com\/wp-content\/uploads\/2024\/11\/image-39.png 1920w\" sizes=\"(max-width: 1024px) 100vw, 1024px\" \/><\/figure>\n\n\n\n<h2 class=\"wp-block-heading\"><span class=\"ez-toc-section\" id=\"The_Role_of_Sun_Exposure_in_Melasma\"><\/span>Melazmada G\u00fcne\u015f Maruziyetinin Rol\u00fc<span class=\"ez-toc-section-end\"><\/span><\/h2>\n\n\n\n<p>G\u00fcne\u015ften gelen ultraviyole (UV) radyasyonu melazmada \u00f6nemli bir tetikleyici ve k\u00f6t\u00fcle\u015ftirici fakt\u00f6rd\u00fcr. UV maruziyeti melanositleri uyararak melanin \u00fcretiminin artmas\u0131na neden olur. Bu artan aktivite, cildin kendisini g\u00fcne\u015f hasar\u0131ndan koruma giri\u015fimine do\u011frudan bir yan\u0131tt\u0131r. Ortaya \u00e7\u0131kan hiperpigmentasyon genellikle y\u00fcz gibi g\u00fcne\u015fe maruz kalan b\u00f6lgelerde daha belirgindir.<\/p>\n\n\n\n<p>Orta d\u00fczeyde g\u00fcne\u015fe maruz kalma bile mevcut melazmay\u0131 k\u00f6t\u00fcle\u015ftirebilir veya hassas bireylerde ba\u015flamas\u0131n\u0131 tetikleyebilir. Bu nedenle g\u00fcne\u015ften korunma hem melazmay\u0131 \u00f6nlemede hem de y\u00f6netmede \u00e7ok \u00f6nemlidir. 30 veya daha y\u00fcksek SPF&#039;li geni\u015f spektrumlu g\u00fcne\u015f kremi kullan\u0131m\u0131, bulutlu g\u00fcnlerde bile \u00e7ok \u00f6nemlidir. G\u00fcne\u015fin en yo\u011fun oldu\u011fu saatlerde g\u00f6lge aramak ve \u015fapka ve uzun kollu giysiler gibi koruyucu giysiler giymek, UV maruziyetini daha da azalt\u0131r.<\/p>\n\n\n\n<p>UV radyasyonunun t\u00fcr\u00fc bir rol oynar. UVA \u0131\u015f\u0131nlar\u0131 cildin daha derinlerine n\u00fcfuz eder ve \u00f6zellikle melazma geli\u015fiminde rol oynar. UVA radyasyonu bulutlu g\u00fcnlerde bile mevcuttur ve bu da s\u00fcrekli g\u00fcne\u015f korumas\u0131na ihtiya\u00e7 duyuldu\u011funu vurgular.<\/p>\n\n\n\n<p>G\u00fcne\u015fe maruz kalman\u0131n zamanla k\u00fcm\u00fclatif etkisi \u00f6nemlidir. Y\u0131llarca korunmas\u0131z g\u00fcne\u015fe maruz kalmak melazman\u0131n geli\u015fmesine ve k\u00f6t\u00fcle\u015fmesine katk\u0131da bulunabilir, bu da erken ve tutarl\u0131 g\u00fcne\u015f koruma uygulamalar\u0131n\u0131n \u00f6nemini vurgular.<\/p>\n\n\n\n<figure class=\"wp-block-image size-large\"><img decoding=\"async\" width=\"1024\" height=\"767\" src=\"https:\/\/drebruokyay.com\/wp-content\/uploads\/2024\/11\/image-36-1024x767.png\" alt=\"Melazman\u0131n ba\u015fl\u0131ca nedeni nedir?\" class=\"wp-image-1026\" srcset=\"https:\/\/drebruokyay.com\/wp-content\/uploads\/2024\/11\/image-36-1024x767.png 1024w, https:\/\/drebruokyay.com\/wp-content\/uploads\/2024\/11\/image-36-300x225.png 300w, https:\/\/drebruokyay.com\/wp-content\/uploads\/2024\/11\/image-36-768x575.png 768w, https:\/\/drebruokyay.com\/wp-content\/uploads\/2024\/11\/image-36-1536x1150.png 1536w, https:\/\/drebruokyay.com\/wp-content\/uploads\/2024\/11\/image-36.png 1920w\" sizes=\"(max-width: 1024px) 100vw, 1024px\" \/><\/figure>\n\n\n\n<h2 class=\"wp-block-heading\"><span class=\"ez-toc-section\" id=\"Hormonal_Influences_and_Melasma\"><\/span>Hormonal Etkiler ve Melazma<span class=\"ez-toc-section-end\"><\/span><\/h2>\n\n\n\n<p>Hormon seviyelerindeki dalgalanmalar melazma ile g\u00fc\u00e7l\u00fc bir \u015fekilde ili\u015fkilidir. Bu nedenle melazma kad\u0131nlarda daha yayg\u0131nd\u0131r, \u00f6zellikle hamilelik s\u0131ras\u0131nda (genellikle &quot;gebelik maskesi&quot; olarak adland\u0131r\u0131l\u0131r) ve hormonal do\u011fum kontrol\u00fc kullan\u0131m\u0131yla. \u00d6strojen ve progesteron hormonlar\u0131n\u0131n melanositleri uyarmada ve melanin \u00fcretimini art\u0131rmada \u00f6nemli bir rol oynad\u0131\u011f\u0131na inan\u0131lmaktad\u0131r.<\/p>\n\n\n\n<p>Gebelikle ili\u015fkili melazma genellikle do\u011fumdan sonra hormon seviyeleri normale d\u00f6nd\u00fc\u011f\u00fcnde kaybolur. Ancak baz\u0131 kad\u0131nlar gebelikten sonra bile kal\u0131c\u0131 melazma ya\u015fayabilir. Benzer \u015fekilde, hormonal do\u011fum kontrol\u00fcn\u00fcn kesilmesi baz\u0131 ki\u015filerde melazma \u015fiddetinde azalmaya yol a\u00e7abilir.<\/p>\n\n\n\n<p>Hormonal dengesizliklerle karakterize olan polikistik over sendromu (PCOS) gibi durumlar da melazma riskinin artmas\u0131yla ba\u011flant\u0131l\u0131d\u0131r. PCOS&#039;taki altta yatan hormonal d\u00fczensizlik, melaninin a\u015f\u0131r\u0131 \u00fcretilmesine katk\u0131da bulunabilir.<\/p>\n\n\n\n<p>Melazmay\u0131 y\u00f6netmek i\u00e7in hormonal ba\u011flant\u0131y\u0131 anlamak \u00e7ok \u00f6nemlidir. Hormonal de\u011fi\u015fiklikler her zaman kontrol edilemese de, g\u00fcne\u015fe maruz kalma gibi di\u011fer katk\u0131da bulunan fakt\u00f6rleri y\u00f6netmek melazma \u015fiddetini \u00f6nemli \u00f6l\u00e7\u00fcde etkileyebilir.<\/p>\n\n\n\n<figure class=\"wp-block-image size-large\"><img loading=\"lazy\" decoding=\"async\" width=\"1024\" height=\"768\" src=\"https:\/\/drebruokyay.com\/wp-content\/uploads\/2024\/11\/image-37-1024x768.png\" alt=\"Genetik Yatk\u0131nl\u0131k ve Melazma\" class=\"wp-image-1027\" srcset=\"https:\/\/drebruokyay.com\/wp-content\/uploads\/2024\/11\/image-37-1024x768.png 1024w, https:\/\/drebruokyay.com\/wp-content\/uploads\/2024\/11\/image-37-300x225.png 300w, https:\/\/drebruokyay.com\/wp-content\/uploads\/2024\/11\/image-37-768x576.png 768w, https:\/\/drebruokyay.com\/wp-content\/uploads\/2024\/11\/image-37.png 1280w\" sizes=\"(max-width: 1024px) 100vw, 1024px\" \/><\/figure>\n\n\n\n<h2 class=\"wp-block-heading\"><span class=\"ez-toc-section\" id=\"Genetic_Predisposition_and_Melasma\"><\/span>Genetik Yatk\u0131nl\u0131k ve Melazma<span class=\"ez-toc-section-end\"><\/span><\/h2>\n\n\n\n<p>Genetik fakt\u00f6rler, bir bireyin melazmaya yatk\u0131nl\u0131\u011f\u0131nda \u00f6nemli bir rol oynar. Melazma aile \u00f6yk\u00fcs\u00fc olan bireylerin, bu durumu kendilerinin geli\u015ftirme riski daha y\u00fcksektir. Bu, genetik varyasyonlar\u0131n melanosit aktivitesini ve \u00e7evresel tetikleyicilere tepkiyi etkileyebilece\u011fini d\u00fc\u015f\u00fcnd\u00fcrmektedir.<\/p>\n\n\n\n<p>Melanin \u00fcretimi ve cilt pigmentasyonunda yer alan belirli genlerin bu genetik yatk\u0131nl\u0131\u011fa katk\u0131da bulunmas\u0131 muhtemeldir. Bu belirli genleri ve melazma geli\u015fimi \u00fczerindeki etkilerini belirlemek i\u00e7in ara\u015ft\u0131rmalar devam etmektedir.<\/p>\n\n\n\n<p>Genetik riski art\u0131rabilse de sonucu belirlemez. Genetik yatk\u0131nl\u0131\u011f\u0131 olan ki\u015filer, ciltlerini g\u00fcne\u015fe maruz kalmaktan \u00f6zenle koruyarak ve di\u011fer katk\u0131da bulunan fakt\u00f6rleri y\u00f6neterek melazmay\u0131 \u00f6nleyebilir veya en aza indirebilir.<\/p>\n\n\n\n<p>Genetik bile\u015feni anlamak, melazma \u00f6nleme ve tedavisine y\u00f6nelik ki\u015fiselle\u015ftirilmi\u015f yakla\u015f\u0131mlar\u0131n \u00f6nemini vurgular. Bir bireyin riskini de\u011ferlendirirken ve tedavi stratejilerini ki\u015fiselle\u015ftirirken aile ge\u00e7mi\u015fi dikkate al\u0131nmal\u0131d\u0131r.<\/p>\n\n\n\n<p>Sonu\u00e7 olarak, melazma g\u00fcne\u015fe maruz kalma, hormonal etkiler ve genetik yatk\u0131nl\u0131\u011f\u0131n etkile\u015fimi sonucu olu\u015fan karma\u015f\u0131k bir durumdur. Kesin tek bir neden olmasa da, bu katk\u0131da bulunan fakt\u00f6rleri anlamak etkili \u00f6nleme ve y\u00f6netim i\u00e7in hayati \u00f6nem ta\u015f\u0131r. Cildi g\u00fcne\u015ften korumak i\u00e7in g\u00fcne\u015f kremi ve di\u011fer koruyucu \u00f6nlemlerin s\u00fcrekli kullan\u0131m\u0131 ve altta yatan hormonal dengesizliklerin ele al\u0131nmas\u0131 hayati \u00f6nem ta\u015f\u0131r. Bireysel risk fakt\u00f6rlerini g\u00f6z \u00f6n\u00fcnde bulunduran ve uygun tedavi se\u00e7eneklerini i\u00e7eren kapsaml\u0131 bir yakla\u015f\u0131m, melazman\u0131n g\u00f6r\u00fcn\u00fcm\u00fcn\u00fc y\u00f6netmek ve en aza indirmek i\u00e7in en iyi \u015fans\u0131 sunar.<\/p>\n\n\n\n<p>G\u00fcvendi\u011finiz Dr. Ebru Okyay&#039;\u0131n uzmanl\u0131\u011f\u0131n\u0131 ke\u015ffedin\u00a0<a href=\"https:\/\/drebruokyay.com\/tr\/hakkimizda\/\" target=\"_blank\" rel=\"noreferrer noopener\">dermatolog<\/a>\u00a0i\u00e7inde\u00a0<a href=\"https:\/\/antalya.goturkiye.com\/homepage\" target=\"_blank\" rel=\"noreferrer noopener nofollow\">Antalya<\/a>. \u0130ster t\u0131bbi cilt sorunlar\u0131n\u0131z\u0131 gidermek, ister kozmetik tedavilerle do\u011fal g\u00fczelli\u011finizi art\u0131rmak isteyin, Dr. Okyay size yard\u0131mc\u0131 olmak i\u00e7in burada. Ki\u015fiselle\u015ftirilmi\u015f bak\u0131m ve geli\u015fmi\u015f tekniklerle, cilt hedeflerinize ula\u015fmak hi\u00e7 bu kadar kolay olmam\u0131\u015ft\u0131.<\/p>","protected":false},"excerpt":{"rendered":"<p>Melazman\u0131n temel nedenini ortaya \u00e7\u0131kar\u0131n. Bu makale, hormonal etkiler, g\u00fcne\u015fe maruz kalma ve genetik yatk\u0131nl\u0131k gibi bu yayg\u0131n cilt rahats\u0131zl\u0131\u011f\u0131n\u0131n birincil tetikleyicisini ara\u015ft\u0131r\u0131yor. Risk fakt\u00f6rlerinizi nas\u0131l belirleyece\u011finizi ve etkili tedavi se\u00e7eneklerini nas\u0131l ke\u015ffedece\u011finizi \u00f6\u011frenin. #melazma #iperpigmentasyon #skincare<\/p>","protected":false},"author":1,"featured_media":1025,"comment_status":"open","ping_status":"open","sticky":false,"template":"","format":"standard","meta":{"_daextam_enable_autolinks":"1","site-sidebar-layout":"default","site-content-layout":"","ast-site-content-layout":"","site-content-style":"default","site-sidebar-style":"default","ast-global-header-display":"","ast-banner-title-visibility":"","ast-main-header-display":"","ast-hfb-above-header-display":"","ast-hfb-below-header-display":"","ast-hfb-mobile-header-display":"","site-post-title":"","ast-breadcrumbs-content":"","ast-featured-img":"","footer-sml-layout":"","ast-disable-related-posts":"","theme-transparent-header-meta":"","adv-header-id-meta":"","stick-header-meta":"","header-above-stick-meta":"","header-main-stick-meta":"","header-below-stick-meta":"","astra-migrate-meta-layouts":"default","ast-page-background-enabled":"default","ast-page-background-meta":{"desktop":{"background-color":"var(--ast-global-color-4)","background-image":"","background-repeat":"repeat","background-position":"center center","background-size":"auto","background-attachment":"scroll","background-type":"","background-media":"","overlay-type":"","overlay-color":"","overlay-opacity":"","overlay-gradient":""},"tablet":{"background-color":"","background-image":"","background-repeat":"repeat","background-position":"center center","background-size":"auto","background-attachment":"scroll","background-type":"","background-media":"","overlay-type":"","overlay-color":"","overlay-opacity":"","overlay-gradient":""},"mobile":{"background-color":"","background-image":"","background-repeat":"repeat","background-position":"center center","background-size":"auto","background-attachment":"scroll","background-type":"","background-media":"","overlay-type":"","overlay-color":"","overlay-opacity":"","overlay-gradient":""}},"ast-content-background-meta":{"desktop":{"background-color":"var(--ast-global-color-5)","background-image":"","background-repeat":"repeat","background-position":"center center","background-size":"auto","background-attachment":"scroll","background-type":"","background-media":"","overlay-type":"","overlay-color":"","overlay-opacity":"","overlay-gradient":""},"tablet":{"background-color":"var(--ast-global-color-5)","background-image":"","background-repeat":"repeat","background-position":"center center","background-size":"auto","background-attachment":"scroll","background-type":"","background-media":"","overlay-type":"","overlay-color":"","overlay-opacity":"","overlay-gradient":""},"mobile":{"background-color":"var(--ast-global-color-5)","background-image":"","background-repeat":"repeat","background-position":"center center","background-size":"auto","background-attachment":"scroll","background-type":"","background-media":"","overlay-type":"","overlay-color":"","overlay-opacity":"","overlay-gradient":""}},"footnotes":""},"categories":[10],"tags":[],"class_list":["post-1024","post","type-post","status-publish","format-standard","has-post-thumbnail","hentry","category-common-skin-diseases"],"_links":{"self":[{"href":"https:\/\/drebruokyay.com\/tr\/wp-json\/wp\/v2\/posts\/1024","targetHints":{"allow":["GET"]}}],"collection":[{"href":"https:\/\/drebruokyay.com\/tr\/wp-json\/wp\/v2\/posts"}],"about":[{"href":"https:\/\/drebruokyay.com\/tr\/wp-json\/wp\/v2\/types\/post"}],"author":[{"embeddable":true,"href":"https:\/\/drebruokyay.com\/tr\/wp-json\/wp\/v2\/users\/1"}],"replies":[{"embeddable":true,"href":"https:\/\/drebruokyay.com\/tr\/wp-json\/wp\/v2\/comments?post=1024"}],"version-history":[{"count":1,"href":"https:\/\/drebruokyay.com\/tr\/wp-json\/wp\/v2\/posts\/1024\/revisions"}],"predecessor-version":[{"id":1031,"href":"https:\/\/drebruokyay.com\/tr\/wp-json\/wp\/v2\/posts\/1024\/revisions\/1031"}],"wp:featuredmedia":[{"embeddable":true,"href":"https:\/\/drebruokyay.com\/tr\/wp-json\/wp\/v2\/media\/1025"}],"wp:attachment":[{"href":"https:\/\/drebruokyay.com\/tr\/wp-json\/wp\/v2\/media?parent=1024"}],"wp:term":[{"taxonomy":"category","embeddable":true,"href":"https:\/\/drebruokyay.com\/tr\/wp-json\/wp\/v2\/categories?post=1024"},{"taxonomy":"post_tag","embeddable":true,"href":"https:\/\/drebruokyay.com\/tr\/wp-json\/wp\/v2\/tags?post=1024"}],"curies":[{"name":"wp","href":"https:\/\/api.w.org\/{rel}","templated":true}]}}