{"id":1036,"date":"2024-11-11T20:30:52","date_gmt":"2024-11-11T20:30:52","guid":{"rendered":"https:\/\/drebruokyay.com\/?p=1036"},"modified":"2024-11-25T20:36:26","modified_gmt":"2024-11-25T20:36:26","slug":"la-carenza-di-vitamina-d-puo-causare-melasma","status":"publish","type":"post","link":"https:\/\/drebruokyay.com\/it\/can-vitamin-d-deficiency-cause-melasma\/","title":{"rendered":"La carenza di vitamina D pu\u00f2 causare il melasma?"},"content":{"rendered":"<p>Il melasma, una comune condizione della pelle, \u00e8 caratterizzato da chiazze scure e scolorite sul viso. Sebbene la causa esatta del melasma sia sconosciuta, la ricerca suggerisce che la carenza di vitamina D potrebbe svolgere un ruolo nel suo sviluppo. Questo articolo esplora la relazione tra vitamina D e melasma, discutendo le cause e i sintomi del melasma, il potenziale collegamento alla carenza di vitamina D e le opzioni di trattamento per la gestione della condizione.<\/p>\n\n\n\n<div id=\"ez-toc-container\" class=\"ez-toc-v2_0_82_2 ez-toc-wrap-left counter-hierarchy ez-toc-counter ez-toc-transparent ez-toc-container-direction\">\n<div class=\"ez-toc-title-container\">\n<p class=\"ez-toc-title\" style=\"cursor:inherit\">Sommario<\/p>\n<span class=\"ez-toc-title-toggle\"><a href=\"#\" class=\"ez-toc-pull-right ez-toc-btn ez-toc-btn-xs ez-toc-btn-default ez-toc-toggle\" aria-label=\"Attiva\/disattiva la tabella dei contenuti\"><span class=\"ez-toc-js-icon-con\"><span class=\"\"><span class=\"eztoc-hide\" style=\"display:none;\">Attiva\/disattiva<\/span><span class=\"ez-toc-icon-toggle-span\"><svg style=\"fill: #999;color:#999\" xmlns=\"http:\/\/www.w3.org\/2000\/svg\" class=\"list-377408\" width=\"20px\" height=\"20px\" viewbox=\"0 0 24 24\" fill=\"none\"><path d=\"M6 6H4v2h2V6zm14 0H8v2h12V6zM4 11h2v2H4v-2zm16 0H8v2h12v-2zM4 16h2v2H4v-2zm16 0H8v2h12v-2z\" fill=\"currentColor\"><\/path><\/svg><svg style=\"fill: #999;color:#999\" class=\"arrow-unsorted-368013\" xmlns=\"http:\/\/www.w3.org\/2000\/svg\" width=\"10px\" height=\"10px\" viewbox=\"0 0 24 24\" version=\"1.2\" baseprofile=\"tiny\"><path d=\"M18.2 9.3l-6.2-6.3-6.2 6.3c-.2.2-.3.4-.3.7s.1.5.3.7c.2.2.4.3.7.3h11c.3 0 .5-.1.7-.3.2-.2.3-.5.3-.7s-.1-.5-.3-.7zM5.8 14.7l6.2 6.3 6.2-6.3c.2-.2.3-.5.3-.7s-.1-.5-.3-.7c-.2-.2-.4-.3-.7-.3h-11c-.3 0-.5.1-.7.3-.2.2-.3.5-.3.7s.1.5.3.7z\"\/><\/svg><\/span><\/span><\/span><\/a><\/span><\/div>\n<nav><ul class='ez-toc-list ez-toc-list-level-1' ><li class='ez-toc-page-1 ez-toc-heading-level-2'><a class=\"ez-toc-link ez-toc-heading-1\" href=\"https:\/\/drebruokyay.com\/it\/can-vitamin-d-deficiency-cause-melasma\/#Vitamin_D_and_Melasma_An_Overview\" >Vitamina D e melasma: una panoramica<\/a><\/li><li class='ez-toc-page-1 ez-toc-heading-level-2'><a class=\"ez-toc-link ez-toc-heading-2\" href=\"https:\/\/drebruokyay.com\/it\/can-vitamin-d-deficiency-cause-melasma\/#Melasma_Causes_and_Symptoms\" >Melasma: cause e sintomi<\/a><\/li><li class='ez-toc-page-1 ez-toc-heading-level-2'><a class=\"ez-toc-link ez-toc-heading-3\" href=\"https:\/\/drebruokyay.com\/it\/can-vitamin-d-deficiency-cause-melasma\/#Vitamin_D_Deficiency_and_Melasma\" >Carenza di vitamina D e melasma<\/a><\/li><li class='ez-toc-page-1 ez-toc-heading-level-2'><a class=\"ez-toc-link ez-toc-heading-4\" href=\"https:\/\/drebruokyay.com\/it\/can-vitamin-d-deficiency-cause-melasma\/#Treatment_Options_and_Prevention\" >Opzioni di trattamento e prevenzione<\/a><\/li><li class='ez-toc-page-1 ez-toc-heading-level-2'><a class=\"ez-toc-link ez-toc-heading-5\" href=\"https:\/\/drebruokyay.com\/it\/can-vitamin-d-deficiency-cause-melasma\/#FAQ\" >Domande frequenti<\/a><ul class='ez-toc-list-level-3' ><li class='ez-toc-heading-level-3'><a class=\"ez-toc-link ez-toc-heading-6\" href=\"https:\/\/drebruokyay.com\/it\/can-vitamin-d-deficiency-cause-melasma\/#What_is_Melasma\" >Cos&#039;\u00e8 il melasma?<\/a><\/li><li class='ez-toc-page-1 ez-toc-heading-level-3'><a class=\"ez-toc-link ez-toc-heading-7\" href=\"https:\/\/drebruokyay.com\/it\/can-vitamin-d-deficiency-cause-melasma\/#What_Causes_Melasma\" >Quali sono le cause del melasma?<\/a><\/li><li class='ez-toc-page-1 ez-toc-heading-level-3'><a class=\"ez-toc-link ez-toc-heading-8\" href=\"https:\/\/drebruokyay.com\/it\/can-vitamin-d-deficiency-cause-melasma\/#How_is_Melasma_Linked_to_Vitamin_D_Deficiency\" >Qual \u00e8 il legame tra melasma e carenza di vitamina D?<\/a><\/li><li class='ez-toc-page-1 ez-toc-heading-level-3'><a class=\"ez-toc-link ez-toc-heading-9\" href=\"https:\/\/drebruokyay.com\/it\/can-vitamin-d-deficiency-cause-melasma\/#What_are_the_Treatment_Options_for_Melasma\" >Quali sono le opzioni terapeutiche per il melasma?<\/a><\/li><li class='ez-toc-page-1 ez-toc-heading-level-3'><a class=\"ez-toc-link ez-toc-heading-10\" href=\"https:\/\/drebruokyay.com\/it\/can-vitamin-d-deficiency-cause-melasma\/#Can_Vitamin_D_Supplements_Help_with_Melasma\" >Gli integratori di vitamina D possono aiutare contro il melasma?<\/a><\/li><li class='ez-toc-page-1 ez-toc-heading-level-3'><a class=\"ez-toc-link ez-toc-heading-11\" href=\"https:\/\/drebruokyay.com\/it\/can-vitamin-d-deficiency-cause-melasma\/#How_Can_I_Prevent_Melasma\" >Come posso prevenire il melasma?<\/a><\/li><\/ul><\/li><\/ul><\/nav><\/div>\n<h2 class=\"wp-block-heading\"><span class=\"ez-toc-section\" id=\"Vitamin_D_and_Melasma_An_Overview\"><\/span>Vitamina D e melasma: una panoramica<span class=\"ez-toc-section-end\"><\/span><\/h2>\n\n\n\n<p>La vitamina D \u00e8 un nutriente che svolge un ruolo cruciale in varie funzioni corporee, tra cui l&#039;assorbimento del calcio e la salute delle ossa. Studi recenti hanno suggerito che la vitamina D pu\u00f2 anche influenzare la salute della pelle, inclusa la pigmentazione. Il melasma \u00e8 una condizione che causa iperpigmentazione, o scurimento della pelle, in aree specifiche del viso, come guance, fronte e labbro superiore.<\/p>\n\n\n\n<h2 class=\"wp-block-heading\"><span class=\"ez-toc-section\" id=\"Melasma_Causes_and_Symptoms\"><\/span>Melasma: cause e sintomi<span class=\"ez-toc-section-end\"><\/span><\/h2>\n\n\n\n<p>Il melasma \u00e8 una condizione complessa con molteplici potenziali cause. I cambiamenti ormonali, come quelli che si verificano durante la gravidanza o con l&#039;uso di contraccettivi ormonali, sono fattori scatenanti comuni. Anche l&#039;esposizione al sole, la genetica e alcuni farmaci possono contribuire allo sviluppo del melasma. Il sintomo principale del melasma \u00e8 la comparsa di chiazze scure e irregolari sul viso, che possono variare di colore dal marrone chiaro al grigio scuro. Queste chiazze sono spesso simmetriche e possono variare in dimensioni e forma.<\/p>\n\n\n\n<figure class=\"wp-block-image size-large\"><img fetchpriority=\"high\" decoding=\"async\" width=\"1024\" height=\"575\" src=\"https:\/\/drebruokyay.com\/wp-content\/uploads\/2024\/11\/image-35-1024x575.png\" alt=\"melasma\" class=\"wp-image-1025\" srcset=\"https:\/\/drebruokyay.com\/wp-content\/uploads\/2024\/11\/image-35-1024x575.png 1024w, https:\/\/drebruokyay.com\/wp-content\/uploads\/2024\/11\/image-35-300x169.png 300w, https:\/\/drebruokyay.com\/wp-content\/uploads\/2024\/11\/image-35-768x432.png 768w, https:\/\/drebruokyay.com\/wp-content\/uploads\/2024\/11\/image-35-1536x863.png 1536w, https:\/\/drebruokyay.com\/wp-content\/uploads\/2024\/11\/image-35.png 1600w\" sizes=\"(max-width: 1024px) 100vw, 1024px\" \/><\/figure>\n\n\n\n<h2 class=\"wp-block-heading\"><span class=\"ez-toc-section\" id=\"Vitamin_D_Deficiency_and_Melasma\"><\/span>Carenza di vitamina D e melasma<span class=\"ez-toc-section-end\"><\/span><\/h2>\n\n\n\n<p>La ricerca ha dimostrato un potenziale collegamento tra carenza di vitamina D e melasma. \u00c8 noto che la vitamina D regola la produzione di melanina, il pigmento che conferisce alla pelle il suo colore. Negli individui con carenza di vitamina D, la produzione di melanina pu\u00f2 essere interrotta, portando a iperpigmentazione e allo sviluppo di melasma. Gli studi hanno scoperto che le persone con melasma hanno livelli pi\u00f9 bassi di vitamina D nel sangue rispetto a coloro che non hanno questa condizione.<\/p>\n\n\n\n<h2 class=\"wp-block-heading\"><span class=\"ez-toc-section\" id=\"Treatment_Options_and_Prevention\"><\/span>Opzioni di trattamento e prevenzione<span class=\"ez-toc-section-end\"><\/span><\/h2>\n\n\n\n<p>Il trattamento del melasma in genere prevede una combinazione di farmaci topici, come l&#039;idrochinone o l&#039;acido azelaico, e protezione solare. I retinoidi topici, derivati dalla vitamina A, possono anche essere utilizzati per ridurre l&#039;iperpigmentazione. In alcuni casi, possono essere prescritti farmaci orali, come l&#039;acido tranexamico, per inibire la produzione di melanina. La prevenzione del melasma comporta la limitazione dell&#039;esposizione al sole, l&#039;uso di creme solari ed evitare fattori scatenanti ormonali quando possibile. Anche il mantenimento di livelli adeguati di vitamina D tramite dieta e integrazione pu\u00f2 essere utile per ridurre il rischio di sviluppare il melasma.<\/p>\n\n\n\n<figure class=\"wp-block-image size-large\"><img decoding=\"async\" width=\"1024\" height=\"767\" src=\"https:\/\/drebruokyay.com\/wp-content\/uploads\/2024\/11\/image-36-1024x767.png\" alt=\"\" class=\"wp-image-1026\" srcset=\"https:\/\/drebruokyay.com\/wp-content\/uploads\/2024\/11\/image-36-1024x767.png 1024w, https:\/\/drebruokyay.com\/wp-content\/uploads\/2024\/11\/image-36-300x225.png 300w, https:\/\/drebruokyay.com\/wp-content\/uploads\/2024\/11\/image-36-768x575.png 768w, https:\/\/drebruokyay.com\/wp-content\/uploads\/2024\/11\/image-36-1536x1150.png 1536w, https:\/\/drebruokyay.com\/wp-content\/uploads\/2024\/11\/image-36.png 1920w\" sizes=\"(max-width: 1024px) 100vw, 1024px\" \/><\/figure>\n\n\n\n<p>Sebbene siano necessarie ulteriori ricerche per comprendere appieno la relazione tra vitamina D e melasma, le prove suggeriscono che la carenza di vitamina D potrebbe essere un fattore che contribuisce allo sviluppo di questa condizione. Mantenendo livelli adeguati di vitamina D, gli individui potrebbero essere in grado di ridurre il rischio di sviluppare melasma o migliorare l&#039;efficacia del loro trattamento. Tuttavia, \u00e8 importante consultare un professionista sanitario prima di assumere integratori o apportare modifiche significative alla dieta o alla routine di cura della pelle.<\/p>\n\n\n\n<p>Scopri la competenza della Dott.ssa Ebru Okyay, la tua dottoressa di fiducia&nbsp;<a href=\"https:\/\/drebruokyay.com\/it\/chi-siamo\/\" target=\"_blank\" rel=\"noreferrer noopener\">dermatologo<\/a>&nbsp;In&nbsp;<a href=\"https:\/\/antalya.goturkiye.com\/homepage\" target=\"_blank\" rel=\"noreferrer noopener nofollow\">Adalia<\/a>. Che tu voglia risolvere problemi di pelle di natura medica o migliorare la tua bellezza naturale con trattamenti cosmetici, il dott. Okyay \u00e8 qui per aiutarti. Con cure personalizzate e tecniche avanzate, raggiungere i tuoi obiettivi per la pelle non \u00e8 mai stato cos\u00ec facile.<\/p>\n\n\n\n<h2 class=\"wp-block-heading\"><span class=\"ez-toc-section\" id=\"FAQ\"><\/span>Domande frequenti<span class=\"ez-toc-section-end\"><\/span><\/h2>\n\n\n\n<h3 class=\"wp-block-heading\"><span class=\"ez-toc-section\" id=\"What_is_Melasma\"><\/span>Cos&#039;\u00e8 il melasma?<span class=\"ez-toc-section-end\"><\/span><\/h3>\n\n\n\n<p>Il melasma \u00e8 una comune condizione della pelle che causa chiazze scure e scolorite, spesso sul viso. Queste chiazze possono variare di colore dal marrone chiaro al grigio scuro.<\/p>\n\n\n\n<h3 class=\"wp-block-heading\"><span class=\"ez-toc-section\" id=\"What_Causes_Melasma\"><\/span>Quali sono le cause del melasma?<span class=\"ez-toc-section-end\"><\/span><\/h3>\n\n\n\n<p>Sebbene la causa esatta del melasma sia sconosciuta, diversi fattori possono contribuire al suo sviluppo:<\/p>\n\n\n\n<ul class=\"wp-block-list\">\n<li><strong>Cambiamenti ormonali:<\/strong> La gravidanza, la pillola anticoncezionale e la terapia ormonale sostitutiva possono scatenare il melasma.<\/li>\n\n\n\n<li><strong>Esposizione al sole:<\/strong> Un&#039;eccessiva esposizione al sole pu\u00f2 peggiorare il melasma.<\/li>\n\n\n\n<li><strong>Genetica:<\/strong> Una storia familiare di melasma pu\u00f2 aumentare il rischio.<\/li>\n\n\n\n<li><strong>Alcuni farmaci:<\/strong> Alcuni farmaci possono favorire l&#039;insorgenza del melasma.<\/li>\n<\/ul>\n\n\n\n<h3 class=\"wp-block-heading\"><span class=\"ez-toc-section\" id=\"How_is_Melasma_Linked_to_Vitamin_D_Deficiency\"><\/span>Qual \u00e8 il legame tra melasma e carenza di vitamina D?<span class=\"ez-toc-section-end\"><\/span><\/h3>\n\n\n\n<p>La vitamina D svolge un ruolo cruciale nella regolazione della produzione di melanina, il pigmento responsabile del colore della pelle. La ricerca suggerisce che la carenza di vitamina D pu\u00f2 interrompere la produzione di melanina, portando a iperpigmentazione e allo sviluppo del melasma.<\/p>\n\n\n\n<h3 class=\"wp-block-heading\"><span class=\"ez-toc-section\" id=\"What_are_the_Treatment_Options_for_Melasma\"><\/span>Quali sono le opzioni terapeutiche per il melasma?<span class=\"ez-toc-section-end\"><\/span><\/h3>\n\n\n\n<p>Sono disponibili diverse opzioni di trattamento per il melasma:<\/p>\n\n\n\n<ul class=\"wp-block-list\">\n<li><strong>Trattamenti topici:<\/strong> Le creme contenenti idrochinone, tretinoina o acido azelaico possono aiutare a schiarire le macchie.<\/li>\n\n\n\n<li><strong>Peeling chimici:<\/strong> I peeling chimici possono esfoliare la pelle e migliorarne la pigmentazione.<\/li>\n\n\n\n<li><strong>Terapia Laser:<\/strong> I trattamenti laser possono agire sulle aree pigmentate e ridurne l&#039;aspetto.<\/li>\n\n\n\n<li><strong>Protezione solare:<\/strong> L&#039;uso di una protezione solare con un fattore di protezione elevato pu\u00f2 aiutare a prevenire il peggioramento del melasma.<\/li>\n<\/ul>\n\n\n\n<h3 class=\"wp-block-heading\"><span class=\"ez-toc-section\" id=\"Can_Vitamin_D_Supplements_Help_with_Melasma\"><\/span>Gli integratori di vitamina D possono aiutare contro il melasma?<span class=\"ez-toc-section-end\"><\/span><\/h3>\n\n\n\n<p>While vitamin D supplements may be beneficial for overall health, their direct impact on melasma is still being studied. It&#8217;s essential to consult with a dermatologist to determine the best course of treatment.<\/p>\n\n\n\n<h3 class=\"wp-block-heading\"><span class=\"ez-toc-section\" id=\"How_Can_I_Prevent_Melasma\"><\/span>Come posso prevenire il melasma?<span class=\"ez-toc-section-end\"><\/span><\/h3>\n\n\n\n<p>Per prevenire il melasma, tieni presente i seguenti suggerimenti:<\/p>\n\n\n\n<ul class=\"wp-block-list\">\n<li><strong>Limitare l&#039;esposizione al sole:<\/strong> Evitare l&#039;eccessiva esposizione al sole, soprattutto tra le 10:00 e le 16:00.<\/li>\n\n\n\n<li><strong>Usa la protezione solare:<\/strong> Applicare quotidianamente una protezione solare ad ampio spettro con un fattore di protezione solare (SPF) pari o superiore a 30.<\/li>\n\n\n\n<li><strong>Indossare indumenti protettivi:<\/strong> Copritevi con cappelli, occhiali da sole e maniche lunghe per proteggere la pelle.<\/li>\n\n\n\n<li><strong>Consulta un dermatologo:<\/strong> Se hai dubbi sul melasma, chiedi consiglio a un professionista.<\/li>\n<\/ul>","protected":false},"excerpt":{"rendered":"<p>**Can Vitamin D Deficiency Cause Melasma?**<\/p>\n<p>Melasma, a common skin condition, is characterized by dark patches on the face. While the exact cause is unknown, some research suggests that vitamin D deficiency may play a role. This article explores the potential link between vitamin D deficiency and melasma, examining the latest scientific findings and discussing the implications for treatment and prevention.<\/p>","protected":false},"author":1,"featured_media":1071,"comment_status":"open","ping_status":"open","sticky":false,"template":"","format":"standard","meta":{"_daextam_enable_autolinks":"1","site-sidebar-layout":"default","site-content-layout":"","ast-site-content-layout":"","site-content-style":"default","site-sidebar-style":"default","ast-global-header-display":"","ast-banner-title-visibility":"","ast-main-header-display":"","ast-hfb-above-header-display":"","ast-hfb-below-header-display":"","ast-hfb-mobile-header-display":"","site-post-title":"","ast-breadcrumbs-content":"","ast-featured-img":"","footer-sml-layout":"","ast-disable-related-posts":"","theme-transparent-header-meta":"","adv-header-id-meta":"","stick-header-meta":"","header-above-stick-meta":"","header-main-stick-meta":"","header-below-stick-meta":"","astra-migrate-meta-layouts":"default","ast-page-background-enabled":"default","ast-page-background-meta":{"desktop":{"background-color":"var(--ast-global-color-4)","background-image":"","background-repeat":"repeat","background-position":"center center","background-size":"auto","background-attachment":"scroll","background-type":"","background-media":"","overlay-type":"","overlay-color":"","overlay-opacity":"","overlay-gradient":""},"tablet":{"background-color":"","background-image":"","background-repeat":"repeat","background-position":"center center","background-size":"auto","background-attachment":"scroll","background-type":"","background-media":"","overlay-type":"","overlay-color":"","overlay-opacity":"","overlay-gradient":""},"mobile":{"background-color":"","background-image":"","background-repeat":"repeat","background-position":"center center","background-size":"auto","background-attachment":"scroll","background-type":"","background-media":"","overlay-type":"","overlay-color":"","overlay-opacity":"","overlay-gradient":""}},"ast-content-background-meta":{"desktop":{"background-color":"var(--ast-global-color-5)","background-image":"","background-repeat":"repeat","background-position":"center center","background-size":"auto","background-attachment":"scroll","background-type":"","background-media":"","overlay-type":"","overlay-color":"","overlay-opacity":"","overlay-gradient":""},"tablet":{"background-color":"var(--ast-global-color-5)","background-image":"","background-repeat":"repeat","background-position":"center center","background-size":"auto","background-attachment":"scroll","background-type":"","background-media":"","overlay-type":"","overlay-color":"","overlay-opacity":"","overlay-gradient":""},"mobile":{"background-color":"var(--ast-global-color-5)","background-image":"","background-repeat":"repeat","background-position":"center center","background-size":"auto","background-attachment":"scroll","background-type":"","background-media":"","overlay-type":"","overlay-color":"","overlay-opacity":"","overlay-gradient":""}},"footnotes":""},"categories":[10],"tags":[],"class_list":["post-1036","post","type-post","status-publish","format-standard","has-post-thumbnail","hentry","category-common-skin-diseases"],"_links":{"self":[{"href":"https:\/\/drebruokyay.com\/it\/wp-json\/wp\/v2\/posts\/1036","targetHints":{"allow":["GET"]}}],"collection":[{"href":"https:\/\/drebruokyay.com\/it\/wp-json\/wp\/v2\/posts"}],"about":[{"href":"https:\/\/drebruokyay.com\/it\/wp-json\/wp\/v2\/types\/post"}],"author":[{"embeddable":true,"href":"https:\/\/drebruokyay.com\/it\/wp-json\/wp\/v2\/users\/1"}],"replies":[{"embeddable":true,"href":"https:\/\/drebruokyay.com\/it\/wp-json\/wp\/v2\/comments?post=1036"}],"version-history":[{"count":2,"href":"https:\/\/drebruokyay.com\/it\/wp-json\/wp\/v2\/posts\/1036\/revisions"}],"predecessor-version":[{"id":1073,"href":"https:\/\/drebruokyay.com\/it\/wp-json\/wp\/v2\/posts\/1036\/revisions\/1073"}],"wp:featuredmedia":[{"embeddable":true,"href":"https:\/\/drebruokyay.com\/it\/wp-json\/wp\/v2\/media\/1071"}],"wp:attachment":[{"href":"https:\/\/drebruokyay.com\/it\/wp-json\/wp\/v2\/media?parent=1036"}],"wp:term":[{"taxonomy":"category","embeddable":true,"href":"https:\/\/drebruokyay.com\/it\/wp-json\/wp\/v2\/categories?post=1036"},{"taxonomy":"post_tag","embeddable":true,"href":"https:\/\/drebruokyay.com\/it\/wp-json\/wp\/v2\/tags?post=1036"}],"curies":[{"name":"parola chiave","href":"https:\/\/api.w.org\/{rel}","templated":true}]}}