{"id":1034,"date":"2024-11-21T10:02:07","date_gmt":"2024-11-21T10:02:07","guid":{"rendered":"https:\/\/drebruokyay.com\/?p=1034"},"modified":"2024-11-24T15:46:20","modified_gmt":"2024-11-24T15:46:20","slug":"quale-vitamina-e-migliore-per-il-melasma","status":"publish","type":"post","link":"https:\/\/drebruokyay.com\/it\/which-vitamin-is-best-for-melasma\/","title":{"rendered":"Quale vitamina \u00e8 migliore per il melasma?"},"content":{"rendered":"<p>Quale vitamina \u00e8 la migliore per il melasma? Il melasma \u00e8 una comune condizione della pelle caratterizzata da chiazze scure e scolorite sul viso, solitamente causate dall&#039;esposizione al sole, da cambiamenti ormonali o da alcuni farmaci. Sebbene non esista una cura per il melasma, i trattamenti possono aiutare a schiarire le chiazze scure e a impedirne il peggioramento. Tra le varie opzioni di trattamento, le vitamine svolgono un ruolo cruciale nella gestione del melasma.<\/p>\n\n\n\n<div id=\"ez-toc-container\" class=\"ez-toc-v2_0_82_2 ez-toc-wrap-left counter-hierarchy ez-toc-counter ez-toc-transparent ez-toc-container-direction\">\n<div class=\"ez-toc-title-container\">\n<p class=\"ez-toc-title\" style=\"cursor:inherit\">Sommario<\/p>\n<span class=\"ez-toc-title-toggle\"><a href=\"#\" class=\"ez-toc-pull-right ez-toc-btn ez-toc-btn-xs ez-toc-btn-default ez-toc-toggle\" aria-label=\"Attiva\/disattiva la tabella dei contenuti\"><span class=\"ez-toc-js-icon-con\"><span class=\"\"><span class=\"eztoc-hide\" style=\"display:none;\">Attiva\/disattiva<\/span><span class=\"ez-toc-icon-toggle-span\"><svg style=\"fill: #999;color:#999\" xmlns=\"http:\/\/www.w3.org\/2000\/svg\" class=\"list-377408\" width=\"20px\" height=\"20px\" viewbox=\"0 0 24 24\" fill=\"none\"><path d=\"M6 6H4v2h2V6zm14 0H8v2h12V6zM4 11h2v2H4v-2zm16 0H8v2h12v-2zM4 16h2v2H4v-2zm16 0H8v2h12v-2z\" fill=\"currentColor\"><\/path><\/svg><svg style=\"fill: #999;color:#999\" class=\"arrow-unsorted-368013\" xmlns=\"http:\/\/www.w3.org\/2000\/svg\" width=\"10px\" height=\"10px\" viewbox=\"0 0 24 24\" version=\"1.2\" baseprofile=\"tiny\"><path d=\"M18.2 9.3l-6.2-6.3-6.2 6.3c-.2.2-.3.4-.3.7s.1.5.3.7c.2.2.4.3.7.3h11c.3 0 .5-.1.7-.3.2-.2.3-.5.3-.7s-.1-.5-.3-.7zM5.8 14.7l6.2 6.3 6.2-6.3c.2-.2.3-.5.3-.7s-.1-.5-.3-.7c-.2-.2-.4-.3-.7-.3h-11c-.3 0-.5.1-.7.3-.2.2-.3.5-.3.7s.1.5.3.7z\"\/><\/svg><\/span><\/span><\/span><\/a><\/span><\/div>\n<nav><ul class='ez-toc-list ez-toc-list-level-1' ><li class='ez-toc-page-1 ez-toc-heading-level-2'><a class=\"ez-toc-link ez-toc-heading-1\" href=\"https:\/\/drebruokyay.com\/it\/which-vitamin-is-best-for-melasma\/#Understanding_Melasma_A_Common_Skin_Condition\" >Capire il melasma: una condizione comune della pelle<\/a><\/li><li class='ez-toc-page-1 ez-toc-heading-level-2'><a class=\"ez-toc-link ez-toc-heading-2\" href=\"https:\/\/drebruokyay.com\/it\/which-vitamin-is-best-for-melasma\/#The_Role_of_Vitamins_in_Melasma_Treatment\" >Il ruolo delle vitamine nel trattamento del melasma<\/a><\/li><li class='ez-toc-page-1 ez-toc-heading-level-2'><a class=\"ez-toc-link ez-toc-heading-3\" href=\"https:\/\/drebruokyay.com\/it\/which-vitamin-is-best-for-melasma\/#Identifying_the_Best_Vitamin_for_Your_Melasma\" >Identificare la migliore vitamina per il tuo melasma<\/a><\/li><li class='ez-toc-page-1 ez-toc-heading-level-2'><a class=\"ez-toc-link ez-toc-heading-4\" href=\"https:\/\/drebruokyay.com\/it\/which-vitamin-is-best-for-melasma\/#Personalized_Vitamin_Recommendations_for_Melasma\" >Raccomandazioni vitaminiche personalizzate per il melasma<\/a><\/li><li class='ez-toc-page-1 ez-toc-heading-level-2'><a class=\"ez-toc-link ez-toc-heading-5\" href=\"https:\/\/drebruokyay.com\/it\/which-vitamin-is-best-for-melasma\/#Frequently_Asked_Questions\" >Domande frequenti<\/a><ul class='ez-toc-list-level-3' ><li class='ez-toc-heading-level-3'><a class=\"ez-toc-link ez-toc-heading-6\" href=\"https:\/\/drebruokyay.com\/it\/which-vitamin-is-best-for-melasma\/#What_is_Melasma\" >Cos&#039;\u00e8 il melasma?<\/a><\/li><li class='ez-toc-page-1 ez-toc-heading-level-3'><a class=\"ez-toc-link ez-toc-heading-7\" href=\"https:\/\/drebruokyay.com\/it\/which-vitamin-is-best-for-melasma\/#How_Do_Vitamins_Help_Treat_Melasma\" >In che modo le vitamine aiutano a trattare il melasma?<\/a><\/li><li class='ez-toc-page-1 ez-toc-heading-level-3'><a class=\"ez-toc-link ez-toc-heading-8\" href=\"https:\/\/drebruokyay.com\/it\/which-vitamin-is-best-for-melasma\/#Which_Vitamin_is_Best_for_My_Melasma\" >Quale vitamina \u00e8 migliore per il mio melasma?<\/a><\/li><li class='ez-toc-page-1 ez-toc-heading-level-3'><a class=\"ez-toc-link ez-toc-heading-9\" href=\"https:\/\/drebruokyay.com\/it\/which-vitamin-is-best-for-melasma\/#How_Can_I_Incorporate_Vitamins_into_My_Melasma_Treatment\" >Come posso integrare le vitamine nel trattamento del melasma?<\/a><\/li><li class='ez-toc-page-1 ez-toc-heading-level-3'><a class=\"ez-toc-link ez-toc-heading-10\" href=\"https:\/\/drebruokyay.com\/it\/which-vitamin-is-best-for-melasma\/#Should_I_Consult_a_Dermatologist_for_Melasma_Treatment\" >Dovrei consultare un dermatologo per il trattamento del melasma?<\/a><\/li><\/ul><\/li><\/ul><\/nav><\/div>\n<h2 class=\"wp-block-heading\"><span class=\"ez-toc-section\" id=\"Understanding_Melasma_A_Common_Skin_Condition\"><\/span>Capire il melasma: una condizione comune della pelle<span class=\"ez-toc-section-end\"><\/span><\/h2>\n\n\n\n<p>Il melasma colpisce milioni di persone in tutto il mondo, in particolare quelle con carnagione scura. Di solito si manifesta sul viso, pi\u00f9 comunemente sulle guance, sulla fronte e sul labbro superiore. Le macchie scure sono causate da un aumento della produzione di melanina, il pigmento che conferisce il colore alla pelle. Il melasma pu\u00f2 essere classificato in tre tipi: epidermico, dermico e misto, a seconda della profondit\u00e0 della decolorazione della pelle.<\/p>\n\n\n\n<h2 class=\"wp-block-heading\"><span class=\"ez-toc-section\" id=\"The_Role_of_Vitamins_in_Melasma_Treatment\"><\/span>Il ruolo delle vitamine nel trattamento del melasma<span class=\"ez-toc-section-end\"><\/span><\/h2>\n\n\n\n<p>Le vitamine sono nutrienti essenziali che svolgono un ruolo fondamentale nel mantenimento della salute della pelle e nella prevenzione dei danni cutanei. Nel caso del melasma, alcune vitamine si sono rivelate particolarmente utili nel ridurre la comparsa di macchie scure. Queste vitamine agiscono inibendo la produzione di melanina, proteggendo la pelle dai danni del sole e promuovendo il ricambio cellulare della pelle.<\/p>\n\n\n\n<h2 class=\"wp-block-heading\"><span class=\"ez-toc-section\" id=\"Identifying_the_Best_Vitamin_for_Your_Melasma\"><\/span>Identificare la migliore vitamina per il tuo melasma<span class=\"ez-toc-section-end\"><\/span><\/h2>\n\n\n\n<p>La migliore vitamina per il melasma dipende dal tipo di pelle dell&#039;individuo, dalla gravit\u00e0 della condizione e da altri fattori. Alcune delle vitamine pi\u00f9 comunemente raccomandate per il melasma includono:<\/p>\n\n\n\n<ul class=\"wp-block-list\">\n<li>Vitamina C: un potente antiossidante che inibisce la produzione di melanina e protegge la pelle dai danni del sole.<\/li>\n\n\n\n<li>Vitamina E: un altro antiossidante che aiuta a proteggere la pelle dai danni dei radicali liberi e favorisce il ricambio cellulare.<\/li>\n\n\n\n<li>Niacinamide (vitamina B3): una forma di vitamina B3 che aiuta a ridurre l&#039;infiammazione e a schiarire le macchie scure.<\/li>\n\n\n\n<li>Acido tranexamico: un amminoacido sintetico che inibisce la produzione di melanina e riduce la comparsa delle macchie scure.<\/li>\n<\/ul>\n\n\n\n<h2 class=\"wp-block-heading\"><span class=\"ez-toc-section\" id=\"Personalized_Vitamin_Recommendations_for_Melasma\"><\/span>Raccomandazioni vitaminiche personalizzate per il melasma<span class=\"ez-toc-section-end\"><\/span><\/h2>\n\n\n\n<p>Per determinare la vitamina pi\u00f9 adatta per il melasma, \u00e8 essenziale consultare un dermatologo o un professionista sanitario. Questi professionisti possono valutare il tipo di pelle, la gravit\u00e0 del melasma e le eventuali condizioni mediche sottostanti, per consigliare la vitamina o la combinazione di vitamine pi\u00f9 appropriata. Le raccomandazioni vitaminiche personalizzate possono includere:<\/p>\n\n\n\n<ul class=\"wp-block-list\">\n<li>Applicazione topica di sieri o creme alla vitamina C o alla niacinamide<\/li>\n\n\n\n<li>Integratori orali di vitamina E o acido tranexamico<\/li>\n\n\n\n<li>Una combinazione di trattamenti topici e orali<\/li>\n<\/ul>\n\n\n\n<p>Le vitamine svolgono un ruolo significativo nella gestione del melasma, riducendo la comparsa di macchie scure e impedendone il peggioramento. Comprendendo le vitamine specifiche che sono benefiche per il melasma e cercando consigli personalizzati da un professionista sanitario, le persone possono incorporare efficacemente le vitamine nella loro routine di cura della pelle per migliorare la salute e l&#039;aspetto della loro pelle.<\/p>\n\n\n\n<h2 class=\"wp-block-heading\"><span class=\"ez-toc-section\" id=\"Frequently_Asked_Questions\"><\/span><strong>Domande frequenti<\/strong><span class=\"ez-toc-section-end\"><\/span><\/h2>\n\n\n\n<h3 class=\"wp-block-heading\"><span class=\"ez-toc-section\" id=\"What_is_Melasma\"><\/span>Cos&#039;\u00e8 il melasma?<span class=\"ez-toc-section-end\"><\/span><\/h3>\n\n\n\n<p>Il melasma \u00e8 una comune condizione della pelle caratterizzata da chiazze scure e scolorite sul viso. Queste chiazze sono spesso innescate dall&#039;esposizione al sole, dai cambiamenti ormonali o da alcuni farmaci. Sebbene non esista una cura definitiva, vari trattamenti possono aiutare a schiarire la decolorazione e a prevenire un ulteriore peggioramento.<\/p>\n\n\n\n<h3 class=\"wp-block-heading\"><span class=\"ez-toc-section\" id=\"How_Do_Vitamins_Help_Treat_Melasma\"><\/span>In che modo le vitamine aiutano a trattare il melasma?<span class=\"ez-toc-section-end\"><\/span><\/h3>\n\n\n\n<p>Alcune vitamine svolgono un ruolo cruciale nella gestione del melasma. Agiscono inibendo la produzione di melanina, proteggendo la pelle dai danni del sole e promuovendo il ricambio cellulare della pelle. Vitamine come la vitamina C, la vitamina E, la niacinamide e l&#039;acido tranexamico sono particolarmente utili nel ridurre la comparsa di macchie scure.<\/p>\n\n\n\n<figure class=\"wp-block-image size-large\"><img fetchpriority=\"high\" decoding=\"async\" width=\"1024\" height=\"576\" src=\"https:\/\/drebruokyay.com\/wp-content\/uploads\/2024\/11\/image-44-1024x576.png\" alt=\"\" class=\"wp-image-1053\" srcset=\"https:\/\/drebruokyay.com\/wp-content\/uploads\/2024\/11\/image-44-1024x576.png 1024w, https:\/\/drebruokyay.com\/wp-content\/uploads\/2024\/11\/image-44-300x169.png 300w, https:\/\/drebruokyay.com\/wp-content\/uploads\/2024\/11\/image-44-768x432.png 768w, https:\/\/drebruokyay.com\/wp-content\/uploads\/2024\/11\/image-44-1536x864.png 1536w, https:\/\/drebruokyay.com\/wp-content\/uploads\/2024\/11\/image-44.png 1920w\" sizes=\"(max-width: 1024px) 100vw, 1024px\" \/><\/figure>\n\n\n\n<h3 class=\"wp-block-heading\"><span class=\"ez-toc-section\" id=\"Which_Vitamin_is_Best_for_My_Melasma\"><\/span>Quale vitamina \u00e8 migliore per il mio melasma?<span class=\"ez-toc-section-end\"><\/span><\/h3>\n\n\n\n<p>La vitamina migliore per il tuo melasma dipende da fattori come il tipo di pelle, la gravit\u00e0 della condizione e altri fattori sottostanti. Un dermatologo pu\u00f2 valutare le tue esigenze specifiche e consigliare la vitamina o la combinazione di vitamine pi\u00f9 adatta.<\/p>\n\n\n\n<figure class=\"wp-block-image size-large\"><img decoding=\"async\" width=\"1024\" height=\"445\" src=\"https:\/\/drebruokyay.com\/wp-content\/uploads\/2024\/11\/image-45-1024x445.png\" alt=\"\" class=\"wp-image-1054\" srcset=\"https:\/\/drebruokyay.com\/wp-content\/uploads\/2024\/11\/image-45-1024x445.png 1024w, https:\/\/drebruokyay.com\/wp-content\/uploads\/2024\/11\/image-45-300x130.png 300w, https:\/\/drebruokyay.com\/wp-content\/uploads\/2024\/11\/image-45-768x334.png 768w, https:\/\/drebruokyay.com\/wp-content\/uploads\/2024\/11\/image-45.png 1150w\" sizes=\"(max-width: 1024px) 100vw, 1024px\" \/><\/figure>\n\n\n\n<h3 class=\"wp-block-heading\"><span class=\"ez-toc-section\" id=\"How_Can_I_Incorporate_Vitamins_into_My_Melasma_Treatment\"><\/span>Come posso integrare le vitamine nel trattamento del melasma?<span class=\"ez-toc-section-end\"><\/span><\/h3>\n\n\n\n<p>Le vitamine possono essere integrate nella tua routine di cura della pelle attraverso vari metodi:<\/p>\n\n\n\n<ul class=\"wp-block-list\">\n<li><strong>Applicazione topica:<\/strong> Sieri e creme contenenti vitamina C o niacinamide possono essere applicati direttamente sulle zone interessate.<\/li>\n\n\n\n<li><strong>Integratori orali:<\/strong> Gli integratori di vitamina E o acido tranexamico possono essere assunti per via orale per apportare benefici sistemici.<\/li>\n<\/ul>\n\n\n\n<h3 class=\"wp-block-heading\"><span class=\"ez-toc-section\" id=\"Should_I_Consult_a_Dermatologist_for_Melasma_Treatment\"><\/span>Dovrei consultare un dermatologo per il trattamento del melasma?<span class=\"ez-toc-section-end\"><\/span><\/h3>\n\n\n\n<p>Si consiglia vivamente di consultare un dermatologo per una diagnosi corretta e un piano di trattamento personalizzato. Pu\u00f2 valutare le condizioni della tua pelle, consigliarti le vitamine adatte e guidarti attraverso il processo di trattamento.<\/p>\n\n\n\n<p>Scopri la competenza della Dott.ssa Ebru Okyay, la tua dottoressa di fiducia\u00a0<a href=\"https:\/\/drebruokyay.com\/it\/chi-siamo\/\" target=\"_blank\" rel=\"noreferrer noopener\">dermatologo<\/a>\u00a0In\u00a0<a href=\"https:\/\/antalya.goturkiye.com\/homepage\" target=\"_blank\" rel=\"noreferrer noopener nofollow\">Adalia<\/a>. Che tu voglia risolvere problemi di pelle di natura medica o migliorare la tua bellezza naturale con trattamenti cosmetici, il dott. Okyay \u00e8 qui per aiutarti. Con cure personalizzate e tecniche avanzate, raggiungere i tuoi obiettivi per la pelle non \u00e8 mai stato cos\u00ec facile.<\/p>","protected":false},"excerpt":{"rendered":"<p>Il melasma, una condizione cutanea comune, \u00e8 causato da una sovrapproduzione di melanina. Vitamine, come la vitamina C e la niacinamide, possono aiutare a ridurre la produzione di melanina e a schiarire l&#039;aspetto del melasma. Scopri quale vitamina \u00e8 pi\u00f9 efficace per le tue esigenze specifiche e come integrarla nella tua routine di cura della pelle.<\/p>","protected":false},"author":1,"featured_media":1052,"comment_status":"open","ping_status":"open","sticky":false,"template":"","format":"standard","meta":{"_daextam_enable_autolinks":"1","site-sidebar-layout":"default","site-content-layout":"","ast-site-content-layout":"","site-content-style":"default","site-sidebar-style":"default","ast-global-header-display":"","ast-banner-title-visibility":"","ast-main-header-display":"","ast-hfb-above-header-display":"","ast-hfb-below-header-display":"","ast-hfb-mobile-header-display":"","site-post-title":"","ast-breadcrumbs-content":"","ast-featured-img":"","footer-sml-layout":"","ast-disable-related-posts":"","theme-transparent-header-meta":"","adv-header-id-meta":"","stick-header-meta":"","header-above-stick-meta":"","header-main-stick-meta":"","header-below-stick-meta":"","astra-migrate-meta-layouts":"default","ast-page-background-enabled":"default","ast-page-background-meta":{"desktop":{"background-color":"var(--ast-global-color-4)","background-image":"","background-repeat":"repeat","background-position":"center center","background-size":"auto","background-attachment":"scroll","background-type":"","background-media":"","overlay-type":"","overlay-color":"","overlay-opacity":"","overlay-gradient":""},"tablet":{"background-color":"","background-image":"","background-repeat":"repeat","background-position":"center center","background-size":"auto","background-attachment":"scroll","background-type":"","background-media":"","overlay-type":"","overlay-color":"","overlay-opacity":"","overlay-gradient":""},"mobile":{"background-color":"","background-image":"","background-repeat":"repeat","background-position":"center center","background-size":"auto","background-attachment":"scroll","background-type":"","background-media":"","overlay-type":"","overlay-color":"","overlay-opacity":"","overlay-gradient":""}},"ast-content-background-meta":{"desktop":{"background-color":"var(--ast-global-color-5)","background-image":"","background-repeat":"repeat","background-position":"center center","background-size":"auto","background-attachment":"scroll","background-type":"","background-media":"","overlay-type":"","overlay-color":"","overlay-opacity":"","overlay-gradient":""},"tablet":{"background-color":"var(--ast-global-color-5)","background-image":"","background-repeat":"repeat","background-position":"center center","background-size":"auto","background-attachment":"scroll","background-type":"","background-media":"","overlay-type":"","overlay-color":"","overlay-opacity":"","overlay-gradient":""},"mobile":{"background-color":"var(--ast-global-color-5)","background-image":"","background-repeat":"repeat","background-position":"center center","background-size":"auto","background-attachment":"scroll","background-type":"","background-media":"","overlay-type":"","overlay-color":"","overlay-opacity":"","overlay-gradient":""}},"footnotes":""},"categories":[10],"tags":[],"class_list":["post-1034","post","type-post","status-publish","format-standard","has-post-thumbnail","hentry","category-common-skin-diseases"],"_links":{"self":[{"href":"https:\/\/drebruokyay.com\/it\/wp-json\/wp\/v2\/posts\/1034","targetHints":{"allow":["GET"]}}],"collection":[{"href":"https:\/\/drebruokyay.com\/it\/wp-json\/wp\/v2\/posts"}],"about":[{"href":"https:\/\/drebruokyay.com\/it\/wp-json\/wp\/v2\/types\/post"}],"author":[{"embeddable":true,"href":"https:\/\/drebruokyay.com\/it\/wp-json\/wp\/v2\/users\/1"}],"replies":[{"embeddable":true,"href":"https:\/\/drebruokyay.com\/it\/wp-json\/wp\/v2\/comments?post=1034"}],"version-history":[{"count":1,"href":"https:\/\/drebruokyay.com\/it\/wp-json\/wp\/v2\/posts\/1034\/revisions"}],"predecessor-version":[{"id":1055,"href":"https:\/\/drebruokyay.com\/it\/wp-json\/wp\/v2\/posts\/1034\/revisions\/1055"}],"wp:featuredmedia":[{"embeddable":true,"href":"https:\/\/drebruokyay.com\/it\/wp-json\/wp\/v2\/media\/1052"}],"wp:attachment":[{"href":"https:\/\/drebruokyay.com\/it\/wp-json\/wp\/v2\/media?parent=1034"}],"wp:term":[{"taxonomy":"category","embeddable":true,"href":"https:\/\/drebruokyay.com\/it\/wp-json\/wp\/v2\/categories?post=1034"},{"taxonomy":"post_tag","embeddable":true,"href":"https:\/\/drebruokyay.com\/it\/wp-json\/wp\/v2\/tags?post=1034"}],"curies":[{"name":"parola chiave","href":"https:\/\/api.w.org\/{rel}","templated":true}]}}