{"id":2114,"date":"2025-04-07T10:43:58","date_gmt":"2025-04-07T09:43:58","guid":{"rendered":"https:\/\/drebruokyay.com\/?p=2114"},"modified":"2025-05-01T11:37:03","modified_gmt":"2025-05-01T10:37:03","slug":"abaissement-de-la-ligne-des-cheveux-a-antalya","status":"publish","type":"post","link":"https:\/\/drebruokyay.com\/fr\/hairline-lowering-antalya\/","title":{"rendered":"Abaissement de la ligne frontale \u00e0 Antalya\u00a0: votre guide complet pour un front \u00e9quilibr\u00e9"},"content":{"rendered":"<p>Une structure faciale \u00e9quilibr\u00e9e et harmonieuse est souvent consid\u00e9r\u00e9e comme un aspect essentiel de l&#039;esth\u00e9tique. La position et la forme de la ligne frontale sont des facteurs importants qui contribuent \u00e0 cet \u00e9quilibre. Une ligne frontale haute ou d\u00e9garnie peut donner l&#039;impression d&#039;un front large, que certaines personnes trouvent disproportionn\u00e9 ou vieillissant. Alors que les traitements contre la chute de cheveux et la greffe de cheveux traitent les probl\u00e8mes de densit\u00e9 et de r\u00e9cession caus\u00e9s par des affections comme l&#039;alop\u00e9cie androg\u00e9n\u00e9tique (calvitie masculine ou f\u00e9minine), l&#039;abaissement chirurgical de la ligne frontale, \u00e9galement appel\u00e9 r\u00e9duction ou avancement chirurgical de la ligne frontale, est une intervention sp\u00e9cifiquement con\u00e7ue pour d\u00e9placer le cuir chevelu vers l&#039;avant, diminuant ainsi la hauteur verticale du front. <\/p>\n\n\n\n<p>Consid\u00e9rant <strong>Abaissement de la ligne des cheveux \u00e0 Antalya<\/strong> est devenue une option de plus en plus populaire pour ceux qui recherchent cette am\u00e9lioration esth\u00e9tique, combinant l&#039;acc\u00e8s \u00e0 des professionnels de la sant\u00e9 exp\u00e9riment\u00e9s avec l&#039;attrait d&#039;une destination internationale dynamique.<\/p>\n\n\n\n<p>D&#039;un point de vue m\u00e9dical, il est essentiel de comprendre l&#039;anatomie du front et du cuir chevelu avant d&#039;envisager toute intervention. Le front est la zone d\u00e9limit\u00e9e en haut par la ligne des cheveux, en bas par les sourcils et en dehors par les cr\u00eates temporales. Sa hauteur est un facteur d\u00e9terminant de l&#039;\u00e9quilibre facial global. Le cuir chevelu lui-m\u00eame est une structure complexe compos\u00e9e de plusieurs couches\u00a0: la peau, le tissu sous-cutan\u00e9, la galea apon\u00e9vrotique, une couche de tissu ar\u00e9olaire l\u00e2che et, enfin, le p\u00e9rioste recouvrant le cr\u00e2ne. L&#039;\u00e9lasticit\u00e9 du cuir chevelu est un facteur d\u00e9terminant pour d\u00e9terminer l&#039;avanc\u00e9e potentielle de la ligne des cheveux r\u00e9alisable par abaissement chirurgical. Un cuir chevelu bien rel\u00e2ch\u00e9 peut \u00eatre \u00e9tir\u00e9 plus facilement pour couvrir la zone de peau frontale retir\u00e9e.<\/p>\n\n\n\n<figure class=\"wp-block-image size-large\"><img fetchpriority=\"high\" decoding=\"async\" width=\"1024\" height=\"559\" src=\"https:\/\/drebruokyay.com\/wp-content\/uploads\/2025\/05\/image-1-1024x559.png\" alt=\"\" class=\"wp-image-2116\" srcset=\"https:\/\/drebruokyay.com\/wp-content\/uploads\/2025\/05\/image-1-1024x559.png 1024w, https:\/\/drebruokyay.com\/wp-content\/uploads\/2025\/05\/image-1-300x164.png 300w, https:\/\/drebruokyay.com\/wp-content\/uploads\/2025\/05\/image-1-768x419.png 768w, https:\/\/drebruokyay.com\/wp-content\/uploads\/2025\/05\/image-1-18x10.png 18w, https:\/\/drebruokyay.com\/wp-content\/uploads\/2025\/05\/image-1.png 1408w\" sizes=\"(max-width: 1024px) 100vw, 1024px\" \/><\/figure>\n\n\n\n<div id=\"ez-toc-container\" class=\"ez-toc-v2_0_82_2 ez-toc-wrap-left counter-hierarchy ez-toc-counter ez-toc-transparent ez-toc-container-direction\">\n<div class=\"ez-toc-title-container\">\n<p class=\"ez-toc-title\" style=\"cursor:inherit\">Table des mati\u00e8res<\/p>\n<span class=\"ez-toc-title-toggle\"><a href=\"#\" class=\"ez-toc-pull-right ez-toc-btn ez-toc-btn-xs ez-toc-btn-default ez-toc-toggle\" aria-label=\"Toggle Table des mati\u00e8res\"><span class=\"ez-toc-js-icon-con\"><span class=\"\"><span class=\"eztoc-hide\" style=\"display:none;\">Basculer<\/span><span class=\"ez-toc-icon-toggle-span\"><svg style=\"fill: #999;color:#999\" xmlns=\"http:\/\/www.w3.org\/2000\/svg\" class=\"list-377408\" width=\"20px\" height=\"20px\" viewbox=\"0 0 24 24\" fill=\"none\"><path d=\"M6 6H4v2h2V6zm14 0H8v2h12V6zM4 11h2v2H4v-2zm16 0H8v2h12v-2zM4 16h2v2H4v-2zm16 0H8v2h12v-2z\" fill=\"currentColor\"><\/path><\/svg><svg style=\"fill: #999;color:#999\" class=\"arrow-unsorted-368013\" xmlns=\"http:\/\/www.w3.org\/2000\/svg\" width=\"10px\" height=\"10px\" viewbox=\"0 0 24 24\" version=\"1.2\" baseprofile=\"tiny\"><path d=\"M18.2 9.3l-6.2-6.3-6.2 6.3c-.2.2-.3.4-.3.7s.1.5.3.7c.2.2.4.3.7.3h11c.3 0 .5-.1.7-.3.2-.2.3-.5.3-.7s-.1-.5-.3-.7zM5.8 14.7l6.2 6.3 6.2-6.3c.2-.2.3-.5.3-.7s-.1-.5-.3-.7c-.2-.2-.4-.3-.7-.3h-11c-.3 0-.5.1-.7.3-.2.2-.3.5-.3.7s.1.5.3.7z\"\/><\/svg><\/span><\/span><\/span><\/a><\/span><\/div>\n<nav><ul class='ez-toc-list ez-toc-list-level-1' ><li class='ez-toc-page-1 ez-toc-heading-level-2'><a class=\"ez-toc-link ez-toc-heading-1\" href=\"https:\/\/drebruokyay.com\/fr\/hairline-lowering-antalya\/#Understanding_the_Anatomy_and_Aesthetics_of_the_Forehead\" >Comprendre l&#039;anatomie et l&#039;esth\u00e9tique du front<\/a><\/li><li class='ez-toc-page-1 ez-toc-heading-level-2'><a class=\"ez-toc-link ez-toc-heading-2\" href=\"https:\/\/drebruokyay.com\/fr\/hairline-lowering-antalya\/#The_Rationale_Behind_Seeking_Hairline_Lowering\" >La raison derri\u00e8re la recherche d&#039;un abaissement de la ligne capillaire<\/a><\/li><li class='ez-toc-page-1 ez-toc-heading-level-2'><a class=\"ez-toc-link ez-toc-heading-3\" href=\"https:\/\/drebruokyay.com\/fr\/hairline-lowering-antalya\/#Surgical_Hairline_Advancement_The_Procedure_Explained\" >Avancement chirurgical de la ligne capillaire\u00a0: la proc\u00e9dure expliqu\u00e9e<\/a><ul class='ez-toc-list-level-3' ><li class='ez-toc-heading-level-3'><a class=\"ez-toc-link ez-toc-heading-4\" href=\"https:\/\/drebruokyay.com\/fr\/hairline-lowering-antalya\/#The_Pre-Operative_Phase\" >La phase pr\u00e9op\u00e9ratoire<\/a><\/li><li class='ez-toc-page-1 ez-toc-heading-level-3'><a class=\"ez-toc-link ez-toc-heading-5\" href=\"https:\/\/drebruokyay.com\/fr\/hairline-lowering-antalya\/#The_Surgical_Procedure\" >La proc\u00e9dure chirurgicale<\/a><\/li><li class='ez-toc-page-1 ez-toc-heading-level-3'><a class=\"ez-toc-link ez-toc-heading-6\" href=\"https:\/\/drebruokyay.com\/fr\/hairline-lowering-antalya\/#Technical_Considerations_and_Anatomical_Structures\" >Consid\u00e9rations techniques et structures anatomiques<\/a><\/li><\/ul><\/li><li class='ez-toc-page-1 ez-toc-heading-level-2'><a class=\"ez-toc-link ez-toc-heading-7\" href=\"https:\/\/drebruokyay.com\/fr\/hairline-lowering-antalya\/#Suitability_and_Candidate_Selection_for_Hairline_Lowering\" >Admissibilit\u00e9 et s\u00e9lection des candidats pour l&#039;abaissement de la ligne capillaire<\/a><\/li><li class='ez-toc-page-1 ez-toc-heading-level-2'><a class=\"ez-toc-link ez-toc-heading-8\" href=\"https:\/\/drebruokyay.com\/fr\/hairline-lowering-antalya\/#The_Consultation_Process_A_Critical_First_Step\" >Le processus de consultation : une premi\u00e8re \u00e9tape cruciale<\/a><\/li><li class='ez-toc-page-1 ez-toc-heading-level-2'><a class=\"ez-toc-link ez-toc-heading-9\" href=\"https:\/\/drebruokyay.com\/fr\/hairline-lowering-antalya\/#Potential_Risks_and_Complications_of_Hairline_Lowering\" >Risques et complications potentiels li\u00e9s \u00e0 l&#039;abaissement de la ligne capillaire<\/a><\/li><li class='ez-toc-page-1 ez-toc-heading-level-2'><a class=\"ez-toc-link ez-toc-heading-10\" href=\"https:\/\/drebruokyay.com\/fr\/hairline-lowering-antalya\/#The_Recovery_Journey_After_Hairline_Lowering\" >Le parcours de r\u00e9cup\u00e9ration apr\u00e8s l&#039;abaissement de la ligne frontale<\/a><ul class='ez-toc-list-level-3' ><li class='ez-toc-heading-level-3'><a class=\"ez-toc-link ez-toc-heading-11\" href=\"https:\/\/drebruokyay.com\/fr\/hairline-lowering-antalya\/#Immediate_Post-Operative_Period_First_Few_Days\" >P\u00e9riode postop\u00e9ratoire imm\u00e9diate (premiers jours)<\/a><\/li><li class='ez-toc-page-1 ez-toc-heading-level-3'><a class=\"ez-toc-link ez-toc-heading-12\" href=\"https:\/\/drebruokyay.com\/fr\/hairline-lowering-antalya\/#First_Week\" >Premi\u00e8re semaine<\/a><\/li><li class='ez-toc-page-1 ez-toc-heading-level-3'><a class=\"ez-toc-link ez-toc-heading-13\" href=\"https:\/\/drebruokyay.com\/fr\/hairline-lowering-antalya\/#Weeks_2-4\" >Semaines 2 \u00e0 4<\/a><\/li><li class='ez-toc-page-1 ez-toc-heading-level-3'><a class=\"ez-toc-link ez-toc-heading-14\" href=\"https:\/\/drebruokyay.com\/fr\/hairline-lowering-antalya\/#Months_1-6\" >Mois 1 \u00e0 6<\/a><\/li><li class='ez-toc-page-1 ez-toc-heading-level-3'><a class=\"ez-toc-link ez-toc-heading-15\" href=\"https:\/\/drebruokyay.com\/fr\/hairline-lowering-antalya\/#Beyond_6_Months\" >Au-del\u00e0 de 6 mois<\/a><\/li><\/ul><\/li><li class='ez-toc-page-1 ez-toc-heading-level-2'><a class=\"ez-toc-link ez-toc-heading-16\" href=\"https:\/\/drebruokyay.com\/fr\/hairline-lowering-antalya\/#Hairline_Lowering_vs_Hair_Transplantation_Choosing_the_Right_Procedure\" >Abaissement de la ligne capillaire ou greffe de cheveux\u00a0: choisir la bonne proc\u00e9dure<\/a><\/li><li class='ez-toc-page-1 ez-toc-heading-level-2'><a class=\"ez-toc-link ez-toc-heading-17\" href=\"https:\/\/drebruokyay.com\/fr\/hairline-lowering-antalya\/#Considering_Antalya_for_Hairline_Lowering_Surgery\" >Envisager Antalya pour une chirurgie d&#039;abaissement de la ligne capillaire<\/a><\/li><li class='ez-toc-page-1 ez-toc-heading-level-2'><a class=\"ez-toc-link ez-toc-heading-18\" href=\"https:\/\/drebruokyay.com\/fr\/hairline-lowering-antalya\/#Expected_Results_and_Managing_Expectations\" >R\u00e9sultats attendus et gestion des attentes<\/a><\/li><li class='ez-toc-page-1 ez-toc-heading-level-2'><a class=\"ez-toc-link ez-toc-heading-19\" href=\"https:\/\/drebruokyay.com\/fr\/hairline-lowering-antalya\/#Long-Term_Care_and_Follow-up\" >Soins de longue dur\u00e9e et suivi<\/a><\/li><li class='ez-toc-page-1 ez-toc-heading-level-2'><a class=\"ez-toc-link ez-toc-heading-20\" href=\"https:\/\/drebruokyay.com\/fr\/hairline-lowering-antalya\/#Conclusion\" >Conclusion<\/a><\/li><\/ul><\/nav><\/div>\n<h2 class=\"wp-block-heading\"><span class=\"ez-toc-section\" id=\"Understanding_the_Anatomy_and_Aesthetics_of_the_Forehead\"><\/span>Comprendre l&#039;anatomie et l&#039;esth\u00e9tique du front<span class=\"ez-toc-section-end\"><\/span><\/h2>\n\n\n\n<p>La dimension verticale du front se mesure g\u00e9n\u00e9ralement de la glabelle (la zone lisse entre les sourcils) \u00e0 la ligne m\u00e9diane des cheveux. Bien qu&#039;il n&#039;existe pas de hauteur de front \u00ab id\u00e9ale \u00bb, on estime souvent qu&#039;elle se situe entre 5 et 7 centim\u00e8tres. Tout \u00e9cart par rapport \u00e0 cette valeur, notamment au-del\u00e0 de cette valeur, peut \u00eatre per\u00e7u comme un front haut.<\/p>\n\n\n\n<p>Une ligne frontale haute peut \u00eatre cong\u00e9nitale (pr\u00e9sente d\u00e8s la naissance) ou acquise, souvent due \u00e0 des facteurs tels que le vieillissement, certaines coiffures provoquant une alop\u00e9cie de traction, des interventions chirurgicales ant\u00e9rieures ou simplement des facteurs g\u00e9n\u00e9tiques. Elle peut contribuer \u00e0 une sensation de disproportion, allonger le visage ou dominer la structure globale du visage.<\/p>\n\n\n\n<p>L&#039;objectif de l&#039;abaissement de la ligne frontale n&#039;est pas seulement de repousser les cheveux vers l&#039;avant, mais aussi de cr\u00e9er des proportions faciales plus esth\u00e9tiques et \u00e9quilibr\u00e9es. Cela n\u00e9cessite une planification minutieuse pour garantir que la nouvelle position de la ligne frontale soit naturelle, compl\u00e8te les traits du visage et pr\u00e9serve l&#039;harmonie avec les sourcils et les autres \u00e9l\u00e9ments du visage.<\/p>\n\n\n\n<p>Selon , si l&#039;intervention chirurgicale elle-m\u00eame rel\u00e8ve de la comp\u00e9tence des chirurgiens plasticiens ou maxillo-faciaux, la sant\u00e9 du cuir chevelu et des follicules pileux est primordiale avant et apr\u00e8s l&#039;intervention. Un dermatologue peut \u00eatre impliqu\u00e9 dans l&#039;\u00e9valuation de l&#039;\u00e9tat du cuir chevelu, le diagnostic d&#039;\u00e9ventuels probl\u00e8mes sous-jacents de perte de cheveux (qui pourraient influencer la pertinence d&#039;un abaissement de la ligne frontale par rapport \u00e0 une greffe de cheveux ou \u00e0 une approche combin\u00e9e), et fournir des conseils sur la gestion des cicatrices et la sant\u00e9 du cuir chevelu apr\u00e8s l&#039;op\u00e9ration. Des affections telles que la dermatite s\u00e9borrh\u00e9ique, le psoriasis du cuir chevelu ou la perte de cheveux active doivent \u00eatre trait\u00e9es et contr\u00f4l\u00e9es avant d&#039;envisager une intervention chirurgicale afin de garantir une cicatrisation et une croissance capillaire optimales le long de la nouvelle ligne frontale.<\/p>\n\n\n\n<h2 class=\"wp-block-heading\"><span class=\"ez-toc-section\" id=\"The_Rationale_Behind_Seeking_Hairline_Lowering\"><\/span>La raison derri\u00e8re la recherche d&#039;un abaissement de la ligne capillaire<span class=\"ez-toc-section-end\"><\/span><\/h2>\n\n\n\n<p>Les individus recherchent l\u2019abaissement de la ligne des cheveux pour diverses raisons, principalement ax\u00e9es sur l\u2019am\u00e9lioration de l\u2019esth\u00e9tique du visage et sur la prise en compte de l\u2019impact psychologique d\u2019un front haut.<\/p>\n\n\n\n<ul class=\"wp-block-list\">\n<li><strong>Proportions faciales am\u00e9lior\u00e9es\u00a0:<\/strong> Un front haut peut perturber l&#039;\u00e9quilibre visuel du visage. En abaissant la ligne des cheveux, le visage para\u00eet plus \u00e9quilibr\u00e9, le front occupant une zone plus proportionn\u00e9e du haut du visage. Cela peut conduire \u00e0 une proportion plus esth\u00e9tique, selon la r\u00e8gle des tiers, o\u00f9 le visage est divis\u00e9 en tiers verticaux \u00e0 peu pr\u00e8s \u00e9gaux\u00a0: de la ligne des cheveux \u00e0 la glabelle, de la glabelle \u00e0 la base du nez, et de la base du nez au menton.<\/li>\n\n\n\n<li><strong>F\u00e9minit\u00e9 renforc\u00e9e :<\/strong> Chez les femmes, une ligne de cheveux plus basse et plus arrondie est souvent associ\u00e9e \u00e0 la f\u00e9minit\u00e9. Une ligne de cheveux haute ou recul\u00e9e peut masculiniser le haut du visage. L&#039;abaissement de la ligne de cheveux peut adoucir les traits du visage et cr\u00e9er une apparence plus traditionnellement f\u00e9minine.<\/li>\n\n\n\n<li><strong>Confiance et estime de soi accrues :<\/strong> Un trait qui g\u00eane une personne, comme un front haut, peut avoir un impact significatif sur sa confiance et son estime de soi. Corriger ce trait peut avoir des effets b\u00e9n\u00e9fiques sur le plan psychologique, permettant aux individus de se sentir plus \u00e0 l&#039;aise et plus confiants dans leur apparence.<\/li>\n\n\n\n<li><strong>Plus grande flexibilit\u00e9 de coiffure :<\/strong> Une ligne frontale haute peut limiter les choix de coiffures, car certaines personnes peuvent ressentir le besoin de couvrir leur front. Abaisser la ligne frontale peut ouvrir de nouvelles possibilit\u00e9s de coiffures, y compris celles qui exposent le front.<\/li>\n<\/ul>\n\n\n\n<p>Il est crucial de distinguer les motivations de ceux qui cherchent \u00e0 abaisser leur ligne frontale de celles des personnes qui recherchent des traitements contre la perte de cheveux. L&#039;abaissement de la ligne frontale r\u00e9pond aux besoins <em>position<\/em> d&#039;une ligne de cheveux existante et saine, tandis que la transplantation capillaire s&#039;attaque \u00e0 <em>densit\u00e9<\/em> ou <em>pr\u00e9sence<\/em> des zones touch\u00e9es par la chute de cheveux. Si certaines personnes pr\u00e9sentent \u00e0 la fois une ligne frontale haute et des zones clairsem\u00e9es, une approche combin\u00e9e peut \u00eatre b\u00e9n\u00e9fique, mais l&#039;objectif principal de l&#039;abaissement de la ligne frontale est la r\u00e9duction structurelle.<\/p>\n\n\n\n<figure class=\"wp-block-image size-large\"><img decoding=\"async\" width=\"1024\" height=\"559\" src=\"https:\/\/drebruokyay.com\/wp-content\/uploads\/2025\/04\/image-113-1024x559.png\" alt=\"\" class=\"wp-image-2118\" srcset=\"https:\/\/drebruokyay.com\/wp-content\/uploads\/2025\/04\/image-113-1024x559.png 1024w, https:\/\/drebruokyay.com\/wp-content\/uploads\/2025\/04\/image-113-300x164.png 300w, https:\/\/drebruokyay.com\/wp-content\/uploads\/2025\/04\/image-113-768x419.png 768w, https:\/\/drebruokyay.com\/wp-content\/uploads\/2025\/04\/image-113-18x10.png 18w, https:\/\/drebruokyay.com\/wp-content\/uploads\/2025\/04\/image-113.png 1408w\" sizes=\"(max-width: 1024px) 100vw, 1024px\" \/><\/figure>\n\n\n\n<h2 class=\"wp-block-heading\"><span class=\"ez-toc-section\" id=\"Surgical_Hairline_Advancement_The_Procedure_Explained\"><\/span>Avancement chirurgical de la ligne capillaire\u00a0: la proc\u00e9dure expliqu\u00e9e<span class=\"ez-toc-section-end\"><\/span><\/h2>\n\n\n\n<p>L&#039;avanc\u00e9e chirurgicale de la ligne frontale est la technique la plus courante pour l&#039;abaisser. Cette intervention consiste \u00e0 pr\u00e9lever chirurgicalement une bande de peau du front et \u00e0 avancer le cuir chevelu jusqu&#039;\u00e0 la nouvelle limite inf\u00e9rieure du front. L&#039;ampleur de l&#039;avanc\u00e9e possible d\u00e9pend directement de l&#039;\u00e9lasticit\u00e9 du cuir chevelu du patient.<\/p>\n\n\n\n<h3 class=\"wp-block-heading\"><span class=\"ez-toc-section\" id=\"The_Pre-Operative_Phase\"><\/span>La phase pr\u00e9op\u00e9ratoire<span class=\"ez-toc-section-end\"><\/span><\/h3>\n\n\n\n<p>Avant l&#039;intervention, une consultation approfondie est indispensable. Elle comprend\u00a0:<\/p>\n\n\n\n<ul class=\"wp-block-list\">\n<li><strong>Ant\u00e9c\u00e9dents m\u00e9dicaux et examen :<\/strong> Le chirurgien recueillera un historique m\u00e9dical d\u00e9taill\u00e9, incluant les \u00e9ventuels probl\u00e8mes de sant\u00e9, m\u00e9dicaments, allergies et interventions chirurgicales ant\u00e9rieures. Un examen physique du cuir chevelu et du front sera effectu\u00e9 afin d&#039;\u00e9valuer le rel\u00e2chement du cuir chevelu, la densit\u00e9 et l&#039;orientation des cheveux, ainsi que la pr\u00e9sence d&#039;\u00e9ventuelles affections du cuir chevelu.<\/li>\n\n\n\n<li><strong>Discussion des objectifs et des attentes :<\/strong> Le patient discutera de ses objectifs esth\u00e9tiques et des r\u00e9sultats escompt\u00e9s de l&#039;intervention. Le chirurgien lui expliquera les objectifs r\u00e9alistes en fonction de son anatomie et des caract\u00e9ristiques de son cuir chevelu.<\/li>\n\n\n\n<li><strong>Planification chirurgicale :<\/strong> Il s&#039;agit d&#039;une \u00e9tape cruciale. Le chirurgien mesurera soigneusement la hauteur du front et planifiera la nouvelle position de la ligne frontale. Des rep\u00e8res seront r\u00e9alis\u00e9s sur le front et le cuir chevelu pour guider l&#039;incision. L&#039;imagerie num\u00e9rique peut \u00eatre utilis\u00e9e pour simuler les r\u00e9sultats potentiels et faciliter la planification. Le chirurgien d\u00e9terminera la quantit\u00e9 de peau du front \u00e0 retirer, qui est directement li\u00e9e \u00e0 l&#039;avanc\u00e9e de la ligne frontale.<\/li>\n\n\n\n<li><strong>\u00c9valuation du rel\u00e2chement du cuir chevelu :<\/strong> C&#039;est peut-\u00eatre le facteur le plus crucial pour d\u00e9terminer l&#039;aptitude \u00e0 une chirurgie d&#039;abaissement de la ligne frontale. La laxit\u00e9 du cuir chevelu d\u00e9signe la capacit\u00e9 du cuir chevelu \u00e0 s&#039;\u00e9tirer. Le chirurgien l&#039;\u00e9valuera manuellement lors de la consultation. Un cuir chevelu plus tendu permettra une progression plus limit\u00e9e, tandis qu&#039;un cuir chevelu plus \u00e9lastique permettra une progression plus importante. Si la laxit\u00e9 du cuir chevelu est insuffisante pour obtenir l&#039;abaissement souhait\u00e9 en une seule \u00e9tape, des techniques comme l&#039;expansion tissulaire peuvent \u00eatre envisag\u00e9es, bien que cette technique soit moins courante pour l&#039;abaissement primaire de la ligne frontale et implique plusieurs \u00e9tapes.<\/li>\n\n\n\n<li><strong>Discussion sur la conception de l&#039;incision :<\/strong> Le chirurgien planifiera l&#039;incision le long de la nouvelle ligne capillaire propos\u00e9e. Une technique cl\u00e9 utilis\u00e9e pour minimiser la visibilit\u00e9 de la cicatrice est la <strong>incision trichophytique<\/strong>Ce type d&#039;incision est biseaut\u00e9 (coup\u00e9 en biais) et r\u00e9alis\u00e9 <em>dans<\/em> La ligne capillaire, plus pr\u00e9cis\u00e9ment devant les follicules pileux. L&#039;objectif est que la repousse des cheveux au niveau de la cicatrice contribue \u00e0 la camoufler et \u00e0 la rendre moins visible au fil du temps. Le dessin de l&#039;incision sera adapt\u00e9 \u00e0 la forme naturelle de la ligne capillaire (droite, courb\u00e9e, avec des points temporaux).<\/li>\n<\/ul>\n\n\n\n<h3 class=\"wp-block-heading\"><span class=\"ez-toc-section\" id=\"The_Surgical_Procedure\"><\/span>La proc\u00e9dure chirurgicale<span class=\"ez-toc-section-end\"><\/span><\/h3>\n\n\n\n<p>L&#039;intervention est g\u00e9n\u00e9ralement r\u00e9alis\u00e9e sous anesth\u00e9sie g\u00e9n\u00e9rale, bien qu&#039;une anesth\u00e9sie locale avec s\u00e9dation puisse \u00eatre envisag\u00e9e dans certains cas.<sup>1<\/sup> implique plusieurs \u00e9tapes cl\u00e9s :<\/p>\n\n\n\n<ol class=\"wp-block-list\">\n<li><strong>Administration de l&#039;anesth\u00e9sie :<\/strong> L&#039;anesth\u00e9sie est administr\u00e9e pour assurer le confort du patient et une exp\u00e9rience sans douleur pendant l&#039;intervention.<\/li>\n\n\n\n<li><strong>Incision:<\/strong> Apr\u00e8s les marquages pr\u00e9op\u00e9ratoires, le chirurgien pratique l&#039;incision le long de la nouvelle ligne frontale pr\u00e9vue, selon la technique trichophytique planifi\u00e9e. Une seconde incision est pratiqu\u00e9e horizontalement sur le front, au niveau de r\u00e9duction souhait\u00e9.<\/li>\n\n\n\n<li><strong>Excision cutan\u00e9e du front :<\/strong> La bande de peau du front situ\u00e9e entre les deux incisions est soigneusement retir\u00e9e. Sa largeur d\u00e9termine l&#039;abaissement de la ligne frontale.<\/li>\n\n\n\n<li><strong>Affaissement et avancement du cuir chevelu :<\/strong> Le chirurgien d\u00e9colle soigneusement le cuir chevelu, le s\u00e9parant de la gal\u00e9 apon\u00e9vrotique sous-jacente et parfois du p\u00e9rioste, selon la mobilit\u00e9 requise. Cette \u00e9tape d\u00e9licate n\u00e9cessite une technique pr\u00e9cise pour pr\u00e9server l&#039;apport sanguin et nerveux du cuir chevelu. L&#039;objectif est de cr\u00e9er une mobilit\u00e9 suffisante pour permettre au cuir chevelu de progresser sans tension excessive. L&#039;ampleur du d\u00e9collement est d\u00e9termin\u00e9e par l&#039;avancement requis et la laxit\u00e9 inh\u00e9rente du cuir chevelu.<\/li>\n\n\n\n<li><strong>Fixation:<\/strong> Le cuir chevelu avanc\u00e9 est ensuite avanc\u00e9 jusqu&#039;\u00e0 la ligne d&#039;incision inf\u00e9rieure. La galea apon\u00e9vrotique du lambeau de cuir chevelu avanc\u00e9 est souvent fix\u00e9e au p\u00e9rioste sous-jacent de l&#039;os frontal par des sutures. Cela assure une fixation solide pour maintenir le cuir chevelu dans sa nouvelle position et r\u00e9duit la tension sur la fermeture cutan\u00e9e.<\/li>\n\n\n\n<li><strong>Fermeture :<\/strong> Les bords cutan\u00e9s du cuir chevelu avanc\u00e9 et de la partie inf\u00e9rieure du front (d\u00e9sormais nouvelle ligne capillaire) sont soigneusement sutur\u00e9s. La nature trichophytique de l&#039;incision sup\u00e9rieure est ici cruciale, garantissant le positionnement correct des follicules pileux le long de la cicatrice et favorisant la repousse des cheveux. Plusieurs couches de sutures sont g\u00e9n\u00e9ralement utilis\u00e9es pour une fermeture s\u00fbre, en commen\u00e7ant par les couches plus profondes (comme la gal\u00e9a et le derme) et en terminant par les sutures cutan\u00e9es ou les agrafes.<\/li>\n\n\n\n<li><strong>Pansement:<\/strong> Un pansement st\u00e9rile est appliqu\u00e9 pour prot\u00e9ger le site d&#039;incision. Des drains peuvent \u00eatre mis en place temporairement pour faciliter l&#039;\u00e9vacuation de l&#039;accumulation de liquide.<\/li>\n<\/ol>\n\n\n\n<p>La dur\u00e9e de l\u2019intervention varie g\u00e9n\u00e9ralement de 1,5 \u00e0 3 heures, selon la complexit\u00e9 et l\u2019ampleur de l\u2019abaissement effectu\u00e9.<\/p>\n\n\n\n<h3 class=\"wp-block-heading\"><span class=\"ez-toc-section\" id=\"Technical_Considerations_and_Anatomical_Structures\"><\/span>Consid\u00e9rations techniques et structures anatomiques<span class=\"ez-toc-section-end\"><\/span><\/h3>\n\n\n\n<p>Au cours de l&#039;intervention, les chirurgiens doivent naviguer et prot\u00e9ger plusieurs structures anatomiques vitales :<\/p>\n\n\n\n<ul class=\"wp-block-list\">\n<li><strong>Galea apon\u00e9vrotique :<\/strong> Il s&#039;agit d&#039;une couche fibreuse r\u00e9sistante situ\u00e9e sous le tissu sous-cutan\u00e9 du cuir chevelu. Elle est essentielle \u00e0 la solidit\u00e9 du cuir chevelu et est souvent utilis\u00e9e pour la fixation pendant l&#039;intervention.<\/li>\n\n\n\n<li><strong>P\u00e9rioste:<\/strong> La membrane recouvrant l&#039;os. Fixant la gal\u00e9a au p\u00e9rioste, elle assure un ancrage solide au cuir chevelu avanc\u00e9.<\/li>\n\n\n\n<li><strong>Nerfs supraorbitaires et supratrochl\u00e9aires :<\/strong> Ces nerfs sensitifs sortent de l&#039;orbite et irriguent le front et le cuir chevelu. Ils passent juste au-dessus du p\u00e9rioste. Le chirurgien doit veiller \u00e0 ne pas endommager ces nerfs lors du d\u00e9collement, car une l\u00e9sion peut entra\u00eener un engourdissement temporaire ou permanent du front et du cuir chevelu.<\/li>\n\n\n\n<li><strong>Vaisseaux sanguins :<\/strong> Le cuir chevelu est richement irrigu\u00e9, principalement par les art\u00e8res temporales superficielles et supra-orbitaires\/supratrochl\u00e9aires. Une technique chirurgicale minutieuse est n\u00e9cessaire pour minimiser le saignement et pr\u00e9server le flux sanguin vers le lambeau de cuir chevelu avanc\u00e9 afin d&#039;assurer une bonne cicatrisation.<\/li>\n\n\n\n<li><strong>Muscle frontal :<\/strong> Ce muscle est responsable de l&#039;\u00e9l\u00e9vation des sourcils et de la formation des rides du front. Bien que l&#039;incision soit g\u00e9n\u00e9ralement pratiqu\u00e9e au-dessus de ce muscle, une compression ou une manipulation excessive pourrait potentiellement affecter sa fonction, bien que cela soit rare avec les techniques classiques d&#039;abaissement de la ligne frontale.<\/li>\n<\/ul>\n\n\n\n<p>Le <strong>incision trichophytique<\/strong> Il s&#039;agit d&#039;une technique sophistiqu\u00e9e qui distingue l&#039;abaissement de la ligne capillaire d&#039;une simple excision cutan\u00e9e suivie d&#039;une fermeture. En inclinant l&#039;incision, le chirurgien pr\u00e9serve les follicules pileux en bordure du lambeau de cuir chevelu. Lorsque le cuir chevelu est avanc\u00e9 et sutur\u00e9 \u00e0 la peau du front, ces follicules pr\u00e9serv\u00e9s sont positionn\u00e9s pour repousser \u00e0 travers la cicatrice. Cela permet de cr\u00e9er une transition d&#039;aspect naturel et de r\u00e9duire consid\u00e9rablement la visibilit\u00e9 de la cicatrice par rapport \u00e0 une incision perpendiculaire standard o\u00f9 la repousse capillaire est interrompue en bordure de la cicatrice.<\/p>\n\n\n\n<h2 class=\"wp-block-heading\"><span class=\"ez-toc-section\" id=\"Suitability_and_Candidate_Selection_for_Hairline_Lowering\"><\/span>Admissibilit\u00e9 et s\u00e9lection des candidats pour l&#039;abaissement de la ligne capillaire<span class=\"ez-toc-section-end\"><\/span><\/h2>\n\n\n\n<p>Tout le monde n&#039;est pas un bon candidat pour une intervention chirurgicale d&#039;abaissement de la ligne frontale. Une \u00e9valuation approfondie par un chirurgien exp\u00e9riment\u00e9 est essentielle pour d\u00e9terminer si l&#039;intervention est appropri\u00e9e et g\u00e9rer les attentes. Les facteurs cl\u00e9s \u00e0 prendre en compte sont les suivants\u00a0:<\/p>\n\n\n\n<ul class=\"wp-block-list\">\n<li><strong>Laxit\u00e9 du cuir chevelu :<\/strong> Comme mentionn\u00e9 pr\u00e9c\u00e9demment, il s&#039;agit du facteur le plus critique. Les personnes ayant un cuir chevelu \u00e9lastique peuvent obtenir une r\u00e9duction plus importante en une seule intervention (g\u00e9n\u00e9ralement de 1 \u00e0 3 cm, parfois plus dans certains cas). Les personnes ayant un cuir chevelu tendu peuvent n&#039;obtenir qu&#039;une r\u00e9duction minimale ou n\u00e9cessiter des interventions alternatives ou par \u00e9tapes.<\/li>\n\n\n\n<li><strong>Hauteur du front :<\/strong> Cette intervention est particuli\u00e8rement b\u00e9n\u00e9fique pour les personnes ayant un front tr\u00e8s haut (g\u00e9n\u00e9ralement &gt; 7 cm). Pour celles dont le front est l\u00e9g\u00e8rement haut, les b\u00e9n\u00e9fices potentiels peuvent ne pas compenser les risques et la cicatrice associ\u00e9s \u00e0 la chirurgie.<\/li>\n\n\n\n<li><strong>Densit\u00e9 et qualit\u00e9 des cheveux :<\/strong> Une ligne frontale saine et relativement dense est essentielle pour un r\u00e9sultat esth\u00e9tique optimal et le camouflage des cicatrices. Les personnes pr\u00e9sentant une perte de cheveux importante le long de la ligne frontale ou une calvitie active ne sont pas forc\u00e9ment des candidates id\u00e9ales pour un abaissement de la ligne frontale seul, car une perte de cheveux ult\u00e9rieure pourrait exposer la cicatrice. Dans ce cas, une approche combin\u00e9e avec une greffe de cheveux pour renforcer la nouvelle ligne frontale peut \u00eatre envisag\u00e9e.<\/li>\n\n\n\n<li><strong>Direction des cheveux :<\/strong> La direction naturelle de la croissance des cheveux le long de la ligne des cheveux est \u00e9valu\u00e9e lors de la planification pour garantir que l&#039;incision trichophytique est con\u00e7ue pour favoriser la croissance \u00e0 travers la cicatrice selon un sch\u00e9ma naturel.<\/li>\n\n\n\n<li><strong>Sant\u00e9 m\u00e9dicale :<\/strong> Les candidats doivent \u00eatre en bonne sant\u00e9 g\u00e9n\u00e9rale et ne pr\u00e9senter aucun probl\u00e8me m\u00e9dical susceptible de compromettre la cicatrisation, d&#039;accro\u00eetre les risques chirurgicaux ou de contre-indiquer l&#039;anesth\u00e9sie. Des pathologies telles qu&#039;un diab\u00e8te non contr\u00f4l\u00e9, des troubles de la coagulation ou une maladie cardiovasculaire importante doivent \u00eatre soigneusement prises en compte.<\/li>\n\n\n\n<li><strong>Sant\u00e9 du cuir chevelu :<\/strong> Le cuir chevelu doit \u00eatre exempt d\u2019infections actives, de conditions inflammatoires (comme une dermatite s\u00e9v\u00e8re) ou de cicatrices importantes dues \u00e0 un traumatisme ou \u00e0 une intervention chirurgicale ant\u00e9rieure.<\/li>\n\n\n\n<li><strong>Des attentes r\u00e9alistes :<\/strong> Les candidats doivent bien comprendre les effets de la chirurgie. Ils doivent \u00eatre conscients des risques potentiels, du processus de gu\u00e9rison et de la nature de la cicatrice.<\/li>\n\n\n\n<li><strong>Pr\u00e9paration psychologique :<\/strong> Les candidats doivent rechercher l\u2019intervention chirurgicale pour leurs propres raisons et avoir un \u00e9tat psychologique stable.<\/li>\n<\/ul>\n\n\n\n<p>Les personnes pr\u00e9sentant une perte de cheveux diffuse importante, un rel\u00e2chement du cuir chevelu ou des ant\u00e9c\u00e9dents de cicatrices ch\u00e9lo\u00efdes (cicatrices \u00e9paisses et sur\u00e9lev\u00e9es) peuvent ne pas \u00eatre des candidats appropri\u00e9s pour un abaissement chirurgical de la ligne frontale. D&#039;autres options, comme plusieurs s\u00e9ances de greffe de cheveux, pourraient \u00eatre plus appropri\u00e9es dans ces cas.<\/p>\n\n\n\n<h2 class=\"wp-block-heading\"><span class=\"ez-toc-section\" id=\"The_Consultation_Process_A_Critical_First_Step\"><\/span>Le processus de consultation : une premi\u00e8re \u00e9tape cruciale<span class=\"ez-toc-section-end\"><\/span><\/h2>\n\n\n\n<p>La consultation initiale est la base d&#039;une intervention r\u00e9ussie d&#039;abaissement de la ligne frontale. C&#039;est l&#039;occasion pour le patient de rencontrer le chirurgien, de discuter de ses pr\u00e9occupations et de ses objectifs, et pour le chirurgien d&#039;\u00e9valuer son admissibilit\u00e9 et d&#039;\u00e9laborer un plan chirurgical personnalis\u00e9.<\/p>\n\n\n\n<p>Lors de la consultation, le chirurgien va :<\/p>\n\n\n\n<ul class=\"wp-block-list\">\n<li>\u00c9coutez attentivement les motivations du patient et le r\u00e9sultat souhait\u00e9.<\/li>\n\n\n\n<li>Effectuez un examen physique d\u00e9taill\u00e9 du front, du cuir chevelu et de la racine des cheveux, en \u00e9valuant le rel\u00e2chement du cuir chevelu, la qualit\u00e9 de la peau et les caract\u00e9ristiques des cheveux.<\/li>\n\n\n\n<li>Prenez des photos pour les dossiers m\u00e9dicaux et les comparaisons potentielles avant et apr\u00e8s.<\/li>\n\n\n\n<li>Mesurez la hauteur actuelle du front et discutez de l\u2019abaissement r\u00e9alisable en fonction du rel\u00e2chement du cuir chevelu.<\/li>\n\n\n\n<li>Discutez en d\u00e9tail de la technique chirurgicale, en expliquant les \u00e9tapes impliqu\u00e9es, le type d\u2019incision (trichophytique) et l\u2019emplacement de la cicatrice.<\/li>\n\n\n\n<li>Passez en revue les risques et complications potentiels associ\u00e9s \u00e0 la chirurgie.<\/li>\n\n\n\n<li>Expliquez le processus de r\u00e9cup\u00e9ration pr\u00e9vu et le calendrier.<\/li>\n\n\n\n<li>Discutez des options d\u2019anesth\u00e9sie.<\/li>\n\n\n\n<li>Fournir des informations sur les co\u00fbts impliqu\u00e9s.<\/li>\n\n\n\n<li>R\u00e9pondez de mani\u00e8re approfondie \u00e0 toutes les questions du patient.<\/li>\n<\/ul>\n\n\n\n<p>Il est recommand\u00e9 aux patients de venir avec une liste de questions pr\u00e9par\u00e9e. Voici quelques questions importantes \u00e0 poser\u00a0:<\/p>\n\n\n\n<ul class=\"wp-block-list\">\n<li>Dans quelle mesure ma ligne de cheveux peut-elle \u00eatre abaiss\u00e9e de mani\u00e8re r\u00e9aliste ?<\/li>\n\n\n\n<li>Quel type d\u2019incision sera utilis\u00e9 et o\u00f9 sera situ\u00e9e la cicatrice ?<\/li>\n\n\n\n<li>Quelles techniques seront utilis\u00e9es pour minimiser la visibilit\u00e9 des cicatrices ?<\/li>\n\n\n\n<li>Quels sont les risques et complications potentiels sp\u00e9cifiques \u00e0 mon cas ?<\/li>\n\n\n\n<li>Quel est le temps de r\u00e9cup\u00e9ration pr\u00e9vu ?<\/li>\n\n\n\n<li>Quand puis-je retourner au travail et faire de l\u2019exercice ?<\/li>\n\n\n\n<li>\u00c0 quels types de r\u00e9sultats puis-je m\u2019attendre et combien de temps faudra-t-il pour voir les r\u00e9sultats finaux ?<\/li>\n\n\n\n<li>Quelle est votre exp\u00e9rience en mati\u00e8re de chirurgie d\u2019abaissement de la ligne capillaire ?<\/li>\n\n\n\n<li>Puis-je voir des photos avant et apr\u00e8s de vos anciens patients qui ont subi cette proc\u00e9dure ?<\/li>\n<\/ul>\n\n\n\n<p>Un bon chirurgien consacrera beaucoup de temps \u00e0 son patient et lui fournira des informations claires et honn\u00eates. Il devra \u00e9galement \u00e9valuer son \u00e9tat de pr\u00e9paration psychologique et s&#039;assurer que ses attentes sont r\u00e9alistes. Il peut parfois d\u00e9conseiller l&#039;intervention s&#039;il estime que les risques sont sup\u00e9rieurs aux b\u00e9n\u00e9fices potentiels pour le patient ou si le r\u00e9sultat souhait\u00e9 n&#039;est pas r\u00e9aliste.<\/p>\n\n\n\n<h2 class=\"wp-block-heading\"><span class=\"ez-toc-section\" id=\"Potential_Risks_and_Complications_of_Hairline_Lowering\"><\/span>Risques et complications potentiels li\u00e9s \u00e0 l&#039;abaissement de la ligne capillaire<span class=\"ez-toc-section-end\"><\/span><\/h2>\n\n\n\n<p>Comme toute intervention chirurgicale, l&#039;abaissement de la ligne frontale comporte des risques et des complications. Bien qu&#039;elle soit g\u00e9n\u00e9ralement consid\u00e9r\u00e9e comme s\u00fbre lorsqu&#039;elle est r\u00e9alis\u00e9e par un chirurgien exp\u00e9riment\u00e9, il est essentiel que les patients soient conscients de ces risques.<\/p>\n\n\n\n<ul class=\"wp-block-list\">\n<li><strong>Cicatrice :<\/strong> Une cicatrice visible le long de la nouvelle ligne capillaire est la pr\u00e9occupation la plus fr\u00e9quente. Bien que l&#039;incision trichophytique soit con\u00e7ue pour minimiser la visibilit\u00e9 en permettant aux cheveux de pousser \u00e0 travers la cicatrice, son aspect peut varier selon la cicatrisation, le type de peau et la technique chirurgicale. La cicatrice peut \u00eatre rouge, sur\u00e9lev\u00e9e (hypertrophique) ou \u00e9largie dans certains cas. Des techniques de traitement des cicatrices (massages, feuilles de silicone, injections de st\u00e9ro\u00efdes) peuvent contribuer \u00e0 am\u00e9liorer l&#039;apparence de la cicatrice, mais une l\u00e9g\u00e8re ligne peut toujours \u00eatre pr\u00e9sente.<\/li>\n\n\n\n<li><strong>Engourdissement:<\/strong> Un engourdissement temporaire ou permanent du front et du cuir chevelu est un effet secondaire fr\u00e9quent. Il est d\u00fb \u00e0 l&#039;\u00e9tirement ou \u00e0 la rupture temporaire des nerfs supra-orbitaires et supratrochl\u00e9aires lors du d\u00e9collement. La sensibilit\u00e9 revient g\u00e9n\u00e9ralement progressivement sur plusieurs mois, mais dans certains cas, une petite zone d&#039;engourdissement permanent peut persister derri\u00e8re la cicatrice.<\/li>\n\n\n\n<li><strong>Douleur et inconfort :<\/strong> Des douleurs, un gonflement et des ecchymoses sont \u00e0 pr\u00e9voir apr\u00e8s l&#039;intervention. La douleur est g\u00e9n\u00e9ralement soulageable gr\u00e2ce aux m\u00e9dicaments prescrits et dispara\u00eet g\u00e9n\u00e9ralement en quelques jours.<\/li>\n\n\n\n<li><strong>Gonflement et ecchymoses :<\/strong> Un gonflement et des ecchymoses au niveau du front et autour des yeux sont fr\u00e9quents et peuvent prendre plusieurs semaines pour dispara\u00eetre compl\u00e8tement.<\/li>\n\n\n\n<li><strong>Saignement et h\u00e9matome :<\/strong> Bien que rares, des saignements peuvent survenir pendant ou apr\u00e8s une intervention chirurgicale, pouvant entra\u00eener un h\u00e9matome (accumulation de sang sous la peau). Un drainage peut alors \u00eatre n\u00e9cessaire.<\/li>\n\n\n\n<li><strong>Infection :<\/strong> Comme pour toute intervention chirurgicale, il existe un risque d&#039;infection au niveau de l&#039;incision. Ce risque est g\u00e9n\u00e9ralement trait\u00e9 par antibiotiques.<\/li>\n\n\n\n<li><strong>Mauvaise cicatrisation des plaies :<\/strong> Des facteurs tels que le tabagisme, des probl\u00e8mes de sant\u00e9 sous-jacents et une tension excessive sur la fermeture peuvent nuire \u00e0 la cicatrisation des plaies, entra\u00eenant potentiellement une s\u00e9paration de la plaie ou un retard de cicatrisation.<\/li>\n\n\n\n<li><strong>Chute de cheveux temporaire (effluvium t\u00e9log\u00e8ne) :<\/strong> Certaines personnes peuvent constater une chute temporaire des follicules pileux pr\u00e8s de la ligne d&#039;incision en raison du stress de l&#039;intervention. Ce ph\u00e9nom\u00e8ne est g\u00e9n\u00e9ralement temporaire, la repousse des cheveux revenant au bout de quelques mois.<\/li>\n\n\n\n<li><strong>Asym\u00e9trie :<\/strong> Bien que les chirurgiens s\u2019efforcent d\u2019obtenir une sym\u00e9trie, de l\u00e9g\u00e8res asym\u00e9tries dans la position ou la forme de la ligne des cheveux peuvent se produire.<\/li>\n\n\n\n<li><strong>Descente inad\u00e9quate :<\/strong> L&#039;ampleur de l&#039;abaissement est limit\u00e9e par le rel\u00e2chement du cuir chevelu. Dans certains cas, l&#039;abaissement obtenu peut \u00eatre inf\u00e9rieur \u00e0 celui souhait\u00e9.<\/li>\n\n\n\n<li><strong>\u00c9largissement de la cicatrice :<\/strong> Chez certaines personnes, la cicatrice peut s\u2019\u00e9tirer et s\u2019\u00e9largir au fil du temps, en particulier s\u2019il y a une tension importante sur la fermeture ou une mauvaise production de collag\u00e8ne pendant la cicatrisation.<\/li>\n\n\n\n<li><strong>L\u00e9sion nerveuse (motrice) :<\/strong> Bien que rare lors d&#039;un abaissement standard de la ligne frontale, une l\u00e9sion de la branche temporale du nerf facial (qui contr\u00f4le le mouvement des sourcils) constitue un risque th\u00e9orique, notamment lors d&#039;un d\u00e9collement des zones temporales. Une l\u00e9sion pourrait entra\u00eener une faiblesse temporaire ou permanente de l&#039;\u00e9l\u00e9vation des sourcils d&#039;un c\u00f4t\u00e9. Les chirurgiens prennent grand soin d&#039;\u00e9viter ce nerf.<\/li>\n<\/ul>\n\n\n\n<p>Il est important que les patients suivent scrupuleusement les instructions pr\u00e9op\u00e9ratoires et postop\u00e9ratoires de leur chirurgien afin de minimiser les risques de complications. Cela inclut l&#039;\u00e9vitement du tabagisme (qui nuit consid\u00e9rablement \u00e0 la cicatrisation), la prise en charge des probl\u00e8mes de sant\u00e9 sous-jacents et la pr\u00e9sence \u00e0 tous les rendez-vous de suivi.<\/p>\n\n\n\n<h2 class=\"wp-block-heading\"><span class=\"ez-toc-section\" id=\"The_Recovery_Journey_After_Hairline_Lowering\"><\/span>Le parcours de r\u00e9cup\u00e9ration apr\u00e8s l&#039;abaissement de la ligne frontale<span class=\"ez-toc-section-end\"><\/span><\/h2>\n\n\n\n<p>La convalescence apr\u00e8s une chirurgie d&#039;abaissement de la ligne frontale est progressive. Il est essentiel de comprendre \u00e0 quoi s&#039;attendre pour g\u00e9rer efficacement la p\u00e9riode postop\u00e9ratoire.<\/p>\n\n\n\n<h3 class=\"wp-block-heading\"><span class=\"ez-toc-section\" id=\"Immediate_Post-Operative_Period_First_Few_Days\"><\/span>P\u00e9riode postop\u00e9ratoire imm\u00e9diate (premiers jours)<span class=\"ez-toc-section-end\"><\/span><\/h3>\n\n\n\n<ul class=\"wp-block-list\">\n<li><strong>S\u00e9jour \u00e0 l&#039;h\u00f4pital :<\/strong> La plupart des patients peuvent rentrer chez eux le jour m\u00eame ou rester une nuit \u00e0 l\u2019h\u00f4pital, selon l\u2019\u00e9tendue de l\u2019intervention et la pr\u00e9f\u00e9rence du chirurgien.<\/li>\n\n\n\n<li><strong>Pansements et drains :<\/strong> Un pansement sera appliqu\u00e9 imm\u00e9diatement apr\u00e8s l&#039;intervention afin de prot\u00e9ger l&#039;incision et de minimiser le gonflement. Les drains, s&#039;ils sont utilis\u00e9s, seront g\u00e9n\u00e9ralement retir\u00e9s dans les 24 \u00e0 48 heures.<\/li>\n\n\n\n<li><strong>Prise en charge de la douleur :<\/strong> Des analg\u00e9siques seront prescrits pour soulager l&#039;inconfort. La douleur est g\u00e9n\u00e9ralement plus prononc\u00e9e les premiers jours et s&#039;att\u00e9nue progressivement.<\/li>\n\n\n\n<li><strong>Gonflement et ecchymoses :<\/strong> Un gonflement important et des ecchymoses au niveau du front et du contour des yeux sont possibles. Garder la t\u00eate sur\u00e9lev\u00e9e, m\u00eame pendant le sommeil, peut contribuer \u00e0 r\u00e9duire le gonflement. Des compresses froides peuvent \u00e9galement \u00eatre b\u00e9n\u00e9fiques pendant les 24 \u00e0 48 premi\u00e8res heures.<\/li>\n\n\n\n<li><strong>Engourdissement et sensation d&#039;oppression :<\/strong> Un engourdissement et une sensation d&#039;oppression au niveau du front et du cuir chevelu sont fr\u00e9quents en raison de la manipulation nerveuse et de l&#039;avanc\u00e9e du cuir chevelu.<\/li>\n\n\n\n<li><strong>Restrictions d&#039;activit\u00e9 :<\/strong> Les activit\u00e9s intenses et le soul\u00e8vement de charges lourdes doivent \u00eatre \u00e9vit\u00e9s pendant la p\u00e9riode de r\u00e9cup\u00e9ration initiale afin de pr\u00e9venir une augmentation de l\u2019enflure et des saignements.<\/li>\n<\/ul>\n\n\n\n<h3 class=\"wp-block-heading\"><span class=\"ez-toc-section\" id=\"First_Week\"><\/span>Premi\u00e8re semaine<span class=\"ez-toc-section-end\"><\/span><\/h3>\n\n\n\n<ul class=\"wp-block-list\">\n<li><strong>Rendez-vous de suivi :<\/strong> Un rendez-vous de suivi avec le chirurgien est g\u00e9n\u00e9ralement pr\u00e9vu dans la premi\u00e8re semaine pour v\u00e9rifier l&#039;incision, retirer les drains (le cas \u00e9ch\u00e9ant) et changer les pansements.<\/li>\n\n\n\n<li><strong>Retrait des sutures\/agrafes :<\/strong> Les sutures cutan\u00e9es ou les agrafes le long de la ligne d\u2019incision sont g\u00e9n\u00e9ralement retir\u00e9es dans un d\u00e9lai de 7 \u00e0 14 jours.<\/li>\n\n\n\n<li><strong>Douche et lavage des cheveux :<\/strong> Le chirurgien vous expliquera quand et comment vous laver les cheveux et prendre une douche en toute s\u00e9curit\u00e9. Il est important de nettoyer d\u00e9licatement la zone d&#039;incision.<\/li>\n\n\n\n<li><strong>Retour progressif aux activit\u00e9s :<\/strong> Les activit\u00e9s l\u00e9g\u00e8res peuvent \u00eatre reprises progressivement. Cependant, les exercices intenses et les activit\u00e9s augmentant la pression art\u00e9rielle au niveau de la t\u00eate doivent \u00eatre \u00e9vit\u00e9s.<\/li>\n<\/ul>\n\n\n\n<h3 class=\"wp-block-heading\"><span class=\"ez-toc-section\" id=\"Weeks_2-4\"><\/span>Semaines 2 \u00e0 4<span class=\"ez-toc-section-end\"><\/span><\/h3>\n\n\n\n<ul class=\"wp-block-list\">\n<li><strong>Diminution de l&#039;enflure et des ecchymoses :<\/strong> L\u2019enflure et les ecchymoses continueront de diminuer, m\u00eame si un gonflement r\u00e9siduel peut persister pendant plusieurs semaines.<\/li>\n\n\n\n<li><strong>Retour au travail :<\/strong> La plupart des patients peuvent retourner au travail dans un d\u00e9lai de 1 \u00e0 2 semaines, selon la nature de leur travail et leur gu\u00e9rison individuelle.<\/li>\n\n\n\n<li><strong>Gestion de l\u2019engourdissement et des d\u00e9mangeaisons :<\/strong> L&#039;engourdissement peut persister et des d\u00e9mangeaisons le long de l&#039;incision en voie de cicatrisation sont fr\u00e9quentes. Un massage doux (apr\u00e8s accord du chirurgien) et des cr\u00e8mes anti-d\u00e9mangeaisons en vente libre peuvent apporter un soulagement.<\/li>\n\n\n\n<li><strong>Aspect de la cicatrice :<\/strong> La ligne d&#039;incision appara\u00eetra initialement rouge et visible. Ce ph\u00e9nom\u00e8ne est normal et s&#039;estompera avec le temps.<\/li>\n<\/ul>\n\n\n\n<h3 class=\"wp-block-heading\"><span class=\"ez-toc-section\" id=\"Months_1-6\"><\/span>Mois 1 \u00e0 6<span class=\"ez-toc-section-end\"><\/span><\/h3>\n\n\n\n<ul class=\"wp-block-list\">\n<li><strong>Maturation des cicatrices :<\/strong> La cicatrice continuera \u00e0 m\u00fbrir, devenant plus plate, plus douce et moins rouge. Ce processus peut prendre plusieurs mois, voire un an, voire plus. Il est important de suivre les recommandations de traitement (massages, protection solaire).<\/li>\n\n\n\n<li><strong>Retour de la sensation :<\/strong> La sensibilit\u00e9 au niveau du front et du cuir chevelu r\u00e9appara\u00eetra progressivement gr\u00e2ce \u00e0 la r\u00e9g\u00e9n\u00e9ration nerveuse. Cela peut prendre plusieurs mois, et certaines zones d&#039;engourdissement peuvent \u00eatre permanentes.<\/li>\n\n\n\n<li><strong>Croissance des cheveux \u00e0 travers la cicatrice :<\/strong> Chez les personnes ayant subi une incision trichophytique, des poils commenceront \u00e0 pousser \u00e0 travers la cicatrice, contribuant ainsi \u00e0 la camoufler. Cette croissance deviendra plus visible au fil des mois.<\/li>\n\n\n\n<li><strong>Retour \u00e0 l&#039;activit\u00e9 compl\u00e8te :<\/strong> La plupart des personnes peuvent reprendre toutes leurs activit\u00e9s normales, y compris les exercices intenses, dans un d\u00e9lai de 4 \u00e0 6 semaines.<\/li>\n<\/ul>\n\n\n\n<h3 class=\"wp-block-heading\"><span class=\"ez-toc-section\" id=\"Beyond_6_Months\"><\/span>Au-del\u00e0 de 6 mois<span class=\"ez-toc-section-end\"><\/span><\/h3>\n\n\n\n<ul class=\"wp-block-list\">\n<li><strong>R\u00e9sultats finaux :<\/strong> Les r\u00e9sultats esth\u00e9tiques finaux deviennent plus apparents \u00e0 mesure que le gonflement dispara\u00eet compl\u00e8tement et que la cicatrice m\u00fbrit.<\/li>\n\n\n\n<li><strong>Gestion des cicatrices \u00e0 long terme :<\/strong> Une gestion continue des cicatrices peut \u00eatre recommand\u00e9e par le chirurgien.<\/li>\n<\/ul>\n\n\n\n<p>Il est important de suivre les instructions postop\u00e9ratoires sp\u00e9cifiques du chirurgien, qui peuvent varier selon chaque patient et les d\u00e9tails de l&#039;intervention. Toute inqui\u00e9tude ou tout sympt\u00f4me inhabituel pendant la convalescence doit \u00eatre imm\u00e9diatement signal\u00e9 \u00e0 l&#039;\u00e9quipe chirurgicale.<\/p>\n\n\n\n<h2 class=\"wp-block-heading\"><span class=\"ez-toc-section\" id=\"Hairline_Lowering_vs_Hair_Transplantation_Choosing_the_Right_Procedure\"><\/span>Abaissement de la ligne capillaire ou greffe de cheveux\u00a0: choisir la bonne proc\u00e9dure<span class=\"ez-toc-section-end\"><\/span><\/h2>\n\n\n\n<p>Il est essentiel de comprendre la diff\u00e9rence fondamentale entre la chirurgie d&#039;abaissement de la ligne frontale et la greffe de cheveux, car elles traitent des probl\u00e8mes diff\u00e9rents et font appel \u00e0 des techniques distinctes. Parfois, une approche combin\u00e9e peut s&#039;av\u00e9rer la solution la plus appropri\u00e9e.<\/p>\n\n\n\n<p><strong>Abaissement de la ligne capillaire (avancement chirurgical de la ligne capillaire) :<\/strong><\/p>\n\n\n\n<ul class=\"wp-block-list\">\n<li><strong>Objectif principal :<\/strong> R\u00e9duire physiquement la hauteur du front en retirant chirurgicalement une bande de peau du front et en faisant avancer la ligne de cheveux existante vers l&#039;avant.<\/li>\n\n\n\n<li><strong>M\u00e9canisme:<\/strong> Il s\u2019agit de modifier chirurgicalement la position du cuir chevelu.<\/li>\n\n\n\n<li><strong>Id\u00e9al pour :<\/strong> Individus ayant un front haut mais une ligne de cheveux existante relativement dense et stable.<\/li>\n\n\n\n<li><strong>Quantit\u00e9 d&#039;abaissement :<\/strong> Permet g\u00e9n\u00e9ralement d&#039;obtenir une r\u00e9duction significative de la hauteur du front (1 \u00e0 3 cm ou plus) en une seule intervention, limit\u00e9e par le rel\u00e2chement du cuir chevelu.<\/li>\n\n\n\n<li><strong>Cicatrice:<\/strong> Il en r\u00e9sulte une cicatrice lin\u00e9aire le long de la nouvelle ligne capillaire. L&#039;incision trichophytique vise \u00e0 minimiser la visibilit\u00e9 de la cicatrice.<\/li>\n\n\n\n<li><strong>R\u00e9cup\u00e9ration:<\/strong> Implique une r\u00e9cup\u00e9ration chirurgicale avec gonflement, ecchymoses et une ligne d&#039;incision de cicatrisation.<\/li>\n<\/ul>\n\n\n\n<p><strong>Transplantation de cheveux :<\/strong><\/p>\n\n\n\n<ul class=\"wp-block-list\">\n<li><strong>Objectif principal :<\/strong> Pour augmenter la densit\u00e9 des cheveux ou recr\u00e9er une ligne de cheveux en transplantant des follicules pileux d&#039;une zone donneuse (g\u00e9n\u00e9ralement l&#039;arri\u00e8re du cuir chevelu) vers la zone receveuse.<\/li>\n\n\n\n<li><strong>M\u00e9canisme:<\/strong> Il s\u2019agit de d\u00e9placer des follicules pileux individuels.<\/li>\n\n\n\n<li><strong>Id\u00e9al pour :<\/strong> Les personnes souffrant de perte ou d\u2019amincissement des cheveux, ou celles qui souhaitent cr\u00e9er ou affiner une ligne de cheveux l\u00e0 o\u00f9 il n\u2019y a actuellement pas de cheveux ou une croissance clairsem\u00e9e.<\/li>\n\n\n\n<li><strong>Montant de la couverture\/R\u00e9duction :<\/strong> Permet de cr\u00e9er ou d&#039;abaisser progressivement une ligne frontale en comblant certaines zones. L&#039;ampleur de l&#039;abaissement obtenu d\u00e9pend du nombre de greffons transplant\u00e9s et de la densit\u00e9 souhait\u00e9e. Plusieurs s\u00e9ances peuvent \u00eatre n\u00e9cessaires pour une densit\u00e9 ou un abaissement significatif.<\/li>\n\n\n\n<li><strong>Cicatrice:<\/strong> Il en r\u00e9sulte de minuscules cicatrices ponctuelles (FUE \u2013 Extraction d&#039;unit\u00e9s folliculaires) ou une cicatrice lin\u00e9aire dans la zone donneuse (FUT \u2013 Transplantation d&#039;unit\u00e9s folliculaires). La zone receveuse pr\u00e9sente g\u00e9n\u00e9ralement initialement de minuscules cro\u00fbtes, qui gu\u00e9rissent sans laisser de cicatrices visibles.<\/li>\n\n\n\n<li><strong>R\u00e9cup\u00e9ration:<\/strong> G\u00e9n\u00e9ralement moins invasive que la chirurgie d&#039;abaissement de la ligne frontale, la r\u00e9cup\u00e9ration initiale est plus rapide, bien qu&#039;un gonflement puisse survenir. La repousse compl\u00e8te des cheveux \u00e0 partir des follicules transplant\u00e9s prend plusieurs mois.<\/li>\n<\/ul>\n\n\n\n<p><strong>Approche combin\u00e9e :<\/strong><\/p>\n\n\n\n<p>Dans certains cas, une approche combin\u00e9e peut s&#039;av\u00e9rer la plus efficace. Par exemple, une personne pr\u00e9sentant un front haut et une ligne frontale clairsem\u00e9e peut subir un abaissement de la ligne frontale afin d&#039;obtenir la r\u00e9duction structurelle souhait\u00e9e, suivi d&#039;une greffe de cheveux le long de la nouvelle ligne frontale pour augmenter la densit\u00e9 et mieux camoufler la cicatrice. Cette approche est adapt\u00e9e aux besoins et objectifs sp\u00e9cifiques de chaque personne.<\/p>\n\n\n\n<p>Choisir entre l&#039;abaissement de la ligne frontale et la greffe de cheveux, ou envisager une approche combin\u00e9e, n\u00e9cessite une consultation approfondie avec un chirurgien exp\u00e9riment\u00e9 dans les deux proc\u00e9dures. Le chirurgien \u00e9valuera la ligne frontale, le cuir chevelu, la densit\u00e9 capillaire et les objectifs g\u00e9n\u00e9raux du patient afin de recommander le plan de traitement le plus adapt\u00e9.<\/p>\n\n\n\n<h2 class=\"wp-block-heading\"><span class=\"ez-toc-section\" id=\"Considering_Antalya_for_Hairline_Lowering_Surgery\"><\/span>Envisager Antalya pour une chirurgie d&#039;abaissement de la ligne capillaire<span class=\"ez-toc-section-end\"><\/span><\/h2>\n\n\n\n<p>Antalya, ville c\u00f4ti\u00e8re dynamique de Turquie, est devenue une destination incontournable pour le tourisme m\u00e9dical, notamment pour les interventions de chirurgie esth\u00e9tique comme l&#039;abaissement de la ligne frontale. Plusieurs facteurs contribuent \u00e0 sa popularit\u00e9\u00a0:<\/p>\n\n\n\n<ul class=\"wp-block-list\">\n<li><strong>Installations m\u00e9dicales de qualit\u00e9 :<\/strong> Antalya dispose d&#039;h\u00f4pitaux et de cliniques priv\u00e9es modernes, dot\u00e9s de technologies de pointe et conformes aux normes internationales de soins. De nombreuses cliniques sont accr\u00e9dit\u00e9es par des organisations internationales, gage de leur engagement envers la qualit\u00e9 et la s\u00e9curit\u00e9 des patients.<\/li>\n\n\n\n<li><strong>Chirurgiens exp\u00e9riment\u00e9s :<\/strong> La Turquie jouit d&#039;une excellente r\u00e9putation en mati\u00e8re de chirurgie esth\u00e9tique, et Antalya attire de nombreux chirurgiens plasticiens et sp\u00e9cialistes de la restauration capillaire hautement qualifi\u00e9s et exp\u00e9riment\u00e9s. Il est essentiel de se renseigner sur les qualifications du chirurgien, son exp\u00e9rience sp\u00e9cifique en abaissement de la ligne frontale et d&#039;examiner ses r\u00e9sultats avant\/apr\u00e8s. Si les dermatologues sont pr\u00e9cieux pour la sant\u00e9 du cuir chevelu pr\u00e9 et postop\u00e9ratoire, l&#039;intervention chirurgicale elle-m\u00eame est principalement pratiqu\u00e9e par des chirurgiens plasticiens ou maxillo-faciaux sp\u00e9cialis\u00e9s en esth\u00e9tique faciale et en chirurgie du cuir chevelu.<\/li>\n\n\n\n<li><strong>Rentabilit\u00e9 :<\/strong> Compar\u00e9 \u00e0 de nombreux pays d&#039;Europe occidentale et d&#039;Am\u00e9rique du Nord, le co\u00fbt de la chirurgie esth\u00e9tique en Turquie, y compris l&#039;abaissement de la ligne frontale, peut \u00eatre nettement inf\u00e9rieur. Cela en fait une option int\u00e9ressante pour les personnes recherchant des soins de qualit\u00e9 \u00e0 un prix plus abordable. Cependant, il est important de veiller \u00e0 ce que les \u00e9conomies r\u00e9alis\u00e9es ne se fassent pas au d\u00e9triment de la qualit\u00e9 ou de la s\u00e9curit\u00e9.<\/li>\n\n\n\n<li><strong>Attrait touristique :<\/strong> Antalya est une destination touristique pris\u00e9e, dot\u00e9e de belles plages, de sites historiques et d&#039;un climat agr\u00e9able. Cela permet aux patients de combiner leur s\u00e9jour m\u00e9dical avec une p\u00e9riode de convalescence relaxante dans un lieu privil\u00e9gi\u00e9.<\/li>\n\n\n\n<li><strong>Accessibilit\u00e9:<\/strong> Antalya dispose d&#039;un a\u00e9roport international avec de bonnes connexions vers de nombreuses villes du monde entier, ce qui rend les voyages relativement pratiques.<\/li>\n<\/ul>\n\n\n\n<p><strong>Facteurs \u00e0 prendre en compte lors du choix d&#039;une clinique\/chirurgien \u00e0 Antalya\u00a0:<\/strong><\/p>\n\n\n\n<p>Si vous envisagez <strong>Abaissement de la ligne des cheveux \u00e0 Antalya<\/strong>, une recherche minutieuse est essentielle :<\/p>\n\n\n\n<ul class=\"wp-block-list\">\n<li><strong>Qualifications et exp\u00e9rience du chirurgien :<\/strong> V\u00e9rifiez la certification du chirurgien, sa formation et son exp\u00e9rience sp\u00e9cifique en mati\u00e8re d&#039;abaissement de la ligne frontale. Renseignez-vous sur le nombre d&#039;interventions qu&#039;il a r\u00e9alis\u00e9es.<\/li>\n\n\n\n<li><strong>Accr\u00e9ditation et normes de la clinique :<\/strong> V\u00e9rifiez si la clinique est accr\u00e9dit\u00e9e par des organismes nationaux ou internationaux. \u00c9valuez la propret\u00e9 et la modernit\u00e9 des installations.<\/li>\n\n\n\n<li><strong>Avis et t\u00e9moignages de patients :<\/strong> Consultez les avis et t\u00e9moignages de patients ayant d\u00e9j\u00e0 subi une ablation de la ligne frontale avec le chirurgien ou la clinique. Soyez attentif aux avis trop positifs ou n\u00e9gatifs et privil\u00e9giez la coh\u00e9rence.<\/li>\n\n\n\n<li><strong>Photos avant et apr\u00e8s :<\/strong> Consultez un portfolio complet de photos avant et apr\u00e8s du chirurgien, sp\u00e9cifiquement pour l&#039;abaissement de la ligne des cheveux, afin d&#039;\u00e9valuer leurs r\u00e9sultats esth\u00e9tiques et les r\u00e9sultats des cicatrices.<\/li>\n\n\n\n<li><strong>Communication:<\/strong> Assurez une communication claire et ouverte avec le personnel de la clinique et le chirurgien, notamment concernant les instructions pr\u00e9op\u00e9ratoires, l&#039;intervention elle-m\u00eame et les soins postop\u00e9ratoires. En cas de barri\u00e8re linguistique, assurez-vous que des services d&#039;interpr\u00e9tation sont facilement disponibles et fiables.<\/li>\n\n\n\n<li><strong>Contenu du forfait :<\/strong> Comprendre ce qui est inclus dans le prix propos\u00e9 (frais chirurgicaux, anesth\u00e9sie, s\u00e9jour \u00e0 l&#039;h\u00f4pital, m\u00e9dicaments, rendez-vous de suivi). Les vols et l&#039;h\u00e9bergement sont-ils inclus, ou devez-vous les organiser s\u00e9par\u00e9ment\u00a0?<\/li>\n\n\n\n<li><strong>Suivi et suivi :<\/strong> Confirmez les d\u00e9tails des soins postop\u00e9ratoires et des rendez-vous de suivi, \u00e0 la fois pendant votre s\u00e9jour \u00e0 Antalya et \u00e0 votre retour chez vous.<\/li>\n<\/ul>\n\n\n\n<p>Un voyage \u00e0 l&#039;\u00e9tranger pour une intervention chirurgicale n\u00e9cessite une planification et une r\u00e9flexion minutieuses. Il est important de prendre en compte le temps n\u00e9cessaire \u00e0 la consultation, l&#039;intervention elle-m\u00eame et la p\u00e9riode de convalescence initiale avant le retour. Assurez-vous d&#039;avoir un plan clair de suivi postop\u00e9ratoire avec votre chirurgien \u00e0 Antalya et pensez \u00e0 informer votre m\u00e9decin traitant de votre intervention \u00e0 votre retour.<\/p>\n\n\n\n<h2 class=\"wp-block-heading\"><span class=\"ez-toc-section\" id=\"Expected_Results_and_Managing_Expectations\"><\/span>R\u00e9sultats attendus et gestion des attentes<span class=\"ez-toc-section-end\"><\/span><\/h2>\n\n\n\n<p>L&#039;objectif de la chirurgie d&#039;abaissement de la ligne frontale est d&#039;obtenir un visage plus \u00e9quilibr\u00e9 et harmonieux en r\u00e9duisant la hauteur verticale du front. Des attentes r\u00e9alistes sont primordiales pour la satisfaction du patient.<\/p>\n\n\n\n<ul class=\"wp-block-list\">\n<li><strong>Quantit\u00e9 d&#039;abaissement :<\/strong> L&#039;ampleur de l&#039;abaissement r\u00e9alisable est principalement limit\u00e9e par la laxit\u00e9 du cuir chevelu, mais varie g\u00e9n\u00e9ralement de 1 \u00e0 3 cm, voire plus, dans certains cas. Il est important de discuter avec votre chirurgien de l&#039;ampleur r\u00e9aliste de l&#039;abaissement possible compte tenu de votre anatomie sp\u00e9cifique lors de la consultation.<\/li>\n\n\n\n<li><strong>Aspect de la cicatrice :<\/strong> Bien que l&#039;incision trichophytique soit con\u00e7ue pour camoufler la cicatrice, une cicatrice lin\u00e9aire sera pr\u00e9sente le long de la nouvelle ligne capillaire. Son apparence \u00e9voluera avec le temps, devenant moins visible \u00e0 mesure que la cicatrice m\u00fbrit et que les cheveux la traversent. La cicatrisation varie d&#039;une personne \u00e0 l&#039;autre, et certaines cicatrices peuvent \u00eatre plus visibles que d&#039;autres.<\/li>\n\n\n\n<li><strong>Forme de la ligne des cheveux :<\/strong> Le chirurgien s\u2019efforcera de cr\u00e9er une ligne de cheveux d\u2019apparence naturelle qui compl\u00e8te les traits de votre visage.<\/li>\n\n\n\n<li><strong>\u00c9quilibre du visage :<\/strong> Le r\u00e9sultat principal est une am\u00e9lioration des proportions et de l\u2019\u00e9quilibre du visage, le front apparaissant moins dominant.<\/li>\n\n\n\n<li><strong>Permanence:<\/strong> Les r\u00e9sultats de l&#039;abaissement de la ligne frontale sont g\u00e9n\u00e9ralement consid\u00e9r\u00e9s comme permanents, car le cuir chevelu est avanc\u00e9 chirurgicalement vers une nouvelle position. Cependant, le vieillissement naturel et une \u00e9ventuelle perte de cheveux future (si elle n&#039;est pas prise en charge) peuvent encore affecter l&#039;apparence g\u00e9n\u00e9rale de la ligne frontale au fil du temps.<\/li>\n<\/ul>\n\n\n\n<p>Il est important de garder \u00e0 l&#039;esprit que les r\u00e9sultats d\u00e9finitifs de l&#039;intervention ne seront pas imm\u00e9diatement visibles. Le gonflement et les ecchymoses dispara\u00eetront au bout de quelques semaines, et la cicatrice mettra plusieurs mois \u00e0 m\u00fbrir. La repousse des cheveux par incision trichophytique est \u00e9galement progressive. La patience est essentielle pendant la convalescence.<\/p>\n\n\n\n<p>Les photos avant\/apr\u00e8s sont un outil pr\u00e9cieux pour g\u00e9rer les attentes. Elles offrent une repr\u00e9sentation visuelle de ce qui est r\u00e9alisable et t\u00e9moignent du sens esth\u00e9tique et de la comp\u00e9tence chirurgicale du chirurgien.<\/p>\n\n\n\n<h2 class=\"wp-block-heading\"><span class=\"ez-toc-section\" id=\"Long-Term_Care_and_Follow-up\"><\/span>Soins de longue dur\u00e9e et suivi<span class=\"ez-toc-section-end\"><\/span><\/h2>\n\n\n\n<p>Les soins postop\u00e9ratoires s&#039;\u00e9tendent au-del\u00e0 de la p\u00e9riode de r\u00e9cup\u00e9ration initiale. Un suivi \u00e0 long terme avec le chirurgien est important pour surveiller la cicatrisation, \u00e9valuer la maturation de la cicatrice et r\u00e9pondre \u00e0 tout probl\u00e8me potentiel \u00e0 long terme.<\/p>\n\n\n\n<ul class=\"wp-block-list\">\n<li><strong>Gestion des cicatrices :<\/strong> Le chirurgien peut recommander des techniques de traitement des cicatrices, comme des massages, des produits \u00e0 base de silicone ou des cr\u00e8mes topiques, pour optimiser l&#039;apparence de la cicatrice. Il est \u00e9galement crucial de prot\u00e9ger la cicatrice du soleil, car les rayons UV peuvent la pigmenter et la rendre plus visible.<\/li>\n\n\n\n<li><strong>Surveillance des complications :<\/strong> Bien que la plupart des complications surviennent au d\u00e9but de la p\u00e9riode postop\u00e9ratoire, des complications tardives sont possibles, bien que rares. Tout sympt\u00f4me nouveau ou persistant doit \u00eatre signal\u00e9 au chirurgien.<\/li>\n\n\n\n<li><strong>Faire face \u00e0 la perte de cheveux future :<\/strong> En cas de risque de calvitie, il est conseill\u00e9 de discuter avec un dermatologue ou un sp\u00e9cialiste de la restauration capillaire des strat\u00e9gies \u00e0 adopter pour maintenir la densit\u00e9 capillaire le long de la nouvelle ligne frontale. Cela peut impliquer des traitements m\u00e9dicaux (comme le minoxidil ou le finast\u00e9ride) ou \u00e9ventuellement une future greffe de cheveux.<\/li>\n\n\n\n<li><strong>Examens de routine :<\/strong> Des contr\u00f4les r\u00e9guliers avec votre chirurgien lui permettent de surveiller les r\u00e9sultats \u00e0 long terme et de r\u00e9pondre \u00e0 toutes vos questions ou pr\u00e9occupations.<\/li>\n<\/ul>\n\n\n\n<p>Maintenir un cuir chevelu en bonne sant\u00e9 est \u00e9galement important \u00e0 long terme. Un dermatologue peut vous conseiller sur les soins capillaires appropri\u00e9s et traiter les probl\u00e8mes de cuir chevelu qui pourraient survenir.<\/p>\n\n\n\n<h2 class=\"wp-block-heading\"><span class=\"ez-toc-section\" id=\"Conclusion\"><\/span>Conclusion<span class=\"ez-toc-section-end\"><\/span><\/h2>\n\n\n\n<p><strong>Abaissement de la ligne des cheveux \u00e0 Antalya<\/strong> Offre une solution viable aux personnes souhaitant r\u00e9duire la hauteur de leur front et obtenir une esth\u00e9tique faciale plus \u00e9quilibr\u00e9e. Cette intervention, appel\u00e9e \u00ab\u00a0avanc\u00e9e chirurgicale de la ligne frontale\u00a0\u00bb, consiste \u00e0 d\u00e9placer chirurgicalement le cuir chevelu vers l&#039;avant apr\u00e8s avoir retir\u00e9 une bande de peau du front. Bien que principalement pratiqu\u00e9e par des chirurgiens plasticiens ou maxillo-faciaux, cette intervention est \u00e9galement r\u00e9alis\u00e9e par des dermatologues, qui interviennent dans l&#039;\u00e9valuation pr\u00e9op\u00e9ratoire du cuir chevelu et, \u00e9ventuellement, dans la gestion des cicatrices postop\u00e9ratoires.<\/p>\n\n\n\n<p>Comprendre l&#039;anatomie, la technique chirurgicale, les risques et complications potentiels, ainsi que le processus de r\u00e9cup\u00e9ration attendu est essentiel pour toute personne envisageant cette intervention. La pertinence de cette intervention est d\u00e9termin\u00e9e par des facteurs tels que le rel\u00e2chement du cuir chevelu, la hauteur du front et l&#039;\u00e9tat de sant\u00e9 g\u00e9n\u00e9ral. Une consultation approfondie avec un chirurgien exp\u00e9riment\u00e9 est l&#039;\u00e9tape la plus cruciale pour discuter des objectifs individuels, \u00e9valuer la pertinence de cette intervention et \u00e9laborer un plan de traitement personnalis\u00e9.<\/p>\n\n\n\n<p>Antalya offre une option attrayante pour le tourisme m\u00e9dical, offrant un acc\u00e8s \u00e0 des installations m\u00e9dicales de qualit\u00e9 et \u00e0 des chirurgiens exp\u00e9riment\u00e9s \u00e0 un co\u00fbt potentiellement plus avantageux, ainsi que la possibilit\u00e9 de se r\u00e9tablir dans un environnement agr\u00e9able. Cependant, une recherche approfondie sur les qualifications du chirurgien et les normes de la clinique est primordiale.<\/p>\n\n\n\n<p>Bien qu&#039;une cicatrice visible soit un r\u00e9sultat in\u00e9vitable, l&#039;utilisation de techniques comme l&#039;incision trichophytique vise \u00e0 minimiser sa visibilit\u00e9 au fil du temps. Des attentes r\u00e9alistes concernant l&#039;ampleur de l&#039;abaissement, l&#039;apparence de la cicatrice et le d\u00e9lai de r\u00e9cup\u00e9ration sont essentielles \u00e0 la satisfaction du patient. Un suivi \u00e0 long terme et des soins appropri\u00e9s des cicatrices contribuent au meilleur r\u00e9sultat possible.<\/p>\n\n\n\n<p>Pour les personnes g\u00ean\u00e9es par un front haut, l&#039;abaissement de la ligne frontale peut \u00eatre une intervention transformatrice, am\u00e9liorant l&#039;harmonie du visage, renfor\u00e7ant la confiance en soi et offrant une plus grande libert\u00e9 de choix capillaire. Cependant, il s&#039;agit d&#039;une intervention chirurgicale comportant des risques potentiels, et la d\u00e9cision de recourir \u00e0 une intervention chirurgicale doit \u00eatre prise apr\u00e8s m\u00fbre r\u00e9flexion et une discussion approfondie avec un professionnel de sant\u00e9 qualifi\u00e9.<\/p>\n\n\n\n<p>D\u00e9couvrez l&#039;expertise du Dr Ebru Okyay, votre m\u00e9decin de confiance&nbsp;<a href=\"https:\/\/drebruokyay.com\/fr\/a-propos-de-nous\/\" target=\"_blank\" rel=\"noreferrer noopener\">dermatologue<\/a>&nbsp;dans&nbsp;<a href=\"https:\/\/antalya.goturkiye.com\/homepage\" target=\"_blank\" rel=\"noreferrer noopener nofollow\">Antalya<\/a>Que vous cherchiez \u00e0 r\u00e9soudre des probl\u00e8mes de peau d&#039;origine m\u00e9dicale ou \u00e0 am\u00e9liorer votre beaut\u00e9 naturelle gr\u00e2ce \u00e0 des traitements cosm\u00e9tiques, le Dr Okyay est l\u00e0 pour vous aider. Gr\u00e2ce \u00e0 des soins personnalis\u00e9s et \u00e0 des techniques avanc\u00e9es, atteindre vos objectifs en mati\u00e8re de peau n&#039;a jamais \u00e9t\u00e9 aussi simple.<\/p>","protected":false},"excerpt":{"rendered":"<p>Une structure faciale \u00e9quilibr\u00e9e et harmonieuse est souvent consid\u00e9r\u00e9e comme un atout esth\u00e9tique majeur. La position et la forme de la ligne des cheveux sont des facteurs importants qui contribuent \u00e0 cet \u00e9quilibre. Une ligne des cheveux haute ou recul\u00e9e peut donner l&#039;impression d&#039;un grand front, ce que certaines personnes jugent disproportionn\u00e9 ou signe de vieillissement. Si les traitements contre la chute des cheveux et la greffe capillaire s&#039;attaquent aux probl\u00e8mes de densit\u00e9 et de recul capillaire caus\u00e9s par des affections comme l&#039;alop\u00e9cie androg\u00e9n\u00e9tique (calvitie masculine ou f\u00e9minine), l&#039;abaissement chirurgical de la ligne des cheveux, \u00e9galement appel\u00e9 r\u00e9duction ou avancement du front, est une intervention sp\u00e9cifiquement con\u00e7ue pour avancer physiquement le cuir chevelu, diminuant ainsi la hauteur du front. \u00c0 Antalya, l&#039;abaissement de la ligne des cheveux est une option de plus en plus populaire pour ceux qui recherchent cette am\u00e9lioration esth\u00e9tique, alliant l&#039;acc\u00e8s \u00e0 des professionnels de sant\u00e9 exp\u00e9riment\u00e9s et le charme d&#039;une destination internationale dynamique. D&#039;un point de vue m\u00e9dical, il est fondamental de comprendre l&#039;anatomie du front et du cuir chevelu avant d&#039;envisager toute intervention. Le front est la zone d\u00e9limit\u00e9e en haut par la ligne des cheveux, en bas par les sourcils et lat\u00e9ralement par les arcades sourcili\u00e8res temporales. Sa hauteur est un facteur d\u00e9terminant de l&#039;harmonie g\u00e9n\u00e9rale du visage. Le cuir chevelu est une structure complexe compos\u00e9e de plusieurs couches\u00a0: la peau, le tissu sous-cutan\u00e9, l\u2019apon\u00e9vrose \u00e9pineuse, une couche de tissu ar\u00e9olaire l\u00e2che et, enfin, le p\u00e9rioste recouvrant l\u2019os cr\u00e2nien. L\u2019\u00e9lasticit\u00e9 du cuir chevelu est un facteur d\u00e9terminant pour l\u2019avancement potentiel de la ligne frontale par abaissement chirurgical. Un cuir chevelu souple peut \u00eatre \u00e9tir\u00e9 plus facilement pour recouvrir la zone de peau du front retir\u00e9e. Comprendre l\u2019anatomie et l\u2019esth\u00e9tique du front\u00a0: la dimension verticale du front est g\u00e9n\u00e9ralement mesur\u00e9e de la glabelle (la zone lisse entre les sourcils) \u00e0 la ligne frontale. Bien qu\u2019il n\u2019existe pas de hauteur de front \u201c\u00a0id\u00e9ale\u00a0\u201d, une mesure moyenne est souvent cit\u00e9e entre 5 et 7\u00a0centim\u00e8tres. Tout \u00e9cart par rapport \u00e0 cette mesure, en particulier les hauteurs sup\u00e9rieures \u00e0 cette fourchette, peut \u00eatre per\u00e7u comme un front haut. Une ligne frontale haute peut \u00eatre cong\u00e9nitale (pr\u00e9sente d\u00e8s la naissance) ou acquise, souvent en raison de facteurs tels que le vieillissement, certaines coiffures provoquant une alop\u00e9cie de traction, des interventions chirurgicales ant\u00e9rieures ou simplement la g\u00e9n\u00e9tique. Cela peut contribuer \u00e0 une impression de disproportion, donnant l&#039;impression d&#039;un visage plus long ou d&#039;une pr\u00e9dominance du tiers sup\u00e9rieur du visage par rapport \u00e0 la structure globale. L&#039;objectif de la chirurgie d&#039;abaissement de la ligne frontale n&#039;est pas seulement de d\u00e9placer les cheveux vers l&#039;avant, mais de cr\u00e9er des proportions faciales plus harmonieuses et esth\u00e9tiques. Cela implique une planification minutieuse afin que la nouvelle position de la ligne frontale soit naturelle, qu&#039;elle mette en valeur les traits du visage et qu&#039;elle soit en harmonie avec les sourcils et les autres \u00e9l\u00e9ments faciaux. Du point de vue du dermatologue, bien que l&#039;intervention chirurgicale elle-m\u00eame rel\u00e8ve de la comp\u00e9tence des chirurgiens plasticiens ou maxillo-faciaux, la sant\u00e9 du cuir chevelu et des follicules pileux est primordiale avant et apr\u00e8s l&#039;intervention. Un dermatologue peut \u00eatre impliqu\u00e9 dans l&#039;\u00e9valuation de l&#039;\u00e9tat du cuir chevelu, le diagnostic de tout probl\u00e8me sous-jacent de chute de cheveux (qui peut influencer le choix entre l&#039;abaissement de la ligne frontale, la greffe de cheveux ou une approche combin\u00e9e) et la fourniture de conseils sur la gestion des cicatrices et la sant\u00e9 du cuir chevelu apr\u00e8s l&#039;op\u00e9ration. Des affections telles que la dermatite s\u00e9borrh\u00e9ique, le psoriasis du cuir chevelu ou une chute de cheveux active doivent \u00eatre trait\u00e9es et contr\u00f4l\u00e9es avant d&#039;envisager une intervention chirurgicale afin d&#039;assurer une cicatrisation optimale et une repousse des cheveux le long de la nouvelle ligne frontale. Raisons d&#039;une intervention pour abaisser la ligne frontale : Les personnes souhaitant abaisser leur ligne frontale ont diverses motivations, principalement ax\u00e9es sur l&#039;am\u00e9lioration de l&#039;esth\u00e9tique du visage et la prise en compte de l&#039;impact psychologique d&#039;un front haut. Il est essentiel de distinguer les motivations d&#039;une intervention pour abaisser la ligne frontale de celles des personnes recherchant un traitement contre la chute des cheveux. L&#039;abaissement de la ligne frontale vise \u00e0 modifier la position d&#039;une ligne frontale saine, tandis que la greffe de cheveux cible la densit\u00e9 ou la pr\u00e9sence de cheveux dans les zones touch\u00e9es par la chute. Bien que certaines personnes puissent b\u00e9n\u00e9ficier d&#039;une approche combin\u00e9e si elles pr\u00e9sentent \u00e0 la fois une ligne frontale haute et des zones clairsem\u00e9es, l&#039;objectif principal de l&#039;abaissement de la ligne frontale est la r\u00e9duction structurelle du front. Avancement chirurgical de la ligne frontale : Explication de la proc\u00e9dure L&#039;avancement chirurgical de la ligne frontale est la technique la plus courante pour abaisser la ligne frontale. Cette proc\u00e9dure consiste \u00e0 retirer chirurgicalement une bande de peau du front et \u00e0 avancer le cuir chevelu jusqu&#039;\u00e0 la nouvelle limite frontale, plus basse. L&#039;amplitude de l&#039;avancement d\u00e9pend directement de l&#039;\u00e9lasticit\u00e9 du cuir chevelu du patient. Phase pr\u00e9op\u00e9ratoire Une consultation approfondie est indispensable avant l&#039;intervention. L&#039;intervention chirurgicale se d\u00e9roule g\u00e9n\u00e9ralement sous anesth\u00e9sie g\u00e9n\u00e9rale, bien qu&#039;une anesth\u00e9sie locale avec s\u00e9dation puisse \u00eatre envisag\u00e9e dans certains cas. Elle comprend plusieurs \u00e9tapes cl\u00e9s. Sa dur\u00e9e varie g\u00e9n\u00e9ralement de 1,5 \u00e0 3 heures, selon la complexit\u00e9 de l&#039;intervention et l&#039;importance de l&#039;abaissement. Au cours de l&#039;intervention, les chirurgiens doivent pr\u00e9server plusieurs structures anatomiques essentielles. L&#039;incision trichophytique est une technique sophistiqu\u00e9e qui distingue l&#039;abaissement de la ligne frontale d&#039;une simple excision cutan\u00e9e suivie d&#039;une suture. En incisant en biais, le chirurgien pr\u00e9serve les follicules pileux au bord du lambeau de cuir chevelu. Lorsque ce lambeau est avanc\u00e9 et sutur\u00e9 \u00e0 la peau du front, ces follicules pr\u00e9serv\u00e9s sont positionn\u00e9s de mani\u00e8re \u00e0 repousser \u00e0 travers la cicatrice. Ceci permet une transition naturelle et r\u00e9duit consid\u00e9rablement la visibilit\u00e9 de la cicatrice par rapport \u00e0 une incision perpendiculaire classique o\u00f9 la repousse des cheveux est interrompue au niveau de la cicatrice. L&#039;abaissement chirurgical de la ligne frontale ne convient pas \u00e0 tous. Une \u00e9valuation approfondie par un chirurgien exp\u00e9riment\u00e9 est essentielle pour d\u00e9terminer si l&#039;intervention est appropri\u00e9e et pour g\u00e9rer les attentes. Les principaux facteurs pris en compte sont les suivants\u00a0: les personnes pr\u00e9sentant une chute de cheveux diffuse importante, une faible laxit\u00e9 du cuir chevelu ou des ant\u00e9c\u00e9dents de cicatrices ch\u00e9lo\u00efdes (cicatrices \u00e9paisses et sur\u00e9lev\u00e9es) peuvent ne pas \u00eatre de bons candidats pour un abaissement chirurgical de la ligne frontale. Dans ces cas, d&#039;autres options, comme plusieurs s\u00e9ances de greffe de cheveux, pourraient \u00eatre plus appropri\u00e9es. La consultation\u00a0: une premi\u00e8re \u00e9tape cruciale. La consultation initiale est la base d&#039;une intervention d&#039;abaissement de la ligne frontale r\u00e9ussie. C&#039;est l&#039;occasion pour le patient de rencontrer le chirurgien, de discuter de ses pr\u00e9occupations et de ses objectifs, et pour le chirurgien d&#039;\u00e9valuer l&#039;\u00e9ligibilit\u00e9 du patient et d&#039;\u00e9laborer un plan chirurgical personnalis\u00e9. Au cours de la consultation, le chirurgien\u00a0: Il est recommand\u00e9 aux patients de venir pr\u00e9par\u00e9s avec une liste de questions. Voici quelques questions importantes \u00e0 poser.<\/p>","protected":false},"author":1,"featured_media":2115,"comment_status":"open","ping_status":"open","sticky":false,"template":"","format":"standard","meta":{"_daextam_enable_autolinks":"1","site-sidebar-layout":"default","site-content-layout":"","ast-site-content-layout":"","site-content-style":"default","site-sidebar-style":"default","ast-global-header-display":"","ast-banner-title-visibility":"","ast-main-header-display":"","ast-hfb-above-header-display":"","ast-hfb-below-header-display":"","ast-hfb-mobile-header-display":"","site-post-title":"","ast-breadcrumbs-content":"","ast-featured-img":"","footer-sml-layout":"","ast-disable-related-posts":"","theme-transparent-header-meta":"","adv-header-id-meta":"","stick-header-meta":"","header-above-stick-meta":"","header-main-stick-meta":"","header-below-stick-meta":"","astra-migrate-meta-layouts":"default","ast-page-background-enabled":"default","ast-page-background-meta":{"desktop":{"background-color":"var(--ast-global-color-4)","background-image":"","background-repeat":"repeat","background-position":"center center","background-size":"auto","background-attachment":"scroll","background-type":"","background-media":"","overlay-type":"","overlay-color":"","overlay-opacity":"","overlay-gradient":""},"tablet":{"background-color":"","background-image":"","background-repeat":"repeat","background-position":"center center","background-size":"auto","background-attachment":"scroll","background-type":"","background-media":"","overlay-type":"","overlay-color":"","overlay-opacity":"","overlay-gradient":""},"mobile":{"background-color":"","background-image":"","background-repeat":"repeat","background-position":"center center","background-size":"auto","background-attachment":"scroll","background-type":"","background-media":"","overlay-type":"","overlay-color":"","overlay-opacity":"","overlay-gradient":""}},"ast-content-background-meta":{"desktop":{"background-color":"var(--ast-global-color-5)","background-image":"","background-repeat":"repeat","background-position":"center center","background-size":"auto","background-attachment":"scroll","background-type":"","background-media":"","overlay-type":"","overlay-color":"","overlay-opacity":"","overlay-gradient":""},"tablet":{"background-color":"var(--ast-global-color-5)","background-image":"","background-repeat":"repeat","background-position":"center center","background-size":"auto","background-attachment":"scroll","background-type":"","background-media":"","overlay-type":"","overlay-color":"","overlay-opacity":"","overlay-gradient":""},"mobile":{"background-color":"var(--ast-global-color-5)","background-image":"","background-repeat":"repeat","background-position":"center center","background-size":"auto","background-attachment":"scroll","background-type":"","background-media":"","overlay-type":"","overlay-color":"","overlay-opacity":"","overlay-gradient":""}},"footnotes":""},"categories":[22],"tags":[],"class_list":["post-2114","post","type-post","status-publish","format-standard","has-post-thumbnail","hentry","category-hair-and-hair-transplantation"],"_links":{"self":[{"href":"https:\/\/drebruokyay.com\/fr\/wp-json\/wp\/v2\/posts\/2114","targetHints":{"allow":["GET"]}}],"collection":[{"href":"https:\/\/drebruokyay.com\/fr\/wp-json\/wp\/v2\/posts"}],"about":[{"href":"https:\/\/drebruokyay.com\/fr\/wp-json\/wp\/v2\/types\/post"}],"author":[{"embeddable":true,"href":"https:\/\/drebruokyay.com\/fr\/wp-json\/wp\/v2\/users\/1"}],"replies":[{"embeddable":true,"href":"https:\/\/drebruokyay.com\/fr\/wp-json\/wp\/v2\/comments?post=2114"}],"version-history":[{"count":2,"href":"https:\/\/drebruokyay.com\/fr\/wp-json\/wp\/v2\/posts\/2114\/revisions"}],"predecessor-version":[{"id":2119,"href":"https:\/\/drebruokyay.com\/fr\/wp-json\/wp\/v2\/posts\/2114\/revisions\/2119"}],"wp:featuredmedia":[{"embeddable":true,"href":"https:\/\/drebruokyay.com\/fr\/wp-json\/wp\/v2\/media\/2115"}],"wp:attachment":[{"href":"https:\/\/drebruokyay.com\/fr\/wp-json\/wp\/v2\/media?parent=2114"}],"wp:term":[{"taxonomy":"category","embeddable":true,"href":"https:\/\/drebruokyay.com\/fr\/wp-json\/wp\/v2\/categories?post=2114"},{"taxonomy":"post_tag","embeddable":true,"href":"https:\/\/drebruokyay.com\/fr\/wp-json\/wp\/v2\/tags?post=2114"}],"curies":[{"name":"wp","href":"https:\/\/api.w.org\/{rel}","templated":true}]}}