{"id":1024,"date":"2024-11-19T09:41:22","date_gmt":"2024-11-19T09:41:22","guid":{"rendered":"https:\/\/drebruokyay.com\/?p=1024"},"modified":"2024-11-24T09:51:17","modified_gmt":"2024-11-24T09:51:17","slug":"quelle-est-la-cause-principale-du-melasma-decouvrez-la-des-maintenant-grace-a-notre-guide-ultime","status":"publish","type":"post","link":"https:\/\/drebruokyay.com\/fr\/what-is-the-main-cause-of-melasma-learn-now-from-our-ultimate-guide\/","title":{"rendered":"Quelle est la cause principale du m\u00e9lasma ? D\u00e9couvrez-la d\u00e8s maintenant gr\u00e2ce \u00e0 notre guide ultime !"},"content":{"rendered":"<p>Le m\u00e9lasma, une affection cutan\u00e9e courante caract\u00e9ris\u00e9e par des taches brunes ou gris\u00e2tres sur le visage, en particulier sur les joues, le front, le nez et la l\u00e8vre sup\u00e9rieure, touche des millions de personnes dans le monde. Bien que sa cause exacte reste insaisissable, une interaction complexe de facteurs contribue \u00e0 son d\u00e9veloppement. Il est essentiel de comprendre ces facteurs pour assurer une pr\u00e9vention et un traitement efficaces. Cet article explore les principales causes du m\u00e9lasma, en se concentrant sur l'exposition au soleil, les influences hormonales et les pr\u00e9dispositions g\u00e9n\u00e9tiques.<\/p>\n\n\n\n<figure class=\"wp-block-image size-large\"><img fetchpriority=\"high\" decoding=\"async\" width=\"1024\" height=\"576\" src=\"https:\/\/drebruokyay.com\/wp-content\/uploads\/2024\/11\/image-38-1024x576.png\" alt=\"\" class=\"wp-image-1028\" srcset=\"https:\/\/drebruokyay.com\/wp-content\/uploads\/2024\/11\/image-38-1024x576.png 1024w, https:\/\/drebruokyay.com\/wp-content\/uploads\/2024\/11\/image-38-300x169.png 300w, https:\/\/drebruokyay.com\/wp-content\/uploads\/2024\/11\/image-38-768x432.png 768w, https:\/\/drebruokyay.com\/wp-content\/uploads\/2024\/11\/image-38-1536x864.png 1536w, https:\/\/drebruokyay.com\/wp-content\/uploads\/2024\/11\/image-38.png 1920w\" sizes=\"(max-width: 1024px) 100vw, 1024px\" \/><\/figure>\n\n\n\n<div id=\"ez-toc-container\" class=\"ez-toc-v2_0_82_2 ez-toc-wrap-left counter-hierarchy ez-toc-counter ez-toc-transparent ez-toc-container-direction\">\n<div class=\"ez-toc-title-container\">\n<p class=\"ez-toc-title\" style=\"cursor:inherit\">Table des mati\u00e8res<\/p>\n<span class=\"ez-toc-title-toggle\"><a href=\"#\" class=\"ez-toc-pull-right ez-toc-btn ez-toc-btn-xs ez-toc-btn-default ez-toc-toggle\" aria-label=\"Toggle Table des mati\u00e8res\"><span class=\"ez-toc-js-icon-con\"><span class=\"\"><span class=\"eztoc-hide\" style=\"display:none;\">Basculer<\/span><span class=\"ez-toc-icon-toggle-span\"><svg style=\"fill: #999;color:#999\" xmlns=\"http:\/\/www.w3.org\/2000\/svg\" class=\"list-377408\" width=\"20px\" height=\"20px\" viewbox=\"0 0 24 24\" fill=\"none\"><path d=\"M6 6H4v2h2V6zm14 0H8v2h12V6zM4 11h2v2H4v-2zm16 0H8v2h12v-2zM4 16h2v2H4v-2zm16 0H8v2h12v-2z\" fill=\"currentColor\"><\/path><\/svg><svg style=\"fill: #999;color:#999\" class=\"arrow-unsorted-368013\" xmlns=\"http:\/\/www.w3.org\/2000\/svg\" width=\"10px\" height=\"10px\" viewbox=\"0 0 24 24\" version=\"1.2\" baseprofile=\"tiny\"><path d=\"M18.2 9.3l-6.2-6.3-6.2 6.3c-.2.2-.3.4-.3.7s.1.5.3.7c.2.2.4.3.7.3h11c.3 0 .5-.1.7-.3.2-.2.3-.5.3-.7s-.1-.5-.3-.7zM5.8 14.7l6.2 6.3 6.2-6.3c.2-.2.3-.5.3-.7s-.1-.5-.3-.7c-.2-.2-.4-.3-.7-.3h-11c-.3 0-.5.1-.7.3-.2.2-.3.5-.3.7s.1.5.3.7z\"\/><\/svg><\/span><\/span><\/span><\/a><\/span><\/div>\n<nav><ul class='ez-toc-list ez-toc-list-level-1' ><li class='ez-toc-page-1 ez-toc-heading-level-2'><a class=\"ez-toc-link ez-toc-heading-1\" href=\"https:\/\/drebruokyay.com\/fr\/what-is-the-main-cause-of-melasma-learn-now-from-our-ultimate-guide\/#Understanding_Melasmas_Development\" >Comprendre le d\u00e9veloppement du m\u00e9lasma<\/a><\/li><li class='ez-toc-page-1 ez-toc-heading-level-2'><a class=\"ez-toc-link ez-toc-heading-2\" href=\"https:\/\/drebruokyay.com\/fr\/what-is-the-main-cause-of-melasma-learn-now-from-our-ultimate-guide\/#The_Role_of_Sun_Exposure_in_Melasma\" >Le r\u00f4le de l'exposition au soleil dans le m\u00e9lasma<\/a><\/li><li class='ez-toc-page-1 ez-toc-heading-level-2'><a class=\"ez-toc-link ez-toc-heading-3\" href=\"https:\/\/drebruokyay.com\/fr\/what-is-the-main-cause-of-melasma-learn-now-from-our-ultimate-guide\/#Hormonal_Influences_and_Melasma\" >Influences hormonales et m\u00e9lasma<\/a><\/li><li class='ez-toc-page-1 ez-toc-heading-level-2'><a class=\"ez-toc-link ez-toc-heading-4\" href=\"https:\/\/drebruokyay.com\/fr\/what-is-the-main-cause-of-melasma-learn-now-from-our-ultimate-guide\/#Genetic_Predisposition_and_Melasma\" >Pr\u00e9disposition g\u00e9n\u00e9tique et m\u00e9lasma<\/a><\/li><\/ul><\/nav><\/div>\n<h2 class=\"wp-block-heading\"><span class=\"ez-toc-section\" id=\"Understanding_Melasmas_Development\"><\/span>Comprendre le d\u00e9veloppement du m\u00e9lasma<span class=\"ez-toc-section-end\"><\/span><\/h2>\n\n\n\n<p>Le m\u00e9lasma est un trouble de l'hyperpigmentation, c'est-\u00e0-dire qu'il implique une augmentation de la production de m\u00e9lanine. La m\u00e9lanine est le pigment responsable de la couleur de la peau. Dans le cas du m\u00e9lasma, les m\u00e9lanocytes, les cellules qui produisent la m\u00e9lanine, deviennent hyperactifs, ce qui entra\u00eene la d\u00e9coloration caract\u00e9ristique. Cette surproduction n'est pas simplement une question d'augmentation de la quantit\u00e9 de m\u00e9lanine ; elle implique \u00e9galement des changements dans la distribution et le type de m\u00e9lanine produite. Les m\u00e9canismes exacts \u00e0 l'origine de cette production accrue de m\u00e9lanine font encore l'objet de recherches, mais on sait que plusieurs facteurs cl\u00e9s jouent un r\u00f4le important.<\/p>\n\n\n\n<p>Les taches de m\u00e9lasma sont g\u00e9n\u00e9ralement sym\u00e9triques et ont tendance \u00e0 s'aggraver avec l'exposition au soleil. Elles apparaissent souvent progressivement et peuvent varier en intensit\u00e9 en fonction de l'individu et des facteurs contributifs. Bien qu'il ne soit pas nocif en soi, le m\u00e9lasma peut \u00eatre p\u00e9nible en raison de son impact cosm\u00e9tique. De nombreuses personnes recherchent un traitement pour r\u00e9duire l'apparence de l'hyperpigmentation et am\u00e9liorer leur confiance en elles.<\/p>\n\n\n\n<p>Comprendre les causes sous-jacentes du m\u00e9lasma est la premi\u00e8re \u00e9tape d'une prise en charge efficace. Il s'agit de prendre en compte non pas un seul facteur, mais l'interaction de plusieurs d'entre eux, notamment la g\u00e9n\u00e9tique, les hormones et les d\u00e9clencheurs environnementaux. Une approche holistique du traitement donne souvent les meilleurs r\u00e9sultats.<\/p>\n\n\n\n<p>Les options de traitement du m\u00e9lasma sont vari\u00e9es et d\u00e9pendent de la gravit\u00e9 de l'affection et de la r\u00e9action individuelle. Ces options vont des cr\u00e8mes topiques contenant de l'hydroquinone, des r\u00e9tino\u00efdes ou de l'acide az\u00e9la\u00efque aux peelings chimiques, \u00e0 la microdermabrasion et aux traitements au laser.<\/p>\n\n\n\n<figure class=\"wp-block-image size-large\"><img decoding=\"async\" width=\"1024\" height=\"576\" src=\"https:\/\/drebruokyay.com\/wp-content\/uploads\/2024\/11\/image-39-1024x576.png\" alt=\"Le r\u00f4le de l&#039;exposition au soleil dans le m\u00e9lasma\" class=\"wp-image-1030\" srcset=\"https:\/\/drebruokyay.com\/wp-content\/uploads\/2024\/11\/image-39-1024x576.png 1024w, https:\/\/drebruokyay.com\/wp-content\/uploads\/2024\/11\/image-39-300x169.png 300w, https:\/\/drebruokyay.com\/wp-content\/uploads\/2024\/11\/image-39-768x432.png 768w, https:\/\/drebruokyay.com\/wp-content\/uploads\/2024\/11\/image-39-1536x864.png 1536w, https:\/\/drebruokyay.com\/wp-content\/uploads\/2024\/11\/image-39.png 1920w\" sizes=\"(max-width: 1024px) 100vw, 1024px\" \/><\/figure>\n\n\n\n<h2 class=\"wp-block-heading\"><span class=\"ez-toc-section\" id=\"The_Role_of_Sun_Exposure_in_Melasma\"><\/span>Le r\u00f4le de l'exposition au soleil dans le m\u00e9lasma<span class=\"ez-toc-section-end\"><\/span><\/h2>\n\n\n\n<p>Les rayons ultraviolets (UV) du soleil sont un facteur important de d\u00e9clenchement et d'exacerbation du m\u00e9lasma. L'exposition aux UV stimule les m\u00e9lanocytes, ce qui entra\u00eene une augmentation de la production de m\u00e9lanine. Cette activit\u00e9 accrue est une r\u00e9ponse directe \u00e0 la tentative de la peau de se prot\u00e9ger des dommages caus\u00e9s par le soleil. L'hyperpigmentation qui en r\u00e9sulte est souvent plus prononc\u00e9e dans les zones expos\u00e9es au soleil, comme le visage.<\/p>\n\n\n\n<p>Une exposition au soleil, m\u00eame mod\u00e9r\u00e9e, peut aggraver un m\u00e9lasma existant ou d\u00e9clencher son apparition chez les personnes pr\u00e9dispos\u00e9es. C'est pourquoi la protection solaire est essentielle pour pr\u00e9venir et traiter le m\u00e9lasma. L'utilisation d'un \u00e9cran solaire \u00e0 large spectre avec un FPS de 30 ou plus est cruciale, m\u00eame par temps nuageux. Se mettre \u00e0 l'ombre pendant les heures d'ensoleillement maximum et porter des v\u00eatements protecteurs, tels que des chapeaux et des manches longues, permet de minimiser encore l'exposition aux UV.<\/p>\n\n\n\n<p>Le type de rayonnement UV joue un r\u00f4le. Les rayons UVA p\u00e9n\u00e8trent plus profond\u00e9ment dans la peau et sont particuli\u00e8rement impliqu\u00e9s dans le d\u00e9veloppement du m\u00e9lasma. Les rayons UVA sont pr\u00e9sents m\u00eame par temps nuageux, ce qui souligne la n\u00e9cessit\u00e9 d'une protection solaire constante.<\/p>\n\n\n\n<p>L'effet cumulatif de l'exposition au soleil au fil du temps est significatif. Des ann\u00e9es d'exposition au soleil sans protection peuvent contribuer au d\u00e9veloppement et \u00e0 l'aggravation du m\u00e9lasma, ce qui souligne l'importance d'une protection solaire pr\u00e9coce et constante.<\/p>\n\n\n\n<figure class=\"wp-block-image size-large\"><img decoding=\"async\" width=\"1024\" height=\"767\" src=\"https:\/\/drebruokyay.com\/wp-content\/uploads\/2024\/11\/image-36-1024x767.png\" alt=\"Quelle est la principale cause du m\u00e9lasma ?\" class=\"wp-image-1026\" srcset=\"https:\/\/drebruokyay.com\/wp-content\/uploads\/2024\/11\/image-36-1024x767.png 1024w, https:\/\/drebruokyay.com\/wp-content\/uploads\/2024\/11\/image-36-300x225.png 300w, https:\/\/drebruokyay.com\/wp-content\/uploads\/2024\/11\/image-36-768x575.png 768w, https:\/\/drebruokyay.com\/wp-content\/uploads\/2024\/11\/image-36-1536x1150.png 1536w, https:\/\/drebruokyay.com\/wp-content\/uploads\/2024\/11\/image-36.png 1920w\" sizes=\"(max-width: 1024px) 100vw, 1024px\" \/><\/figure>\n\n\n\n<h2 class=\"wp-block-heading\"><span class=\"ez-toc-section\" id=\"Hormonal_Influences_and_Melasma\"><\/span>Influences hormonales et m\u00e9lasma<span class=\"ez-toc-section-end\"><\/span><\/h2>\n\n\n\n<p>Les fluctuations des taux d'hormones sont fortement associ\u00e9es au m\u00e9lasma. C'est pourquoi le m\u00e9lasma est plus fr\u00e9quent chez les femmes, en particulier pendant la grossesse (souvent appel\u00e9 \"masque de grossesse\") et avec l'utilisation de contraceptifs hormonaux. Les hormones \u0153strog\u00e8nes et progest\u00e9rone joueraient un r\u00f4le cl\u00e9 dans la stimulation des m\u00e9lanocytes et l'augmentation de la production de m\u00e9lanine.<\/p>\n\n\n\n<p>Le m\u00e9lasma li\u00e9 \u00e0 la grossesse dispara\u00eet g\u00e9n\u00e9ralement apr\u00e8s l'accouchement, lorsque les taux d'hormones reviennent \u00e0 la normale. Cependant, certaines femmes peuvent pr\u00e9senter un m\u00e9lasma persistant m\u00eame apr\u00e8s la grossesse. De m\u00eame, l'arr\u00eat de la contraception hormonale peut entra\u00eener une r\u00e9duction de la gravit\u00e9 du m\u00e9lasma chez certaines personnes.<\/p>\n\n\n\n<p>Des pathologies telles que le syndrome des ovaires polykystiques (SOPK), qui se caract\u00e9rise par des d\u00e9s\u00e9quilibres hormonaux, sont \u00e9galement li\u00e9es \u00e0 un risque accru de m\u00e9lasma. Le d\u00e9r\u00e8glement hormonal sous-jacent au SOPK peut contribuer \u00e0 la surproduction de m\u00e9lanine.<\/p>\n\n\n\n<p>Il est essentiel de comprendre le lien hormonal pour g\u00e9rer le m\u00e9lasma. S'il n'est pas toujours possible de contr\u00f4ler les changements hormonaux, la gestion d'autres facteurs contributifs, comme l'exposition au soleil, peut avoir un impact significatif sur la s\u00e9v\u00e9rit\u00e9 du m\u00e9lasma.<\/p>\n\n\n\n<figure class=\"wp-block-image size-large\"><img loading=\"lazy\" decoding=\"async\" width=\"1024\" height=\"768\" src=\"https:\/\/drebruokyay.com\/wp-content\/uploads\/2024\/11\/image-37-1024x768.png\" alt=\"Pr\u00e9disposition g\u00e9n\u00e9tique et m\u00e9lasma\" class=\"wp-image-1027\" srcset=\"https:\/\/drebruokyay.com\/wp-content\/uploads\/2024\/11\/image-37-1024x768.png 1024w, https:\/\/drebruokyay.com\/wp-content\/uploads\/2024\/11\/image-37-300x225.png 300w, https:\/\/drebruokyay.com\/wp-content\/uploads\/2024\/11\/image-37-768x576.png 768w, https:\/\/drebruokyay.com\/wp-content\/uploads\/2024\/11\/image-37.png 1280w\" sizes=\"(max-width: 1024px) 100vw, 1024px\" \/><\/figure>\n\n\n\n<h2 class=\"wp-block-heading\"><span class=\"ez-toc-section\" id=\"Genetic_Predisposition_and_Melasma\"><\/span>Pr\u00e9disposition g\u00e9n\u00e9tique et m\u00e9lasma<span class=\"ez-toc-section-end\"><\/span><\/h2>\n\n\n\n<p>Les facteurs g\u00e9n\u00e9tiques jouent un r\u00f4le important dans la susceptibilit\u00e9 d'un individu au m\u00e9lasma. Les personnes ayant des ant\u00e9c\u00e9dents familiaux de m\u00e9lasma ont un risque plus \u00e9lev\u00e9 de d\u00e9velopper la maladie. Cela sugg\u00e8re que les variations g\u00e9n\u00e9tiques peuvent influencer l'activit\u00e9 des m\u00e9lanocytes et la r\u00e9ponse aux d\u00e9clencheurs environnementaux.<\/p>\n\n\n\n<p>Des g\u00e8nes sp\u00e9cifiques impliqu\u00e9s dans la production de m\u00e9lanine et la pigmentation de la peau sont susceptibles de contribuer \u00e0 cette pr\u00e9disposition g\u00e9n\u00e9tique. Des recherches sont en cours pour identifier ces g\u00e8nes sp\u00e9cifiques et leur influence sur le d\u00e9veloppement du m\u00e9lasma.<\/p>\n\n\n\n<p>Si la g\u00e9n\u00e9tique peut augmenter le risque, elle ne d\u00e9termine pas le r\u00e9sultat. Les personnes ayant une pr\u00e9disposition g\u00e9n\u00e9tique peuvent encore \u00e9viter ou minimiser le m\u00e9lasma en prot\u00e9geant diligemment leur peau de l'exposition au soleil et en g\u00e9rant d'autres facteurs contributifs.<\/p>\n\n\n\n<p>La compr\u00e9hension de la composante g\u00e9n\u00e9tique souligne l'importance des approches personnalis\u00e9es de la pr\u00e9vention et du traitement du m\u00e9lasma. Les ant\u00e9c\u00e9dents familiaux doivent \u00eatre pris en compte lors de l'\u00e9valuation du risque individuel et de l'adaptation des strat\u00e9gies de traitement.<\/p>\n\n\n\n<p>En conclusion, le m\u00e9lasma est une affection complexe r\u00e9sultant de l'interaction entre l'exposition au soleil, les influences hormonales et la pr\u00e9disposition g\u00e9n\u00e9tique. Bien qu'il n'existe pas de cause unique d\u00e9finitive, il est essentiel de comprendre ces facteurs contributifs pour une pr\u00e9vention et une prise en charge efficaces. Il est essentiel de prot\u00e9ger la peau des dommages caus\u00e9s par le soleil en utilisant r\u00e9guli\u00e8rement un \u00e9cran solaire et en prenant d'autres mesures de protection, ainsi que de rem\u00e9dier \u00e0 tout d\u00e9s\u00e9quilibre hormonal sous-jacent. Une approche globale prenant en compte les facteurs de risque individuels et int\u00e9grant les options de traitement appropri\u00e9es offre les meilleures chances de g\u00e9rer et de minimiser l'apparence du m\u00e9lasma.<\/p>\n\n\n\n<p>D\u00e9couvrez l&#039;expertise du Dr Ebru Okyay, votre m\u00e9decin de confiance\u00a0<a href=\"https:\/\/drebruokyay.com\/fr\/a-propos-de-nous\/\" target=\"_blank\" rel=\"noreferrer noopener\">dermatologue<\/a>\u00a0dans\u00a0<a href=\"https:\/\/antalya.goturkiye.com\/homepage\" target=\"_blank\" rel=\"noreferrer noopener nofollow\">Antalya<\/a>Que vous cherchiez \u00e0 r\u00e9soudre des probl\u00e8mes de peau d&#039;origine m\u00e9dicale ou \u00e0 am\u00e9liorer votre beaut\u00e9 naturelle gr\u00e2ce \u00e0 des traitements cosm\u00e9tiques, le Dr Okyay est l\u00e0 pour vous aider. Gr\u00e2ce \u00e0 des soins personnalis\u00e9s et \u00e0 des techniques avanc\u00e9es, atteindre vos objectifs en mati\u00e8re de peau n&#039;a jamais \u00e9t\u00e9 aussi simple.<\/p>","protected":false},"excerpt":{"rendered":"<p>D\u00e9couvrez la cause profonde du m\u00e9lasma. Cet article explore le d\u00e9clencheur principal de cette affection cutan\u00e9e courante, en s&#039;int\u00e9ressant aux influences hormonales, \u00e0 l&#039;exposition au soleil et \u00e0 la pr\u00e9disposition g\u00e9n\u00e9tique. Apprenez \u00e0 identifier vos facteurs de risque et \u00e0 explorer les options de traitement efficaces. #m\u00e9lasma #hyperpigmentation #soins de la peau<\/p>","protected":false},"author":1,"featured_media":1025,"comment_status":"open","ping_status":"open","sticky":false,"template":"","format":"standard","meta":{"_daextam_enable_autolinks":"1","site-sidebar-layout":"default","site-content-layout":"","ast-site-content-layout":"","site-content-style":"default","site-sidebar-style":"default","ast-global-header-display":"","ast-banner-title-visibility":"","ast-main-header-display":"","ast-hfb-above-header-display":"","ast-hfb-below-header-display":"","ast-hfb-mobile-header-display":"","site-post-title":"","ast-breadcrumbs-content":"","ast-featured-img":"","footer-sml-layout":"","ast-disable-related-posts":"","theme-transparent-header-meta":"","adv-header-id-meta":"","stick-header-meta":"","header-above-stick-meta":"","header-main-stick-meta":"","header-below-stick-meta":"","astra-migrate-meta-layouts":"default","ast-page-background-enabled":"default","ast-page-background-meta":{"desktop":{"background-color":"var(--ast-global-color-4)","background-image":"","background-repeat":"repeat","background-position":"center center","background-size":"auto","background-attachment":"scroll","background-type":"","background-media":"","overlay-type":"","overlay-color":"","overlay-opacity":"","overlay-gradient":""},"tablet":{"background-color":"","background-image":"","background-repeat":"repeat","background-position":"center center","background-size":"auto","background-attachment":"scroll","background-type":"","background-media":"","overlay-type":"","overlay-color":"","overlay-opacity":"","overlay-gradient":""},"mobile":{"background-color":"","background-image":"","background-repeat":"repeat","background-position":"center center","background-size":"auto","background-attachment":"scroll","background-type":"","background-media":"","overlay-type":"","overlay-color":"","overlay-opacity":"","overlay-gradient":""}},"ast-content-background-meta":{"desktop":{"background-color":"var(--ast-global-color-5)","background-image":"","background-repeat":"repeat","background-position":"center center","background-size":"auto","background-attachment":"scroll","background-type":"","background-media":"","overlay-type":"","overlay-color":"","overlay-opacity":"","overlay-gradient":""},"tablet":{"background-color":"var(--ast-global-color-5)","background-image":"","background-repeat":"repeat","background-position":"center center","background-size":"auto","background-attachment":"scroll","background-type":"","background-media":"","overlay-type":"","overlay-color":"","overlay-opacity":"","overlay-gradient":""},"mobile":{"background-color":"var(--ast-global-color-5)","background-image":"","background-repeat":"repeat","background-position":"center center","background-size":"auto","background-attachment":"scroll","background-type":"","background-media":"","overlay-type":"","overlay-color":"","overlay-opacity":"","overlay-gradient":""}},"footnotes":""},"categories":[10],"tags":[],"class_list":["post-1024","post","type-post","status-publish","format-standard","has-post-thumbnail","hentry","category-common-skin-diseases"],"_links":{"self":[{"href":"https:\/\/drebruokyay.com\/fr\/wp-json\/wp\/v2\/posts\/1024","targetHints":{"allow":["GET"]}}],"collection":[{"href":"https:\/\/drebruokyay.com\/fr\/wp-json\/wp\/v2\/posts"}],"about":[{"href":"https:\/\/drebruokyay.com\/fr\/wp-json\/wp\/v2\/types\/post"}],"author":[{"embeddable":true,"href":"https:\/\/drebruokyay.com\/fr\/wp-json\/wp\/v2\/users\/1"}],"replies":[{"embeddable":true,"href":"https:\/\/drebruokyay.com\/fr\/wp-json\/wp\/v2\/comments?post=1024"}],"version-history":[{"count":1,"href":"https:\/\/drebruokyay.com\/fr\/wp-json\/wp\/v2\/posts\/1024\/revisions"}],"predecessor-version":[{"id":1031,"href":"https:\/\/drebruokyay.com\/fr\/wp-json\/wp\/v2\/posts\/1024\/revisions\/1031"}],"wp:featuredmedia":[{"embeddable":true,"href":"https:\/\/drebruokyay.com\/fr\/wp-json\/wp\/v2\/media\/1025"}],"wp:attachment":[{"href":"https:\/\/drebruokyay.com\/fr\/wp-json\/wp\/v2\/media?parent=1024"}],"wp:term":[{"taxonomy":"category","embeddable":true,"href":"https:\/\/drebruokyay.com\/fr\/wp-json\/wp\/v2\/categories?post=1024"},{"taxonomy":"post_tag","embeddable":true,"href":"https:\/\/drebruokyay.com\/fr\/wp-json\/wp\/v2\/tags?post=1024"}],"curies":[{"name":"wp","href":"https:\/\/api.w.org\/{rel}","templated":true}]}}