{"id":3976,"date":"2025-09-17T09:47:43","date_gmt":"2025-09-17T08:47:43","guid":{"rendered":"https:\/\/drebruokyay.com\/?p=3976"},"modified":"2025-09-30T10:06:33","modified_gmt":"2025-09-30T09:06:33","slug":"manejo-del-cuidado-de-la-piel-de-la-zona-de-la-barba","status":"publish","type":"post","link":"https:\/\/drebruokyay.com\/es\/beard-area-skin-care-managing\/","title":{"rendered":"Cuidado de la barba: C\u00f3mo controlar el vello facial (Gu\u00eda 2025)"},"content":{"rendered":"<p>\u00bfTienes problemas con la piel irritada y con picaz\u00f3n debajo de la barba? No est\u00e1s solo. En 2025, a medida que m\u00e1s hombres se dejen crecer el vello facial, <strong>cuidado de la piel de la zona de la barba<\/strong> Se ha vuelto esencial para mantener una piel sana y radiante debajo de los fol\u00edculos. Desde irritaciones por afeitado hasta foliculitis, controlar los problemas de la piel en la zona del vello facial puede ser un desaf\u00edo, pero con las estrategias adecuadas, puedes lograr una piel suave y sin irritaciones que complemente tu estilo.<\/p>\n\n\n\n<p>This comprehensive guide, crafted by Dr. Ebru Okyay, a leading dermatologist in Antalya, explores everything you need to know about <strong>cuidado de la piel de la barba<\/strong>Abordaremos problemas comunes, rutinas diarias, tratamientos y consejos de prevenci\u00f3n para ayudarte a mantener tu vello facial sano y con un aspecto impecable. Ya sea que te dejes crecer la barba o mantener una barba incipiente, estos consejos te permitir\u00e1n abordar eficazmente los problemas de la piel.<\/p>\n\n\n\n<figure class=\"wp-block-image size-large\"><img fetchpriority=\"high\" decoding=\"async\" width=\"683\" height=\"1024\" src=\"https:\/\/drebruokyay.com\/wp-content\/uploads\/2025\/09\/image-27-683x1024.png\" alt=\"\" class=\"wp-image-3982\" srcset=\"https:\/\/drebruokyay.com\/wp-content\/uploads\/2025\/09\/image-27-683x1024.png 683w, https:\/\/drebruokyay.com\/wp-content\/uploads\/2025\/09\/image-27-200x300.png 200w, https:\/\/drebruokyay.com\/wp-content\/uploads\/2025\/09\/image-27-768x1152.png 768w, https:\/\/drebruokyay.com\/wp-content\/uploads\/2025\/09\/image-27-8x12.png 8w, https:\/\/drebruokyay.com\/wp-content\/uploads\/2025\/09\/image-27.png 1024w\" sizes=\"(max-width: 683px) 100vw, 683px\" \/><\/figure>\n\n\n\n<div id=\"ez-toc-container\" class=\"ez-toc-v2_0_82_2 ez-toc-wrap-left counter-hierarchy ez-toc-counter ez-toc-transparent ez-toc-container-direction\">\n<div class=\"ez-toc-title-container\">\n<p class=\"ez-toc-title\" style=\"cursor:inherit\">Tabla de contenido<\/p>\n<span class=\"ez-toc-title-toggle\"><a href=\"#\" class=\"ez-toc-pull-right ez-toc-btn ez-toc-btn-xs ez-toc-btn-default ez-toc-toggle\" aria-label=\"Alternar tabla de contenidos\"><span class=\"ez-toc-js-icon-con\"><span class=\"\"><span class=\"eztoc-hide\" style=\"display:none;\">Palanca<\/span><span class=\"ez-toc-icon-toggle-span\"><svg style=\"fill: #999;color:#999\" xmlns=\"http:\/\/www.w3.org\/2000\/svg\" class=\"list-377408\" width=\"20px\" height=\"20px\" viewbox=\"0 0 24 24\" fill=\"none\"><path d=\"M6 6H4v2h2V6zm14 0H8v2h12V6zM4 11h2v2H4v-2zm16 0H8v2h12v-2zM4 16h2v2H4v-2zm16 0H8v2h12v-2z\" fill=\"currentColor\"><\/path><\/svg><svg style=\"fill: #999;color:#999\" class=\"arrow-unsorted-368013\" xmlns=\"http:\/\/www.w3.org\/2000\/svg\" width=\"10px\" height=\"10px\" viewbox=\"0 0 24 24\" version=\"1.2\" baseprofile=\"tiny\"><path d=\"M18.2 9.3l-6.2-6.3-6.2 6.3c-.2.2-.3.4-.3.7s.1.5.3.7c.2.2.4.3.7.3h11c.3 0 .5-.1.7-.3.2-.2.3-.5.3-.7s-.1-.5-.3-.7zM5.8 14.7l6.2 6.3 6.2-6.3c.2-.2.3-.5.3-.7s-.1-.5-.3-.7c-.2-.2-.4-.3-.7-.3h-11c-.3 0-.5.1-.7.3-.2.2-.3.5-.3.7s.1.5.3.7z\"\/><\/svg><\/span><\/span><\/span><\/a><\/span><\/div>\n<nav><ul class='ez-toc-list ez-toc-list-level-1' ><li class='ez-toc-page-1 ez-toc-heading-level-2'><a class=\"ez-toc-link ez-toc-heading-1\" href=\"https:\/\/drebruokyay.com\/es\/beard-area-skin-care-managing\/#Understanding_Beard_Area_Skin_Issues_Common_Problems_and_Causes\" >Problemas de la piel de la barba: causas y problemas comunes<\/a><ul class='ez-toc-list-level-3' ><li class='ez-toc-heading-level-3'><a class=\"ez-toc-link ez-toc-heading-2\" href=\"https:\/\/drebruokyay.com\/es\/beard-area-skin-care-managing\/#What_Makes_the_Beard_Area_Vulnerable\" >\u00bfQu\u00e9 hace que la zona de la barba sea vulnerable?<\/a><\/li><li class='ez-toc-page-1 ez-toc-heading-level-3'><a class=\"ez-toc-link ez-toc-heading-3\" href=\"https:\/\/drebruokyay.com\/es\/beard-area-skin-care-managing\/#Top_Beard_Skin_Issues_and_Their_Symptoms\" >Principales problemas de la piel de la barba y sus s\u00edntomas<\/a><\/li><\/ul><\/li><li class='ez-toc-page-1 ez-toc-heading-level-2'><a class=\"ez-toc-link ez-toc-heading-4\" href=\"https:\/\/drebruokyay.com\/es\/beard-area-skin-care-managing\/#Building_an_Effective_Daily_Beard_Skin_Care_Routine\" >C\u00f3mo crear una rutina diaria eficaz para el cuidado de la piel de la barba<\/a><ul class='ez-toc-list-level-3' ><li class='ez-toc-heading-level-3'><a class=\"ez-toc-link ez-toc-heading-5\" href=\"https:\/\/drebruokyay.com\/es\/beard-area-skin-care-managing\/#Step-by-Step_Morning_and_Evening_Routine\" >Rutina matutina y vespertina paso a paso<\/a><\/li><li class='ez-toc-page-1 ez-toc-heading-level-3'><a class=\"ez-toc-link ez-toc-heading-6\" href=\"https:\/\/drebruokyay.com\/es\/beard-area-skin-care-managing\/#Choosing_the_Right_Products_for_Your_Beard_Skin\" >C\u00f3mo elegir los productos adecuados para la piel de tu barba<\/a><\/li><li class='ez-toc-page-1 ez-toc-heading-level-3'><a class=\"ez-toc-link ez-toc-heading-7\" href=\"https:\/\/drebruokyay.com\/es\/beard-area-skin-care-managing\/#Grooming_Tools_and_Techniques_for_Healthy_Skin\" >Herramientas y t\u00e9cnicas de cuidado para una piel sana<\/a><\/li><\/ul><\/li><li class='ez-toc-page-1 ez-toc-heading-level-2'><a class=\"ez-toc-link ez-toc-heading-8\" href=\"https:\/\/drebruokyay.com\/es\/beard-area-skin-care-managing\/#Treating_Common_Facial_Hair_Region_Skin_Problems\" >Tratamiento de problemas comunes de la piel en la zona del vello facial<\/a><ul class='ez-toc-list-level-3' ><li class='ez-toc-heading-level-3'><a class=\"ez-toc-link ez-toc-heading-9\" href=\"https:\/\/drebruokyay.com\/es\/beard-area-skin-care-managing\/#Managing_Ingrown_Hairs_and_Razor_Bumps\" >C\u00f3mo controlar los pelos encarnados y las protuberancias causadas por la afeitadora<\/a><\/li><li class='ez-toc-page-1 ez-toc-heading-level-3'><a class=\"ez-toc-link ez-toc-heading-10\" href=\"https:\/\/drebruokyay.com\/es\/beard-area-skin-care-managing\/#Combating_Folliculitis_and_Infections\" >Combatiendo la foliculitis y las infecciones<\/a><\/li><li class='ez-toc-page-1 ez-toc-heading-level-3'><a class=\"ez-toc-link ez-toc-heading-11\" href=\"https:\/\/drebruokyay.com\/es\/beard-area-skin-care-managing\/#Addressing_Dryness_and_Beard_Dandruff_Seborrheic_Dermatitis\" >Tratamiento de la sequedad y la caspa de la barba (dermatitis seborreica)<\/a><\/li><li class='ez-toc-page-1 ez-toc-heading-level-3'><a class=\"ez-toc-link ez-toc-heading-12\" href=\"https:\/\/drebruokyay.com\/es\/beard-area-skin-care-managing\/#Treating_Acne_in_the_Beard_Area\" >Tratamiento del acn\u00e9 en la zona de la barba<\/a><\/li><li class='ez-toc-page-1 ez-toc-heading-level-3'><a class=\"ez-toc-link ez-toc-heading-13\" href=\"https:\/\/drebruokyay.com\/es\/beard-area-skin-care-managing\/#Handling_Chronic_Conditions_Like_Eczema_or_Psoriasis\" >Manejo de enfermedades cr\u00f3nicas como el eccema o la psoriasis<\/a><\/li><\/ul><\/li><li class='ez-toc-page-1 ez-toc-heading-level-2'><a class=\"ez-toc-link ez-toc-heading-14\" href=\"https:\/\/drebruokyay.com\/es\/beard-area-skin-care-managing\/#Advanced_Tips_for_Long-Term_Beard_Skin_Health_and_Prevention\" >Consejos avanzados para la salud y prevenci\u00f3n de la piel de la barba a largo plazo<\/a><ul class='ez-toc-list-level-3' ><li class='ez-toc-heading-level-3'><a class=\"ez-toc-link ez-toc-heading-15\" href=\"https:\/\/drebruokyay.com\/es\/beard-area-skin-care-managing\/#Lifestyle_Adjustments_for_Better_Skin\" >Ajustes en el estilo de vida para una mejor piel<\/a><\/li><li class='ez-toc-page-1 ez-toc-heading-level-3'><a class=\"ez-toc-link ez-toc-heading-16\" href=\"https:\/\/drebruokyay.com\/es\/beard-area-skin-care-managing\/#Professional_Treatments_and_When_to_Seek_Help\" >Tratamientos profesionales y cu\u00e1ndo buscar ayuda<\/a><\/li><li class='ez-toc-page-1 ez-toc-heading-level-3'><a class=\"ez-toc-link ez-toc-heading-17\" href=\"https:\/\/drebruokyay.com\/es\/beard-area-skin-care-managing\/#Seasonal_Care_in_Antalyas_Climate\" >Cuidado estacional en el clima de Antalya<\/a><\/li><li class='ez-toc-page-1 ez-toc-heading-level-3'><a class=\"ez-toc-link ez-toc-heading-18\" href=\"https:\/\/drebruokyay.com\/es\/beard-area-skin-care-managing\/#Myths_vs_Facts_About_Beard_Skin_Care\" >Mitos y realidades sobre el cuidado de la barba<\/a><\/li><\/ul><\/li><li class='ez-toc-page-1 ez-toc-heading-level-2'><a class=\"ez-toc-link ez-toc-heading-19\" href=\"https:\/\/drebruokyay.com\/es\/beard-area-skin-care-managing\/#Conclusion\" >Conclusi\u00f3n<\/a><ul class='ez-toc-list-level-3' ><li class='ez-toc-heading-level-3'><a class=\"ez-toc-link ez-toc-heading-20\" href=\"https:\/\/drebruokyay.com\/es\/beard-area-skin-care-managing\/#Key_Takeaways\" >Conclusiones clave<\/a><\/li><li class='ez-toc-page-1 ez-toc-heading-level-3'><a class=\"ez-toc-link ez-toc-heading-21\" href=\"https:\/\/drebruokyay.com\/es\/beard-area-skin-care-managing\/#Next_Steps\" >Pr\u00f3ximos pasos<\/a><\/li><\/ul><\/li><li class='ez-toc-page-1 ez-toc-heading-level-2'><a class=\"ez-toc-link ez-toc-heading-22\" href=\"https:\/\/drebruokyay.com\/es\/beard-area-skin-care-managing\/#Frequently_Asked_Questions_FAQs\" >Preguntas frecuentes (FAQ)<\/a><ul class='ez-toc-list-level-3' ><li class='ez-toc-heading-level-3'><a class=\"ez-toc-link ez-toc-heading-23\" href=\"https:\/\/drebruokyay.com\/es\/beard-area-skin-care-managing\/#How_often_should_I_wash_my_beard\" >\u00bfCon qu\u00e9 frecuencia debo lavarme la barba?<\/a><\/li><li class='ez-toc-page-1 ez-toc-heading-level-3'><a class=\"ez-toc-link ez-toc-heading-24\" href=\"https:\/\/drebruokyay.com\/es\/beard-area-skin-care-managing\/#Can_beard_oil_help_with_skin_irritation\" >\u00bfPuede el aceite para barba ayudar con la irritaci\u00f3n de la piel?<\/a><\/li><li class='ez-toc-page-1 ez-toc-heading-level-3'><a class=\"ez-toc-link ez-toc-heading-25\" href=\"https:\/\/drebruokyay.com\/es\/beard-area-skin-care-managing\/#What_causes_folliculitis_in_the_beard_area\" >\u00bfQu\u00e9 causa la foliculitis en la zona de la barba?<\/a><\/li><li class='ez-toc-page-1 ez-toc-heading-level-3'><a class=\"ez-toc-link ez-toc-heading-26\" href=\"https:\/\/drebruokyay.com\/es\/beard-area-skin-care-managing\/#Is_it_safe_to_use_acne_treatments_under_my_beard\" >\u00bfEs seguro utilizar tratamientos para el acn\u00e9 debajo de la barba?<\/a><\/li><li class='ez-toc-page-1 ez-toc-heading-level-3'><a class=\"ez-toc-link ez-toc-heading-27\" href=\"https:\/\/drebruokyay.com\/es\/beard-area-skin-care-managing\/#How_can_I_prevent_ingrown_hairs_when_trimming\" >\u00bfC\u00f3mo puedo evitar los pelos encarnados al recortar el pelo?<\/a><\/li><li class='ez-toc-page-1 ez-toc-heading-level-3'><a class=\"ez-toc-link ez-toc-heading-28\" href=\"https:\/\/drebruokyay.com\/es\/beard-area-skin-care-managing\/#Does_diet_affect_beard_skin_health\" >\u00bfLa dieta afecta la salud de la piel de la barba?<\/a><\/li><li class='ez-toc-page-1 ez-toc-heading-level-3'><a class=\"ez-toc-link ez-toc-heading-29\" href=\"https:\/\/drebruokyay.com\/es\/beard-area-skin-care-managing\/#When_should_I_see_a_dermatologist_for_beard_issues\" >\u00bfCu\u00e1ndo debo consultar a un dermat\u00f3logo por problemas en la barba?<\/a><\/li><\/ul><\/li><\/ul><\/nav><\/div>\n<h2 class=\"wp-block-heading\"><span class=\"ez-toc-section\" id=\"Understanding_Beard_Area_Skin_Issues_Common_Problems_and_Causes\"><\/span>Problemas de la piel de la barba: causas y problemas comunes<span class=\"ez-toc-section-end\"><\/span><\/h2>\n\n\n\n<p>La zona de la barba es propensa a problemas cut\u00e1neos \u00fanicos debido a la densidad de los fol\u00edculos pilosos, la producci\u00f3n de grasa y la fricci\u00f3n al afeitarse o arreglarse. En esta secci\u00f3n, analizaremos los problemas m\u00e1s comunes que afectan a la zona del vello facial y sus causas subyacentes, bas\u00e1ndonos en a\u00f1os de experiencia cl\u00ednica en nuestra cl\u00ednica de Antalya.<\/p>\n\n\n\n<h3 class=\"wp-block-heading\"><span class=\"ez-toc-section\" id=\"What_Makes_the_Beard_Area_Vulnerable\"><\/span>\u00bfQu\u00e9 hace que la zona de la barba sea vulnerable?<span class=\"ez-toc-section-end\"><\/span><\/h3>\n\n\n\n<p>La piel bajo la barba es m\u00e1s gruesa y grasa que en otras zonas del rostro, pero tambi\u00e9n est\u00e1 atrapada bajo las capas de vello, lo que crea un ambiente h\u00famedo ideal para el crecimiento bacteriano. Factores como el sudor, la acumulaci\u00f3n de productos y un aseo inadecuado agravan los problemas. Seg\u00fan estudios dermatol\u00f3gicos recientes, en 2025, hasta el 70% de los hombres con barba reportan alg\u00fan tipo de irritaci\u00f3n cut\u00e1nea anualmente.<\/p>\n\n\n\n<p>Los culpables comunes incluyen:<\/p>\n\n\n\n<ul class=\"wp-block-list\">\n<li><strong>Sobreproducci\u00f3n de sebo:<\/strong> El vello de la barba atrapa los aceites naturales, lo que provoca la obstrucci\u00f3n de los poros.<\/li>\n\n\n\n<li><strong>Factores medioambientales:<\/strong> La contaminaci\u00f3n, la humedad y la exposici\u00f3n al sol en lugares como Antalya pueden irritar la piel.<\/li>\n\n\n\n<li><strong>H\u00e1bitos de aseo:<\/strong> El afeitado brusco o el uso de cuchillas desafiladas provocan microabrasiones.<\/li>\n<\/ul>\n\n\n\n<figure class=\"wp-block-image size-large\"><img decoding=\"async\" width=\"683\" height=\"1024\" src=\"https:\/\/drebruokyay.com\/wp-content\/uploads\/2025\/09\/image-28-683x1024.png\" alt=\"\" class=\"wp-image-3983\" srcset=\"https:\/\/drebruokyay.com\/wp-content\/uploads\/2025\/09\/image-28-683x1024.png 683w, https:\/\/drebruokyay.com\/wp-content\/uploads\/2025\/09\/image-28-200x300.png 200w, https:\/\/drebruokyay.com\/wp-content\/uploads\/2025\/09\/image-28-768x1152.png 768w, https:\/\/drebruokyay.com\/wp-content\/uploads\/2025\/09\/image-28-8x12.png 8w, https:\/\/drebruokyay.com\/wp-content\/uploads\/2025\/09\/image-28.png 1024w\" sizes=\"(max-width: 683px) 100vw, 683px\" \/><\/figure>\n\n\n\n<h3 class=\"wp-block-heading\"><span class=\"ez-toc-section\" id=\"Top_Beard_Skin_Issues_and_Their_Symptoms\"><\/span>Principales problemas de la piel de la barba y sus s\u00edntomas<span class=\"ez-toc-section-end\"><\/span><\/h3>\n\n\n\n<p>Analicemos los problemas clave que podr\u00eda encontrar:<\/p>\n\n\n\n<figure class=\"wp-block-table\"><table class=\"has-fixed-layout\"><thead><tr><th>Asunto<\/th><th>S\u00edntomas<\/th><th>Predominio<\/th><\/tr><\/thead><tbody><tr><td><strong>Pelos encarnados<\/strong><\/td><td>Granos rojos, dolor, riesgo de infecci\u00f3n.<\/td><td>Com\u00fan en los tipos de cabello rizado<\/td><\/tr><tr><td><strong>Foliculitis<\/strong><\/td><td>Granos llenos de pus, picaz\u00f3n y dolor.<\/td><td>Afecta al 40% de los hombres con barba<\/td><\/tr><tr><td><strong>Piel seca (caspa de barba)<\/strong><\/td><td>Descamaci\u00f3n, picaz\u00f3n, descamaci\u00f3n<\/td><td>Empeora en climas secos<\/td><\/tr><tr><td><strong>Acn\u00e9 y protuberancias causadas por afeitado<\/strong><\/td><td>Poros inflamados, potencial cicatrizante.<\/td><td>Ocurrencia despu\u00e9s del afeitado<\/td><\/tr><tr><td><strong>Brotes de psoriasis o eczema<\/strong><\/td><td>Manchas rojas, grietas, picaz\u00f3n intensa<\/td><td>Afecciones cr\u00f3nicas agravadas por el cabello<\/td><\/tr><\/tbody><\/table><\/figure>\n\n\n\n<p>Para obtener m\u00e1s informaci\u00f3n sobre el manejo de enfermedades cr\u00f3nicas de la piel como la psoriasis, explore nuestra gu\u00eda sobre <a href=\"https:\/\/drebruokyay.com\/es\/afecciones-cronicas-de-la-piel\/\">Afecciones cr\u00f3nicas de la piel<\/a>.<\/p>\n\n\n\n<p>Estos problemas no solo afectan la comodidad, sino que tambi\u00e9n pueden provocar cicatrices si no se tratan. La detecci\u00f3n temprana es clave para un tratamiento eficaz.<\/p>\n\n\n\n<h2 class=\"wp-block-heading\"><span class=\"ez-toc-section\" id=\"Building_an_Effective_Daily_Beard_Skin_Care_Routine\"><\/span>C\u00f3mo crear una rutina diaria eficaz para el cuidado de la piel de la barba<span class=\"ez-toc-section-end\"><\/span><\/h2>\n\n\n\n<p>Una rutina consistente es la base de <strong>cuidado de la piel de la zona de la barba<\/strong>En 2025, los dermat\u00f3logos recomiendan un enfoque de varios pasos adaptado a cada tipo de piel. En la cl\u00ednica de la Dra. Ebru Okyay en Antalya, priorizamos el uso de productos suaves con respaldo cient\u00edfico para prevenir problemas antes de que surjan.<\/p>\n\n\n\n<h3 class=\"wp-block-heading\"><span class=\"ez-toc-section\" id=\"Step-by-Step_Morning_and_Evening_Routine\"><\/span>Rutina matutina y vespertina paso a paso<span class=\"ez-toc-section-end\"><\/span><\/h3>\n\n\n\n<p>Empieza con la limpieza y termina con la hidrataci\u00f3n. Aqu\u00ed tienes una rutina personalizable:<\/p>\n\n\n\n<figure class=\"wp-block-table\"><table class=\"has-fixed-layout\"><thead><tr><th>Paso<\/th><th>Ma\u00f1ana<\/th><th>Noche<\/th><th>Consejos<\/th><\/tr><\/thead><tbody><tr><td><strong>Limpiar<\/strong><\/td><td>Lavado suave de barba con \u00e1cido salic\u00edlico<\/td><td>Limpieza profunda para eliminar la acumulaci\u00f3n.<\/td><td>Utilice agua tibia; evite duchas calientes.<\/td><\/tr><tr><td><strong>Exfoliar<\/strong><\/td><td>2-3 veces\/semana con un cepillo suave<\/td><td>Opcional, si es aceitoso<\/td><td>Previene los pelos encarnados<\/td><\/tr><tr><td><strong>Tratar<\/strong><\/td><td>Suero para problemas espec\u00edficos (por ejemplo, aceite de \u00e1rbol de t\u00e9 para la foliculitis)<\/td><td>Tratamiento localizado para los brotes<\/td><td>Realizar pruebas de parche de nuevos productos<\/td><\/tr><tr><td><strong>Hidratar<\/strong><\/td><td>Loci\u00f3n sin aceite o aceite para barba<\/td><td>B\u00e1lsamo m\u00e1s pesado para reparaci\u00f3n nocturna.<\/td><td>Elija f\u00f3rmulas no comedog\u00e9nicas<\/td><\/tr><tr><td><strong>Proteger<\/strong><\/td><td>Protector solar debajo de la barba (FPS 30+)<\/td><td>N \/ A<\/td><td>Imprescindible en la soleada Antalya<\/td><\/tr><\/tbody><\/table><\/figure>\n\n\n\n<p>Incorpora esta rutina a diario para obtener resultados \u00f3ptimos. Ajusta la rutina seg\u00fan tu piel: grasa, seca o mixta.<\/p>\n\n\n\n<h3 class=\"wp-block-heading\"><span class=\"ez-toc-section\" id=\"Choosing_the_Right_Products_for_Your_Beard_Skin\"><\/span>C\u00f3mo elegir los productos adecuados para la piel de tu barba<span class=\"ez-toc-section-end\"><\/span><\/h3>\n\n\n\n<p>No todos los productos son iguales. Busque:<\/p>\n\n\n\n<ul class=\"wp-block-list\">\n<li><strong>Ingredientes:<\/strong> Antis\u00e9pticos naturales como aceite de \u00e1rbol de t\u00e9, jojoba para hidrataci\u00f3n, \u00e1cido salic\u00edlico para exfoliaci\u00f3n.<\/li>\n\n\n\n<li><strong>Evitar:<\/strong> T\u00f3nicos a base de alcohol, siliconas pesadas que obstruyen los poros.<\/li>\n\n\n\n<li><strong>Marcas:<\/strong> Opciones recomendadas por dermat\u00f3logos como CeraVe, The Ordinary o las mezclas personalizadas de nuestra cl\u00ednica.<\/li>\n<\/ul>\n\n\n\n<p>Para las zonas de la barba propensas al acn\u00e9, consulte nuestro art\u00edculo sobre <a href=\"https:\/\/drebruokyay.com\/es\/condicion-de-la-piel-conquistar-el-acne\/\">Conquistando el acn\u00e9<\/a> para asesoramiento personalizado.<\/p>\n\n\n\n<p>Consejo profesional: En el clima de Antalya, opte por productos ligeros y transpirables para combatir el sudor inducido por la humedad.<\/p>\n\n\n\n<h3 class=\"wp-block-heading\"><span class=\"ez-toc-section\" id=\"Grooming_Tools_and_Techniques_for_Healthy_Skin\"><\/span>Herramientas y t\u00e9cnicas de cuidado para una piel sana<span class=\"ez-toc-section-end\"><\/span><\/h3>\n\n\n\n<p>Las herramientas adecuadas minimizan la irritaci\u00f3n:<\/p>\n\n\n\n<ul class=\"wp-block-list\">\n<li>Utilice m\u00e1quinas de afeitar afiladas de una sola hoja o recortadoras el\u00e9ctricas.<\/li>\n\n\n\n<li>Recortar en la direcci\u00f3n del crecimiento del vello.<\/li>\n\n\n\n<li>Desinfecte las herramientas semanalmente para evitar la transferencia de bacterias.<\/li>\n<\/ul>\n\n\n\n<p>Evite recortar demasiado, ya que puede causar quemaduras por fricci\u00f3n. Si surgen problemas de hongos al compartir herramientas, consulte a nuestro <a href=\"https:\/\/drebruokyay.com\/es\/infecciones-fungicas-y-problemas-cutaneos\/\">Gu\u00eda de infecciones por hongos<\/a>.<\/p>\n\n\n\n<h2 class=\"wp-block-heading\"><span class=\"ez-toc-section\" id=\"Treating_Common_Facial_Hair_Region_Skin_Problems\"><\/span>Tratamiento de problemas comunes de la piel en la zona del vello facial<span class=\"ez-toc-section-end\"><\/span><\/h2>\n\n\n\n<p>Cuando la prevenci\u00f3n no es suficiente, los tratamientos espec\u00edficos son cruciales. Esta secci\u00f3n detalla soluciones basadas en la evidencia para <strong>Problemas de piel y vello facial<\/strong>, basado en los protocolos utilizados en nuestra pr\u00e1ctica de dermatolog\u00eda en Antalya.<\/p>\n\n\n\n<h3 class=\"wp-block-heading\"><span class=\"ez-toc-section\" id=\"Managing_Ingrown_Hairs_and_Razor_Bumps\"><\/span>C\u00f3mo controlar los pelos encarnados y las protuberancias causadas por la afeitadora<span class=\"ez-toc-section-end\"><\/span><\/h3>\n\n\n\n<p>Los pelos encarnados se producen cuando los pelos afeitados se enroscan hacia atr\u00e1s en la piel. Para tratarlos:<\/p>\n\n\n\n<ul class=\"wp-block-list\">\n<li><strong>Remedios caseros:<\/strong> Compresas tibias dos veces al d\u00eda para suavizar la piel.<\/li>\n\n\n\n<li><strong>Temas:<\/strong> Aplicar almohadillas con \u00e1cido glic\u00f3lico o per\u00f3xido de benzoilo 2.5%.<\/li>\n\n\n\n<li><strong>Prevenci\u00f3n:<\/strong> Exfoliar antes del afeitado; considerar la depilaci\u00f3n l\u00e1ser para casos cr\u00f3nicos.<\/li>\n\n\n\n<li><strong>Ayuda profesional:<\/strong> Si est\u00e1 infectado, busque cremas antibi\u00f3ticas o extracciones en la cl\u00ednica.<\/li>\n<\/ul>\n\n\n\n<p>Los casos graves pueden requerir inyecciones de cortisona; consulte a un dermat\u00f3logo de inmediato.<\/p>\n\n\n\n<h3 class=\"wp-block-heading\"><span class=\"ez-toc-section\" id=\"Combating_Folliculitis_and_Infections\"><\/span>Combatiendo la foliculitis y las infecciones<span class=\"ez-toc-section-end\"><\/span><\/h3>\n\n\n\n<p>La foliculitis es la inflamaci\u00f3n de los fol\u00edculos pilosos, a menudo bacteriana o f\u00fangica. Los s\u00edntomas incluyen bultos rojos y pus.<\/p>\n\n\n\n<p>Opciones de tratamiento:<\/p>\n\n\n\n<figure class=\"wp-block-table\"><table class=\"has-fixed-layout\"><thead><tr><th>Tipo<\/th><th>Tratamiento<\/th><th>Duraci\u00f3n<\/th><\/tr><\/thead><tbody><tr><td><strong>Bacterias<\/strong><\/td><td>Lavado antibacteriano (clorhexidina), antibi\u00f3ticos orales si es grave.<\/td><td>7-14 d\u00edas<\/td><\/tr><tr><td><strong>Hongos<\/strong><\/td><td>Champ\u00fa antimic\u00f3tico (ketoconazol), cremas t\u00f3picas<\/td><td>2-4 semanas<\/td><\/tr><tr><td><strong>Pseudofoliculitis<\/strong><\/td><td>Lociones con esteroides, deja de afeitarte temporalmente<\/td><td>1-2 semanas<\/td><\/tr><\/tbody><\/table><\/figure>\n\n\n\n<p>Para la foliculitis f\u00fangica persistente, nuestro <a href=\"https:\/\/drebruokyay.com\/es\/infecciones-fungicas-y-problemas-cutaneos\/\">Infecciones por hongos y problemas de la piel<\/a> El recurso proporciona conocimientos m\u00e1s profundos.<\/p>\n\n\n\n<h3 class=\"wp-block-heading\"><span class=\"ez-toc-section\" id=\"Addressing_Dryness_and_Beard_Dandruff_Seborrheic_Dermatitis\"><\/span>Tratamiento de la sequedad y la caspa de la barba (dermatitis seborreica)<span class=\"ez-toc-section-end\"><\/span><\/h3>\n\n\n\n<p>La piel seca bajo la barba provoca descamaci\u00f3n y picaz\u00f3n. Hidr\u00e1tate con:<\/p>\n\n\n\n<ul class=\"wp-block-list\">\n<li>Humectantes como el \u00e1cido hialur\u00f3nico.<\/li>\n\n\n\n<li>Champ\u00fas anticaspa con piritionato de zinc.<\/li>\n\n\n\n<li>Lubricaci\u00f3n regular con aceite de arg\u00e1n o de coco.<\/li>\n<\/ul>\n\n\n\n<p>Si est\u00e1 relacionado con dermatitis seborreica, pueden ser necesarios champ\u00fas medicados con receta.<\/p>\n\n\n\n<h3 class=\"wp-block-heading\"><span class=\"ez-toc-section\" id=\"Treating_Acne_in_the_Beard_Area\"><\/span>Tratamiento del acn\u00e9 en la zona de la barba<span class=\"ez-toc-section-end\"><\/span><\/h3>\n\n\n\n<p>El acn\u00e9 en la barba se desarrolla en ambientes grasosos. Algunas estrategias incluyen:<\/p>\n\n\n\n<ul class=\"wp-block-list\">\n<li>Limpiadores que controlan la grasa.<\/li>\n\n\n\n<li>Retinoides para destapar los poros (iniciar con dosis baja).<\/li>\n\n\n\n<li>Terapia de luz azul para casos rebeldes.<\/li>\n<\/ul>\n\n\n\n<p>Obtenga m\u00e1s informaci\u00f3n sobre el manejo del acn\u00e9 en nuestro <a href=\"https:\/\/drebruokyay.com\/es\/condicion-de-la-piel-conquistar-el-acne\/\">Afecci\u00f3n de la piel: c\u00f3mo combatir el acn\u00e9<\/a> correo.<\/p>\n\n\n\n<h3 class=\"wp-block-heading\"><span class=\"ez-toc-section\" id=\"Handling_Chronic_Conditions_Like_Eczema_or_Psoriasis\"><\/span>Manejo de enfermedades cr\u00f3nicas como el eccema o la psoriasis<span class=\"ez-toc-section-end\"><\/span><\/h3>\n\n\n\n<p>Para quienes padecen afecciones subyacentes, el vello de la barba puede atrapar irritantes. Los tratamientos incluyen:<\/p>\n\n\n\n<ul class=\"wp-block-list\">\n<li>Esteroides t\u00f3picos bajo supervisi\u00f3n m\u00e9dica.<\/li>\n\n\n\n<li>Hidratantes con ceramidas para reparar la barrera.<\/li>\n\n\n\n<li>Afeitar el \u00e1rea temporalmente para una mejor aplicaci\u00f3n.<\/li>\n\n\n\n<li>Sesiones de fototerapia en cl\u00ednicas especializadas.<\/li>\n<\/ul>\n\n\n\n<p>Nuestro <a href=\"https:\/\/drebruokyay.com\/es\/afecciones-cronicas-de-la-piel\/\">Afecciones cr\u00f3nicas de la piel<\/a> La gu\u00eda ofrece estrategias integrales.<\/p>\n\n\n\n<h2 class=\"wp-block-heading\"><span class=\"ez-toc-section\" id=\"Advanced_Tips_for_Long-Term_Beard_Skin_Health_and_Prevention\"><\/span>Consejos avanzados para la salud y prevenci\u00f3n de la piel de la barba a largo plazo<span class=\"ez-toc-section-end\"><\/span><\/h2>\n\n\n\n<p>M\u00e1s all\u00e1 de lo b\u00e1sico, las estrategias avanzadas garantizan resultados duraderos. Como dermat\u00f3loga que atiende a pacientes en Antalya y otros lugares, la Dra. Ebru Okyay recomienda estas estrategias para lograr resultados \u00f3ptimos. <strong>cuidado de la piel de la barba<\/strong>.<\/p>\n\n\n\n<h3 class=\"wp-block-heading\"><span class=\"ez-toc-section\" id=\"Lifestyle_Adjustments_for_Better_Skin\"><\/span>Ajustes en el estilo de vida para una mejor piel<span class=\"ez-toc-section-end\"><\/span><\/h3>\n\n\n\n<p>Tus h\u00e1bitos influyen en la salud de la piel:<\/p>\n\n\n\n<ul class=\"wp-block-list\">\n<li><strong>Dieta:<\/strong> Los alimentos ricos en omega-3 reducen la inflamaci\u00f3n; evite el exceso de l\u00e1cteos si es propenso al acn\u00e9.<\/li>\n\n\n\n<li><strong>Hidrataci\u00f3n:<\/strong> Beber 3 litros de agua al d\u00eda.<\/li>\n\n\n\n<li><strong>Manejo del estr\u00e9s:<\/strong> El cortisol empeora los problemas de la piel; practique la meditaci\u00f3n.<\/li>\n\n\n\n<li><strong>Dormir:<\/strong> 7-9 horas para la reparaci\u00f3n de la piel.<\/li>\n<\/ul>\n\n\n\n<h3 class=\"wp-block-heading\"><span class=\"ez-toc-section\" id=\"Professional_Treatments_and_When_to_Seek_Help\"><\/span>Tratamientos profesionales y cu\u00e1ndo buscar ayuda<span class=\"ez-toc-section-end\"><\/span><\/h3>\n\n\n\n<p>Para problemas persistentes, considere:<\/p>\n\n\n\n<figure class=\"wp-block-table\"><table class=\"has-fixed-layout\"><thead><tr><th>Tratamiento<\/th><th>Mejor para<\/th><th>Estimaci\u00f3n de costos (2025)<\/th><\/tr><\/thead><tbody><tr><td><strong>Peelings qu\u00edmicos<\/strong><\/td><td>Exfoliaci\u00f3n, cicatrices de acn\u00e9.<\/td><td>$150-300 por sesi\u00f3n<\/td><\/tr><tr><td><strong>Terapia l\u00e1ser<\/strong><\/td><td>Foliculitis, pelos encarnados<\/td><td>$200-500<\/td><\/tr><tr><td><strong>Microneedling<\/td><td>Reducci\u00f3n de cicatrices, hidrataci\u00f3n.<\/td><td>$250-400<\/td><\/tr><tr><td><strong>Inyecciones de PRP<\/strong><\/td><td>Rejuvenecimiento general<\/td><td>$400-600<\/td><\/tr><\/tbody><\/table><\/figure>\n\n\n\n<p>Programe una consulta en <a href=\"https:\/\/drebruokyay.com\/es\/sobre-nosotros\/\">Cl\u00ednica de la Dra. Ebru Okyay<\/a> para planes personalizados.<\/p>\n\n\n\n<h3 class=\"wp-block-heading\"><span class=\"ez-toc-section\" id=\"Seasonal_Care_in_Antalyas_Climate\"><\/span>Cuidado estacional en el clima de Antalya<span class=\"ez-toc-section-end\"><\/span><\/h3>\n\n\n\n<p>El clima mediterr\u00e1neo de Antalya exige adaptaciones: productos m\u00e1s ligeros en verano, hidratantes m\u00e1s enriquecidos en invierno. Prioriza siempre la protecci\u00f3n solar para prevenir la hiperpigmentaci\u00f3n bajo la barba.<\/p>\n\n\n\n<h3 class=\"wp-block-heading\"><span class=\"ez-toc-section\" id=\"Myths_vs_Facts_About_Beard_Skin_Care\"><\/span>Mitos y realidades sobre el cuidado de la barba<span class=\"ez-toc-section-end\"><\/span><\/h3>\n\n\n\n<figure class=\"wp-block-table\"><table class=\"has-fixed-layout\"><thead><tr><th>Mito<\/th><th>Hecho<\/th><\/tr><\/thead><tbody><tr><td>El afeitado hace que el cabello crezca m\u00e1s grueso<\/td><td>No, simplemente parece m\u00e1s tosco.<\/td><\/tr><tr><td>El aceite para barba cura todos los problemas<\/td><td>Es hidratante pero no medicinal.<\/td><\/tr><tr><td>Los hombres no necesitan protector solar debajo de la barba<\/td><td>Los rayos UV penetran el cabello; protege diariamente<\/td><\/tr><\/tbody><\/table><\/figure>\n\n\n\n<p>Desmitificarlos garantiza opciones de atenci\u00f3n m\u00e1s inteligentes.<\/p>\n\n\n\n<h2 class=\"wp-block-heading\"><span class=\"ez-toc-section\" id=\"Conclusion\"><\/span>Conclusi\u00f3n<span class=\"ez-toc-section-end\"><\/span><\/h2>\n\n\n\n<h3 class=\"wp-block-heading\"><span class=\"ez-toc-section\" id=\"Key_Takeaways\"><\/span>Conclusiones clave<span class=\"ez-toc-section-end\"><\/span><\/h3>\n\n\n\n<ul class=\"wp-block-list\">\n<li>Implementa una rutina diaria de limpieza, tratamiento e hidrataci\u00f3n para prevenir la mayor\u00eda <strong>cuidado de la piel de la barba<\/strong> asuntos.<\/li>\n\n\n\n<li>Aborde r\u00e1pidamente problemas comunes como la foliculitis y los pelos encarnados con t\u00f3picos espec\u00edficos y asesoramiento profesional.<\/li>\n\n\n\n<li>Los factores del estilo de vida, incluida la dieta y el manejo del estr\u00e9s, juegan un papel crucial en la salud de la piel a largo plazo.<\/li>\n\n\n\n<li>Consulte a un dermat\u00f3logo en caso de afecciones cr\u00f3nicas o graves. <strong>Problemas de piel y vello facial<\/strong>;La intervenci\u00f3n temprana previene las cicatrices.<\/li>\n<\/ul>\n\n\n\n<h3 class=\"wp-block-heading\"><span class=\"ez-toc-section\" id=\"Next_Steps\"><\/span>Pr\u00f3ximos pasos<span class=\"ez-toc-section-end\"><\/span><\/h3>\n\n\n\n<p>\u00bfListo para transformar tu barba? Empieza por evaluar tu tipo de piel y crear una rutina. Reserva una consulta virtual o presencial con la Dra. Ebru Okyay en Antalya para obtener recomendaciones personalizadas. Visita la p\u00e1gina web de nuestra cl\u00ednica o cont\u00e1ctanos hoy mismo para una piel m\u00e1s sana bajo la barba.<\/p>\n\n\n\n<h2 class=\"wp-block-heading\"><span class=\"ez-toc-section\" id=\"Frequently_Asked_Questions_FAQs\"><\/span>Preguntas frecuentes (FAQ)<span class=\"ez-toc-section-end\"><\/span><\/h2>\n\n\n<div id=\"rank-math-faq\" class=\"rank-math-block\">\n<div class=\"rank-math-list\">\n<div id=\"faq1\" class=\"rank-math-list-item\">\n<h3 class=\"rank-math-question\"><span class=\"ez-toc-section\" id=\"How_often_should_I_wash_my_beard\"><\/span>\u00bfCon qu\u00e9 frecuencia debo lavarme la barba?<span class=\"ez-toc-section-end\"><\/span><\/h3>\n<div class=\"rank-math-answer\">\n\n<p>L\u00e1vate la barba 2 o 3 veces por semana con un limpiador suave, o a diario si tienes la piel grasa o sudas mucho. Lavarse demasiado puede eliminar los aceites naturales, provocando sequedad.<\/p>\n\n<\/div>\n<\/div>\n<div id=\"faq2\" class=\"rank-math-list-item\">\n<h3 class=\"rank-math-question\"><span class=\"ez-toc-section\" id=\"Can_beard_oil_help_with_skin_irritation\"><\/span>\u00bfPuede el aceite para barba ayudar con la irritaci\u00f3n de la piel?<span class=\"ez-toc-section-end\"><\/span><\/h3>\n<div class=\"rank-math-answer\">\n\n<p>S\u00ed, el aceite para barba con ingredientes antiinflamatorios como el aceite de \u00e1rbol de t\u00e9 puede aliviar la irritaci\u00f3n. Apl\u00edcalo despu\u00e9s de la limpieza para obtener mejores resultados.<\/p>\n\n<\/div>\n<\/div>\n<div id=\"faq3\" class=\"rank-math-list-item\">\n<h3 class=\"rank-math-question\"><span class=\"ez-toc-section\" id=\"What_causes_folliculitis_in_the_beard_area\"><\/span>\u00bfQu\u00e9 causa la foliculitis en la zona de la barba?<span class=\"ez-toc-section-end\"><\/span><\/h3>\n<div class=\"rank-math-answer\">\n\n<p>La foliculitis a menudo es causada por bacterias, fricci\u00f3n al afeitarse o crecimiento excesivo de hongos en ambientes h\u00famedos debajo de la barba.<\/p>\n\n<\/div>\n<\/div>\n<div id=\"faq4\" class=\"rank-math-list-item\">\n<h3 class=\"rank-math-question\"><span class=\"ez-toc-section\" id=\"Is_it_safe_to_use_acne_treatments_under_my_beard\"><\/span>\u00bfEs seguro utilizar tratamientos para el acn\u00e9 debajo de la barba?<span class=\"ez-toc-section-end\"><\/span><\/h3>\n<div class=\"rank-math-answer\">\n\n<p>S\u00ed, pero elige productos no comedog\u00e9nicos. Consulta con un dermat\u00f3logo para evitar irritar la piel sensible.<\/p>\n\n<\/div>\n<\/div>\n<div id=\"faq5\" class=\"rank-math-list-item\">\n<h3 class=\"rank-math-question\"><span class=\"ez-toc-section\" id=\"How_can_I_prevent_ingrown_hairs_when_trimming\"><\/span>\u00bfC\u00f3mo puedo evitar los pelos encarnados al recortar el pelo?<span class=\"ez-toc-section-end\"><\/span><\/h3>\n<div class=\"rank-math-answer\">\n\n<p>Exfolia suavemente antes de recortar, utiliza un recortador afilado e hidrata despu\u00e9s para mantener la piel suave.<\/p>\n\n<\/div>\n<\/div>\n<div id=\"faq6\" class=\"rank-math-list-item\">\n<h3 class=\"rank-math-question\"><span class=\"ez-toc-section\" id=\"Does_diet_affect_beard_skin_health\"><\/span>\u00bfLa dieta afecta la salud de la piel de la barba?<span class=\"ez-toc-section-end\"><\/span><\/h3>\n<div class=\"rank-math-answer\">\n\n<p>Por supuesto. Las dietas antiinflamatorias ricas en frutas, verduras y omega 3 pueden reducir los brotes.<\/p>\n\n<\/div>\n<\/div>\n<div id=\"faq7\" class=\"rank-math-list-item\">\n<h3 class=\"rank-math-question\"><span class=\"ez-toc-section\" id=\"When_should_I_see_a_dermatologist_for_beard_issues\"><\/span>\u00bfCu\u00e1ndo debo consultar a un dermat\u00f3logo por problemas en la barba?<span class=\"ez-toc-section-end\"><\/span><\/h3>\n<div class=\"rank-math-answer\">\n\n<p>Si los tratamientos caseros no mejoran los s\u00edntomas en 1 o 2 semanas, o si hay signos de infecci\u00f3n como pus o fiebre, busque ayuda profesional de inmediato.<\/p>\n\n<\/div>\n<\/div>\n<\/div>\n<\/div>\n\n\n<p>Descubra la atenci\u00f3n dermatol\u00f3gica experta de la Dra. Ebru Okyay en Antalya. <strong>cuidado de la piel de la barba<\/strong> Desde tratamientos avanzados hasta tratamientos de belleza, estamos aqu\u00ed para ayudarte a lograr una piel impecable. Cont\u00e1ctanos hoy mismo para una consulta.<\/p>","protected":false},"excerpt":{"rendered":"<p>\u00bfSufres de picaz\u00f3n e irritaci\u00f3n en la piel debajo de la barba? No est\u00e1s solo. En 2025, a medida que m\u00e1s hombres se dejan crecer el vello facial, el cuidado de la piel de la barba se ha vuelto esencial para mantener una piel sana y radiante debajo de los fol\u00edculos. Desde irritaciones por afeitado hasta foliculitis, controlar los problemas de la piel en la zona del vello facial puede ser un desaf\u00edo, pero con las estrategias adecuadas, puedes lograr una piel suave y sin irritaciones que complemente tu estilo. Esta gu\u00eda completa, elaborada por la Dra. Ebru Okyay, dermat\u00f3loga l\u00edder en Antalya, explora todo lo que necesitas saber sobre el cuidado de la piel de la barba. Abordaremos problemas comunes, rutinas diarias, tratamientos y consejos de prevenci\u00f3n para ayudarte a mantener tu vello facial sano y con el mejor aspecto. Ya sea que te dejes crecer la barba o mantener una barba incipiente, estos conocimientos te permitir\u00e1n abordar los problemas de la piel de forma eficaz. Comprender los problemas de la piel en la zona de la barba: Problemas comunes y causas. La zona de la barba es propensa a problemas cut\u00e1neos \u00fanicos debido a la densidad de los fol\u00edculos pilosos, la producci\u00f3n de grasa y la fricci\u00f3n del afeitado o el aseo. En esta secci\u00f3n, analizaremos los problemas m\u00e1s frecuentes que afectan la zona del vello facial y sus causas subyacentes, bas\u00e1ndonos en a\u00f1os de experiencia cl\u00ednica en nuestra cl\u00ednica de Antalya. \u00bfQu\u00e9 hace que la zona de la barba sea vulnerable? La piel bajo la barba es m\u00e1s gruesa y grasa que en otras zonas del rostro, pero tambi\u00e9n est\u00e1 atrapada bajo las capas de vello, creando un ambiente h\u00famedo ideal para el crecimiento bacteriano. Factores como el sudor, la acumulaci\u00f3n de productos y un aseo inadecuado agravan los problemas. Seg\u00fan estudios dermatol\u00f3gicos recientes, en 2025, hasta el 70% de los hombres con barba reportan alg\u00fan tipo de irritaci\u00f3n cut\u00e1nea anualmente. Los culpables comunes incluyen: Los principales problemas de la piel de la barba y sus s\u00edntomas Examinemos los problemas clave que puede encontrar: Problema S\u00edntomas Prevalencia Pelos encarnados Bultos rojos, dolor, riesgo de infecci\u00f3n Com\u00fan en tipos de cabello rizado Foliculitis Granos llenos de pus, picaz\u00f3n, sensibilidad Afecta al 40% de los hombres con barba Piel seca (caspa de barba) Descamaci\u00f3n, picaz\u00f3n, descamaci\u00f3n Empeora en climas secos Acn\u00e9 y protuberancias por afeitado Poros inflamados, potencial cicatrizante Aparici\u00f3n despu\u00e9s del afeitado Brotes de psoriasis o eccema Manchas rojas, agrietamiento, picaz\u00f3n intensa Afecciones cr\u00f3nicas agravadas por el cabello Para obtener m\u00e1s informaci\u00f3n sobre el manejo de afecciones cr\u00f3nicas de la piel como la psoriasis, explore nuestra gu\u00eda sobre afecciones cr\u00f3nicas de la piel. Estos problemas no solo afectan la comodidad, sino que tambi\u00e9n pueden provocar cicatrices si no se tratan. El reconocimiento temprano es clave para un manejo eficaz. Crear una rutina diaria eficaz para el cuidado de la piel de la barba Una rutina constante es la base del cuidado de la piel del \u00e1rea de la barba. En 2025, los dermat\u00f3logos recomiendan un enfoque de varios pasos adaptado a su tipo de piel. En la cl\u00ednica de la Dra. Ebru Okyay en Antalya, enfatizamos los productos suaves con respaldo cient\u00edfico para prevenir problemas antes de que surjan. Rutina matutina y vespertina paso a paso Comience con la limpieza y termine con la hidrataci\u00f3n. Aqu\u00ed hay una rutina personalizable: Paso Ma\u00f1ana Noche Consejos Limpiar Lavado suave de barba con \u00e1cido salic\u00edlico Limpieza profunda para eliminar la acumulaci\u00f3n Use agua tibia; evite las duchas calientes Exfoliar 2-3 veces por semana con un cepillo suave Opcional, si es grasosa Previene los pelos encarnados Tratar Suero para problemas espec\u00edficos (p. ej., aceite de \u00e1rbol de t\u00e9 para foliculitis) Tratamiento localizado para brotes Pruebe nuevos productos en parches Hidratar Loci\u00f3n sin aceite o aceite para barba B\u00e1lsamo m\u00e1s pesado para reparaci\u00f3n nocturna Elija f\u00f3rmulas no comedog\u00e9nicas Proteger Protector solar debajo de la barba (FPS 30+) N\/D Esencial en la soleada Antalya Incorpore esta rutina a diario para obtener resultados \u00f3ptimos. Aj\u00fastela en funci\u00f3n de si su piel es grasa, seca o mixta. Elegir los productos adecuados para la piel de tu barba No todos los productos son iguales. Busca: Para las zonas de la barba propensas al acn\u00e9, consulta nuestro art\u00edculo sobre c\u00f3mo vencer el acn\u00e9 para obtener consejos personalizados. Consejo profesional: En el clima de Antalya, opta por productos ligeros y transpirables para combatir el sudor inducido por la humedad. Herramientas y t\u00e9cnicas de cuidado personal para una piel sana Las herramientas adecuadas minimizan la irritaci\u00f3n: evita recortar demasiado, ya que puede causar quemaduras por fricci\u00f3n. Si surgen problemas de hongos por herramientas compartidas, consulta nuestra Gu\u00eda de infecciones por hongos. Tratamiento de problemas comunes de la piel en la regi\u00f3n del vello facial Cuando la prevenci\u00f3n no es suficiente, los tratamientos espec\u00edficos son cruciales. Esta secci\u00f3n detalla soluciones basadas en la evidencia para los problemas de la piel del vello facial, seg\u00fan los protocolos utilizados en nuestra pr\u00e1ctica de dermatolog\u00eda en Antalya. Manejo de pelos encarnados y protuberancias por afeitado Los pelos encarnados se producen cuando los pelos afeitados se curvan hacia atr\u00e1s en la piel. Para tratar: Los casos graves pueden requerir inyecciones de cortisona; consulta a un dermat\u00f3logo de inmediato. Combatir la foliculitis y las infecciones La foliculitis es la inflamaci\u00f3n de los fol\u00edculos pilosos, a menudo bacteriana o f\u00fangica. Los s\u00edntomas incluyen protuberancias rojas llenas de pus. Opciones de tratamiento: Tipo Duraci\u00f3n del tratamiento Bacteriano Lavado antibacteriano (clorhexidina), antibi\u00f3ticos orales si es grave 7-14 d\u00edas F\u00fangico Champ\u00fa antimic\u00f3tico (ketoconazol), cremas t\u00f3picas 2-4 semanas Pseudofoliculitis Lociones esteroides, deje de afeitarse temporalmente 1-2 semanas Para la foliculitis f\u00fangica persistente, nuestro recurso Infecciones f\u00fangicas y problemas de la piel proporciona informaci\u00f3n m\u00e1s detallada. C\u00f3mo abordar la sequedad y la caspa de la barba (dermatitis seborreica) La piel seca debajo de la barba produce descamaci\u00f3n y picaz\u00f3n. Hidr\u00e1tese con: Si est\u00e1 relacionada con la dermatitis seborreica, pueden necesitarse champ\u00fas medicados con receta. C\u00f3mo tratar el acn\u00e9 en la zona de la barba El acn\u00e9 de la barba prospera en entornos grasosos. Las estrategias incluyen: Obtenga m\u00e1s informaci\u00f3n sobre el manejo del acn\u00e9 en nuestra publicaci\u00f3n Afecci\u00f3n de la piel: conquiste el acn\u00e9. C\u00f3mo manejar afecciones cr\u00f3nicas como el eccema o la psoriasis Para quienes tienen afecciones subyacentes, el vello de la barba puede atrapar irritantes. Los tratamientos incluyen: Nuestra gu\u00eda de afecciones cr\u00f3nicas de la piel ofrece estrategias integrales. Consejos avanzados para la salud y la prevenci\u00f3n de la piel de la barba a largo plazo M\u00e1s all\u00e1 de lo b\u00e1sico, las estrategias avanzadas garantizan resultados duraderos. Como dermat\u00f3loga que atiende a pacientes en Antalya y m\u00e1s all\u00e1, la Dra. Ebru Okyay recomienda estos para un cuidado \u00f3ptimo de la piel de la barba. Ajustes de estilo de vida para una mejor piel Sus h\u00e1bitos afectan la salud de la piel: tratamientos profesionales y cu\u00e1ndo buscar ayuda Para problemas persistentes, considere: Tratamiento Mejor para Estimaci\u00f3n de costo (2025) Peeling qu\u00edmicos Exfoliaci\u00f3n, cicatrices de acn\u00e9 $150-300 por sesi\u00f3n Terapia l\u00e1ser Foliculitis, pelos encarnados $200-500 Microagujas Reducci\u00f3n de cicatrices, hidrataci\u00f3n $250-400 Inyecciones de PRP Rejuvenecimiento general $400-600 Programe una consulta en la Cl\u00ednica de la Dra. Ebru Okyay para obtener planes personalizados. Cuidado estacional en el clima de Antalya El clima mediterr\u00e1neo de Antalya exige adaptaciones: productos m\u00e1s ligeros en verano, humectantes m\u00e1s ricos en invierno. Priorice siempre la protecci\u00f3n solar para prevenir la hiperpigmentaci\u00f3n debajo de la barba. Mitos vs. Realidades sobre el cuidado de la piel de la barba Mito Realidad Afeitarse hace que el vello crezca m\u00e1s grueso No es as\u00ed; solo parece m\u00e1s \u00e1spero El aceite para barba cura todos los problemas Es hidratante pero no medicinal Los hombres no necesitan protector solar debajo de la barba Los rayos UV penetran el vello; prot\u00e9jalo a diario Desmentir esto garantiza elecciones de cuidado m\u00e1s inteligentes. Conclusi\u00f3n Puntos clave Pr\u00f3ximos pasos Listo para transformar tu<\/p>","protected":false},"author":1,"featured_media":3981,"comment_status":"open","ping_status":"open","sticky":false,"template":"","format":"standard","meta":{"_daextam_enable_autolinks":"1","site-sidebar-layout":"default","site-content-layout":"","ast-site-content-layout":"default","site-content-style":"default","site-sidebar-style":"default","ast-global-header-display":"","ast-banner-title-visibility":"","ast-main-header-display":"","ast-hfb-above-header-display":"","ast-hfb-below-header-display":"","ast-hfb-mobile-header-display":"","site-post-title":"","ast-breadcrumbs-content":"","ast-featured-img":"","footer-sml-layout":"","ast-disable-related-posts":"","theme-transparent-header-meta":"","adv-header-id-meta":"","stick-header-meta":"","header-above-stick-meta":"","header-main-stick-meta":"","header-below-stick-meta":"","astra-migrate-meta-layouts":"default","ast-page-background-enabled":"default","ast-page-background-meta":{"desktop":{"background-color":"var(--ast-global-color-4)","background-image":"","background-repeat":"repeat","background-position":"center center","background-size":"auto","background-attachment":"scroll","background-type":"","background-media":"","overlay-type":"","overlay-color":"","overlay-opacity":"","overlay-gradient":""},"tablet":{"background-color":"","background-image":"","background-repeat":"repeat","background-position":"center center","background-size":"auto","background-attachment":"scroll","background-type":"","background-media":"","overlay-type":"","overlay-color":"","overlay-opacity":"","overlay-gradient":""},"mobile":{"background-color":"","background-image":"","background-repeat":"repeat","background-position":"center center","background-size":"auto","background-attachment":"scroll","background-type":"","background-media":"","overlay-type":"","overlay-color":"","overlay-opacity":"","overlay-gradient":""}},"ast-content-background-meta":{"desktop":{"background-color":"var(--ast-global-color-5)","background-image":"","background-repeat":"repeat","background-position":"center center","background-size":"auto","background-attachment":"scroll","background-type":"","background-media":"","overlay-type":"","overlay-color":"","overlay-opacity":"","overlay-gradient":""},"tablet":{"background-color":"var(--ast-global-color-5)","background-image":"","background-repeat":"repeat","background-position":"center center","background-size":"auto","background-attachment":"scroll","background-type":"","background-media":"","overlay-type":"","overlay-color":"","overlay-opacity":"","overlay-gradient":""},"mobile":{"background-color":"var(--ast-global-color-5)","background-image":"","background-repeat":"repeat","background-position":"center center","background-size":"auto","background-attachment":"scroll","background-type":"","background-media":"","overlay-type":"","overlay-color":"","overlay-opacity":"","overlay-gradient":""}},"footnotes":""},"categories":[22],"tags":[],"class_list":["post-3976","post","type-post","status-publish","format-standard","has-post-thumbnail","hentry","category-hair-and-hair-transplantation"],"_links":{"self":[{"href":"https:\/\/drebruokyay.com\/es\/wp-json\/wp\/v2\/posts\/3976","targetHints":{"allow":["GET"]}}],"collection":[{"href":"https:\/\/drebruokyay.com\/es\/wp-json\/wp\/v2\/posts"}],"about":[{"href":"https:\/\/drebruokyay.com\/es\/wp-json\/wp\/v2\/types\/post"}],"author":[{"embeddable":true,"href":"https:\/\/drebruokyay.com\/es\/wp-json\/wp\/v2\/users\/1"}],"replies":[{"embeddable":true,"href":"https:\/\/drebruokyay.com\/es\/wp-json\/wp\/v2\/comments?post=3976"}],"version-history":[{"count":1,"href":"https:\/\/drebruokyay.com\/es\/wp-json\/wp\/v2\/posts\/3976\/revisions"}],"predecessor-version":[{"id":3984,"href":"https:\/\/drebruokyay.com\/es\/wp-json\/wp\/v2\/posts\/3976\/revisions\/3984"}],"wp:featuredmedia":[{"embeddable":true,"href":"https:\/\/drebruokyay.com\/es\/wp-json\/wp\/v2\/media\/3981"}],"wp:attachment":[{"href":"https:\/\/drebruokyay.com\/es\/wp-json\/wp\/v2\/media?parent=3976"}],"wp:term":[{"taxonomy":"category","embeddable":true,"href":"https:\/\/drebruokyay.com\/es\/wp-json\/wp\/v2\/categories?post=3976"},{"taxonomy":"post_tag","embeddable":true,"href":"https:\/\/drebruokyay.com\/es\/wp-json\/wp\/v2\/tags?post=3976"}],"curies":[{"name":"gracias","href":"https:\/\/api.w.org\/{rel}","templated":true}]}}