{"id":2114,"date":"2025-04-07T10:43:58","date_gmt":"2025-04-07T09:43:58","guid":{"rendered":"https:\/\/drebruokyay.com\/?p=2114"},"modified":"2025-05-01T11:37:03","modified_gmt":"2025-05-01T10:37:03","slug":"reduccion-de-la-linea-del-cabello-en-antalya","status":"publish","type":"post","link":"https:\/\/drebruokyay.com\/es\/hairline-lowering-antalya\/","title":{"rendered":"Reducci\u00f3n de la l\u00ednea del cabello en Antalya: Tu gu\u00eda completa para una frente equilibrada"},"content":{"rendered":"<p>Una estructura facial equilibrada y armoniosa suele considerarse un aspecto clave del atractivo est\u00e9tico. Un factor importante que contribuye a este equilibrio es la posici\u00f3n y la forma de la l\u00ednea del cabello. Una l\u00ednea del cabello alta o en retroceso puede crear la apariencia de una frente grande, que algunas personas consideran desproporcionada o envejecida. Si bien los tratamientos para la ca\u00edda del cabello y el trasplante capilar abordan los problemas de densidad y recesi\u00f3n causados por afecciones como la alopecia androgen\u00e9tica (calvicie de patr\u00f3n masculino o femenino), la reducci\u00f3n quir\u00fargica de la l\u00ednea del cabello, tambi\u00e9n conocida como reducci\u00f3n de la frente o avance quir\u00fargico de la l\u00ednea del cabello, es un procedimiento dise\u00f1ado espec\u00edficamente para desplazar f\u00edsicamente el cuero cabelludo hacia adelante, disminuyendo as\u00ed la altura vertical de la frente. <\/p>\n\n\n\n<p>En vista de <strong>Reducci\u00f3n de la l\u00ednea del cabello en Antalya<\/strong> se ha convertido en una opci\u00f3n cada vez m\u00e1s popular para quienes buscan esta mejora est\u00e9tica, combinando el acceso a profesionales m\u00e9dicos experimentados con el atractivo de un destino internacional vibrante.<\/p>\n\n\n\n<p>Desde una perspectiva m\u00e9dica, comprender la anatom\u00eda de la frente y el cuero cabelludo es fundamental antes de considerar cualquier procedimiento. La frente es la zona delimitada superiormente por la l\u00ednea del cabello, inferiormente por las cejas y lateralmente por las crestas temporales. Su altura es un factor determinante del equilibrio facial general. El cuero cabelludo es una estructura compleja compuesta por varias capas: la piel, el tejido subcut\u00e1neo, la galea aponeur\u00f3tica, una capa de tejido areolar laxo y, finalmente, el periostio que recubre el cr\u00e1neo. La elasticidad del cuero cabelludo es un factor cr\u00edtico para determinar el avance potencial de la l\u00ednea del cabello que se puede lograr mediante la reducci\u00f3n quir\u00fargica. Un cuero cabelludo con buena laxitud se puede estirar con mayor facilidad para cubrir el \u00e1rea de piel de la frente extirpada.<\/p>\n\n\n\n<figure class=\"wp-block-image size-large\"><img fetchpriority=\"high\" decoding=\"async\" width=\"1024\" height=\"559\" src=\"https:\/\/drebruokyay.com\/wp-content\/uploads\/2025\/05\/image-1-1024x559.png\" alt=\"\" class=\"wp-image-2116\" srcset=\"https:\/\/drebruokyay.com\/wp-content\/uploads\/2025\/05\/image-1-1024x559.png 1024w, https:\/\/drebruokyay.com\/wp-content\/uploads\/2025\/05\/image-1-300x164.png 300w, https:\/\/drebruokyay.com\/wp-content\/uploads\/2025\/05\/image-1-768x419.png 768w, https:\/\/drebruokyay.com\/wp-content\/uploads\/2025\/05\/image-1-18x10.png 18w, https:\/\/drebruokyay.com\/wp-content\/uploads\/2025\/05\/image-1.png 1408w\" sizes=\"(max-width: 1024px) 100vw, 1024px\" \/><\/figure>\n\n\n\n<div id=\"ez-toc-container\" class=\"ez-toc-v2_0_82_2 ez-toc-wrap-left counter-hierarchy ez-toc-counter ez-toc-transparent ez-toc-container-direction\">\n<div class=\"ez-toc-title-container\">\n<p class=\"ez-toc-title\" style=\"cursor:inherit\">Tabla de contenido<\/p>\n<span class=\"ez-toc-title-toggle\"><a href=\"#\" class=\"ez-toc-pull-right ez-toc-btn ez-toc-btn-xs ez-toc-btn-default ez-toc-toggle\" aria-label=\"Alternar tabla de contenidos\"><span class=\"ez-toc-js-icon-con\"><span class=\"\"><span class=\"eztoc-hide\" style=\"display:none;\">Palanca<\/span><span class=\"ez-toc-icon-toggle-span\"><svg style=\"fill: #999;color:#999\" xmlns=\"http:\/\/www.w3.org\/2000\/svg\" class=\"list-377408\" width=\"20px\" height=\"20px\" viewbox=\"0 0 24 24\" fill=\"none\"><path d=\"M6 6H4v2h2V6zm14 0H8v2h12V6zM4 11h2v2H4v-2zm16 0H8v2h12v-2zM4 16h2v2H4v-2zm16 0H8v2h12v-2z\" fill=\"currentColor\"><\/path><\/svg><svg style=\"fill: #999;color:#999\" class=\"arrow-unsorted-368013\" xmlns=\"http:\/\/www.w3.org\/2000\/svg\" width=\"10px\" height=\"10px\" viewbox=\"0 0 24 24\" version=\"1.2\" baseprofile=\"tiny\"><path d=\"M18.2 9.3l-6.2-6.3-6.2 6.3c-.2.2-.3.4-.3.7s.1.5.3.7c.2.2.4.3.7.3h11c.3 0 .5-.1.7-.3.2-.2.3-.5.3-.7s-.1-.5-.3-.7zM5.8 14.7l6.2 6.3 6.2-6.3c.2-.2.3-.5.3-.7s-.1-.5-.3-.7c-.2-.2-.4-.3-.7-.3h-11c-.3 0-.5.1-.7.3-.2.2-.3.5-.3.7s.1.5.3.7z\"\/><\/svg><\/span><\/span><\/span><\/a><\/span><\/div>\n<nav><ul class='ez-toc-list ez-toc-list-level-1' ><li class='ez-toc-page-1 ez-toc-heading-level-2'><a class=\"ez-toc-link ez-toc-heading-1\" href=\"https:\/\/drebruokyay.com\/es\/hairline-lowering-antalya\/#Understanding_the_Anatomy_and_Aesthetics_of_the_Forehead\" >Comprensi\u00f3n de la anatom\u00eda y la est\u00e9tica de la frente<\/a><\/li><li class='ez-toc-page-1 ez-toc-heading-level-2'><a class=\"ez-toc-link ez-toc-heading-2\" href=\"https:\/\/drebruokyay.com\/es\/hairline-lowering-antalya\/#The_Rationale_Behind_Seeking_Hairline_Lowering\" >La raz\u00f3n detr\u00e1s de buscar la reducci\u00f3n de la l\u00ednea del cabello<\/a><\/li><li class='ez-toc-page-1 ez-toc-heading-level-2'><a class=\"ez-toc-link ez-toc-heading-3\" href=\"https:\/\/drebruokyay.com\/es\/hairline-lowering-antalya\/#Surgical_Hairline_Advancement_The_Procedure_Explained\" >Avance quir\u00fargico de la l\u00ednea del cabello: explicaci\u00f3n del procedimiento<\/a><ul class='ez-toc-list-level-3' ><li class='ez-toc-heading-level-3'><a class=\"ez-toc-link ez-toc-heading-4\" href=\"https:\/\/drebruokyay.com\/es\/hairline-lowering-antalya\/#The_Pre-Operative_Phase\" >La fase preoperatoria<\/a><\/li><li class='ez-toc-page-1 ez-toc-heading-level-3'><a class=\"ez-toc-link ez-toc-heading-5\" href=\"https:\/\/drebruokyay.com\/es\/hairline-lowering-antalya\/#The_Surgical_Procedure\" >El procedimiento quir\u00fargico<\/a><\/li><li class='ez-toc-page-1 ez-toc-heading-level-3'><a class=\"ez-toc-link ez-toc-heading-6\" href=\"https:\/\/drebruokyay.com\/es\/hairline-lowering-antalya\/#Technical_Considerations_and_Anatomical_Structures\" >Consideraciones t\u00e9cnicas y estructuras anat\u00f3micas<\/a><\/li><\/ul><\/li><li class='ez-toc-page-1 ez-toc-heading-level-2'><a class=\"ez-toc-link ez-toc-heading-7\" href=\"https:\/\/drebruokyay.com\/es\/hairline-lowering-antalya\/#Suitability_and_Candidate_Selection_for_Hairline_Lowering\" >Idoneidad y selecci\u00f3n de candidatos para la reducci\u00f3n de la l\u00ednea del cabello<\/a><\/li><li class='ez-toc-page-1 ez-toc-heading-level-2'><a class=\"ez-toc-link ez-toc-heading-8\" href=\"https:\/\/drebruokyay.com\/es\/hairline-lowering-antalya\/#The_Consultation_Process_A_Critical_First_Step\" >El proceso de consulta: un primer paso crucial<\/a><\/li><li class='ez-toc-page-1 ez-toc-heading-level-2'><a class=\"ez-toc-link ez-toc-heading-9\" href=\"https:\/\/drebruokyay.com\/es\/hairline-lowering-antalya\/#Potential_Risks_and_Complications_of_Hairline_Lowering\" >Posibles riesgos y complicaciones de la reducci\u00f3n de la l\u00ednea del cabello<\/a><\/li><li class='ez-toc-page-1 ez-toc-heading-level-2'><a class=\"ez-toc-link ez-toc-heading-10\" href=\"https:\/\/drebruokyay.com\/es\/hairline-lowering-antalya\/#The_Recovery_Journey_After_Hairline_Lowering\" >El viaje de recuperaci\u00f3n despu\u00e9s de la reducci\u00f3n de la l\u00ednea del cabello<\/a><ul class='ez-toc-list-level-3' ><li class='ez-toc-heading-level-3'><a class=\"ez-toc-link ez-toc-heading-11\" href=\"https:\/\/drebruokyay.com\/es\/hairline-lowering-antalya\/#Immediate_Post-Operative_Period_First_Few_Days\" >Periodo postoperatorio inmediato (primeros d\u00edas)<\/a><\/li><li class='ez-toc-page-1 ez-toc-heading-level-3'><a class=\"ez-toc-link ez-toc-heading-12\" href=\"https:\/\/drebruokyay.com\/es\/hairline-lowering-antalya\/#First_Week\" >Primera semana<\/a><\/li><li class='ez-toc-page-1 ez-toc-heading-level-3'><a class=\"ez-toc-link ez-toc-heading-13\" href=\"https:\/\/drebruokyay.com\/es\/hairline-lowering-antalya\/#Weeks_2-4\" >Semanas 2-4<\/a><\/li><li class='ez-toc-page-1 ez-toc-heading-level-3'><a class=\"ez-toc-link ez-toc-heading-14\" href=\"https:\/\/drebruokyay.com\/es\/hairline-lowering-antalya\/#Months_1-6\" >Meses 1-6<\/a><\/li><li class='ez-toc-page-1 ez-toc-heading-level-3'><a class=\"ez-toc-link ez-toc-heading-15\" href=\"https:\/\/drebruokyay.com\/es\/hairline-lowering-antalya\/#Beyond_6_Months\" >M\u00e1s all\u00e1 de los 6 meses<\/a><\/li><\/ul><\/li><li class='ez-toc-page-1 ez-toc-heading-level-2'><a class=\"ez-toc-link ez-toc-heading-16\" href=\"https:\/\/drebruokyay.com\/es\/hairline-lowering-antalya\/#Hairline_Lowering_vs_Hair_Transplantation_Choosing_the_Right_Procedure\" >Reducci\u00f3n de la l\u00ednea capilar vs. trasplante capilar: C\u00f3mo elegir el procedimiento adecuado<\/a><\/li><li class='ez-toc-page-1 ez-toc-heading-level-2'><a class=\"ez-toc-link ez-toc-heading-17\" href=\"https:\/\/drebruokyay.com\/es\/hairline-lowering-antalya\/#Considering_Antalya_for_Hairline_Lowering_Surgery\" >Considerando Antalya para la cirug\u00eda de reducci\u00f3n de la l\u00ednea del cabello<\/a><\/li><li class='ez-toc-page-1 ez-toc-heading-level-2'><a class=\"ez-toc-link ez-toc-heading-18\" href=\"https:\/\/drebruokyay.com\/es\/hairline-lowering-antalya\/#Expected_Results_and_Managing_Expectations\" >Resultados esperados y gesti\u00f3n de expectativas<\/a><\/li><li class='ez-toc-page-1 ez-toc-heading-level-2'><a class=\"ez-toc-link ez-toc-heading-19\" href=\"https:\/\/drebruokyay.com\/es\/hairline-lowering-antalya\/#Long-Term_Care_and_Follow-up\" >Atenci\u00f3n a largo plazo y seguimiento<\/a><\/li><li class='ez-toc-page-1 ez-toc-heading-level-2'><a class=\"ez-toc-link ez-toc-heading-20\" href=\"https:\/\/drebruokyay.com\/es\/hairline-lowering-antalya\/#Conclusion\" >Conclusi\u00f3n<\/a><\/li><\/ul><\/nav><\/div>\n<h2 class=\"wp-block-heading\"><span class=\"ez-toc-section\" id=\"Understanding_the_Anatomy_and_Aesthetics_of_the_Forehead\"><\/span>Comprensi\u00f3n de la anatom\u00eda y la est\u00e9tica de la frente<span class=\"ez-toc-section-end\"><\/span><\/h2>\n\n\n\n<p>La dimensi\u00f3n vertical de la frente se mide t\u00edpicamente desde la glabela (el entrecejo) hasta la l\u00ednea central del cabello. Si bien no existe una altura ideal para la frente, se suele indicar una medida promedio de entre 5 y 7 cent\u00edmetros. Las desviaciones, en particular las alturas que superan este rango, pueden percibirse como una frente alta.<\/p>\n\n\n\n<p>Una l\u00ednea de implantaci\u00f3n capilar alta puede ser cong\u00e9nita (presente desde el nacimiento) o adquirida, a menudo debido a factores como la edad, ciertos peinados que causan alopecia por tracci\u00f3n, cirug\u00edas previas o simplemente la gen\u00e9tica individual. Puede contribuir a una sensaci\u00f3n de desproporci\u00f3n, haciendo que el rostro parezca m\u00e1s largo o que el tercio superior del rostro domine la estructura general.<\/p>\n\n\n\n<p>El objetivo de la cirug\u00eda de reducci\u00f3n de la l\u00ednea capilar no es simplemente avanzar el cabello, sino crear una proporci\u00f3n facial m\u00e1s est\u00e9tica y equilibrada. Esto implica una planificaci\u00f3n cuidadosa para garantizar que la nueva posici\u00f3n de la l\u00ednea capilar sea natural, complemente los rasgos faciales y mantenga la armon\u00eda con las cejas y otros elementos faciales.<\/p>\n\n\n\n<p>Desde el punto de vista de [nombre del paciente], si bien el procedimiento quir\u00fargico en s\u00ed es competencia de los cirujanos pl\u00e1sticos o maxilofaciales, la salud del cuero cabelludo y de los fol\u00edculos pilosos es fundamental tanto antes como despu\u00e9s del procedimiento. Un dermat\u00f3logo podr\u00eda participar en la evaluaci\u00f3n del estado del cuero cabelludo, diagnosticar cualquier problema subyacente de ca\u00edda del cabello (lo que podr\u00eda influir en la idoneidad de la reducci\u00f3n de la l\u00ednea de implantaci\u00f3n del cabello frente al trasplante capilar o un enfoque combinado) y brindar orientaci\u00f3n sobre el manejo de las cicatrices y la salud del cuero cabelludo despu\u00e9s de la operaci\u00f3n. Afecciones como la dermatitis seborreica, la psoriasis del cuero cabelludo o la ca\u00edda activa del cabello deben abordarse y controlarse antes de considerar la cirug\u00eda para garantizar una cicatrizaci\u00f3n \u00f3ptima y el crecimiento del cabello a lo largo de la nueva l\u00ednea de implantaci\u00f3n.<\/p>\n\n\n\n<h2 class=\"wp-block-heading\"><span class=\"ez-toc-section\" id=\"The_Rationale_Behind_Seeking_Hairline_Lowering\"><\/span>La raz\u00f3n detr\u00e1s de buscar la reducci\u00f3n de la l\u00ednea del cabello<span class=\"ez-toc-section-end\"><\/span><\/h2>\n\n\n\n<p>Las personas buscan reducir la l\u00ednea del cabello por una variedad de razones, principalmente centradas en mejorar la est\u00e9tica facial y abordar el impacto psicol\u00f3gico de una frente alta.<\/p>\n\n\n\n<ul class=\"wp-block-list\">\n<li><strong>Proporci\u00f3n facial mejorada:<\/strong> Una frente alta puede alterar el equilibrio visual del rostro. Al bajar la l\u00ednea del cabello, el rostro puede parecer m\u00e1s equilibrado, ya que la frente ocupa una zona m\u00e1s proporcionada de la parte superior. Esto puede resultar en una proporci\u00f3n est\u00e9ticamente m\u00e1s agradable, seg\u00fan la regla de los tercios, donde el rostro se divide en tercios verticales aproximadamente iguales: l\u00ednea del cabello hasta la glabela, glabela hasta la base de la nariz y la base de la nariz hasta el ment\u00f3n.<\/li>\n\n\n\n<li><strong>Feminidad mejorada:<\/strong> En las mujeres, una l\u00ednea capilar m\u00e1s baja y redondeada suele asociarse con la feminidad. Una l\u00ednea capilar alta o en retroceso puede masculinizar la parte superior del rostro. Bajar la l\u00ednea capilar puede suavizar los rasgos faciales y crear una apariencia m\u00e1s tradicionalmente femenina.<\/li>\n\n\n\n<li><strong>Mayor confianza y autoestima:<\/strong> Una caracter\u00edstica que a una persona le incomoda, como una frente prominente, puede afectar significativamente su confianza y autoestima. Corregir esta caracter\u00edstica puede generar beneficios psicol\u00f3gicos, permiti\u00e9ndole sentirse m\u00e1s c\u00f3moda y segura con su apariencia.<\/li>\n\n\n\n<li><strong>Mayor flexibilidad en el peinado:<\/strong> Una l\u00ednea de nacimiento del cabello alta puede limitar las opciones de peinado, ya que las personas pueden sentir la necesidad de cubrirse la frente. Bajar la l\u00ednea de nacimiento del cabello puede abrir la posibilidad de diferentes peinados, incluyendo aquellos que dejan la frente al descubierto.<\/li>\n<\/ul>\n\n\n\n<p>Es fundamental diferenciar las motivaciones para la reducci\u00f3n de la l\u00ednea capilar de quienes buscan tratamientos para la ca\u00edda del cabello. La reducci\u00f3n de la l\u00ednea capilar aborda... <em>posici\u00f3n<\/em> de una l\u00ednea de cabello existente y sana, mientras que el trasplante de cabello aborda la <em>densidad<\/em> o <em>presencia<\/em> de cabello en zonas afectadas por la ca\u00edda del cabello. Si bien algunas personas pueden beneficiarse de un enfoque combinado si presentan una l\u00ednea de implantaci\u00f3n capilar alta y zonas con adelgazamiento capilar, el objetivo principal de la reducci\u00f3n de la l\u00ednea de implantaci\u00f3n capilar es la reducci\u00f3n estructural de la frente.<\/p>\n\n\n\n<figure class=\"wp-block-image size-large\"><img decoding=\"async\" width=\"1024\" height=\"559\" src=\"https:\/\/drebruokyay.com\/wp-content\/uploads\/2025\/04\/image-113-1024x559.png\" alt=\"\" class=\"wp-image-2118\" srcset=\"https:\/\/drebruokyay.com\/wp-content\/uploads\/2025\/04\/image-113-1024x559.png 1024w, https:\/\/drebruokyay.com\/wp-content\/uploads\/2025\/04\/image-113-300x164.png 300w, https:\/\/drebruokyay.com\/wp-content\/uploads\/2025\/04\/image-113-768x419.png 768w, https:\/\/drebruokyay.com\/wp-content\/uploads\/2025\/04\/image-113-18x10.png 18w, https:\/\/drebruokyay.com\/wp-content\/uploads\/2025\/04\/image-113.png 1408w\" sizes=\"(max-width: 1024px) 100vw, 1024px\" \/><\/figure>\n\n\n\n<h2 class=\"wp-block-heading\"><span class=\"ez-toc-section\" id=\"Surgical_Hairline_Advancement_The_Procedure_Explained\"><\/span>Avance quir\u00fargico de la l\u00ednea del cabello: explicaci\u00f3n del procedimiento<span class=\"ez-toc-section-end\"><\/span><\/h2>\n\n\n\n<p>El avance quir\u00fargico de la l\u00ednea de implantaci\u00f3n capilar es la t\u00e9cnica m\u00e1s com\u00fan para rebajar la l\u00ednea de implantaci\u00f3n capilar. Este procedimiento consiste en extraer quir\u00fargicamente una franja de piel de la frente y avanzar el cuero cabelludo hasta alcanzar el nuevo l\u00edmite inferior de la frente. El grado de avance posible depende directamente de la elasticidad del cuero cabelludo del paciente.<\/p>\n\n\n\n<h3 class=\"wp-block-heading\"><span class=\"ez-toc-section\" id=\"The_Pre-Operative_Phase\"><\/span>La fase preoperatoria<span class=\"ez-toc-section-end\"><\/span><\/h3>\n\n\n\n<p>Antes de la cirug\u00eda, es fundamental una consulta exhaustiva. Esta incluye:<\/p>\n\n\n\n<ul class=\"wp-block-list\">\n<li><strong>Historial m\u00e9dico y examen:<\/strong> El cirujano elaborar\u00e1 un historial m\u00e9dico detallado, que incluir\u00e1 cualquier afecci\u00f3n m\u00e9dica, medicamentos, alergias y cirug\u00edas previas. Se realizar\u00e1 un examen f\u00edsico del cuero cabelludo y la frente para evaluar la laxitud del cuero cabelludo, la densidad y la direcci\u00f3n del cabello, as\u00ed como la presencia de cualquier afecci\u00f3n en el cuero cabelludo.<\/li>\n\n\n\n<li><strong>Discusi\u00f3n de objetivos y expectativas:<\/strong> El paciente hablar\u00e1 sobre sus objetivos est\u00e9ticos y lo que espera lograr con la cirug\u00eda. El cirujano le explicar\u00e1 qu\u00e9 es realista lograr seg\u00fan la anatom\u00eda del paciente y las caracter\u00edsticas de su cuero cabelludo.<\/li>\n\n\n\n<li><strong>Planificaci\u00f3n quir\u00fargica:<\/strong> Este es un paso crucial. El cirujano medir\u00e1 cuidadosamente la altura de la frente y planificar\u00e1 la nueva posici\u00f3n de la l\u00ednea del cabello. Se har\u00e1n marcas en la frente y el cuero cabelludo para guiar la incisi\u00f3n. Se pueden utilizar im\u00e1genes digitales para simular los posibles resultados y facilitar la planificaci\u00f3n. El cirujano determinar\u00e1 la cantidad de piel de la frente que se eliminar\u00e1, lo cual se correlaciona directamente con el avance de la l\u00ednea del cabello.<\/li>\n\n\n\n<li><strong>Evaluaci\u00f3n de la laxitud del cuero cabelludo:<\/strong> Este es quiz\u00e1s el factor m\u00e1s crucial para determinar la idoneidad de la cirug\u00eda de reducci\u00f3n de la l\u00ednea capilar. La laxitud del cuero cabelludo se refiere a su capacidad de estiramiento. El cirujano evaluar\u00e1 esto manualmente durante la consulta. Un cuero cabelludo m\u00e1s firme permitir\u00e1 un menor avance, mientras que uno m\u00e1s el\u00e1stico permite un avance m\u00e1s significativo. Si la laxitud del cuero cabelludo no es suficiente para lograr la reducci\u00f3n deseada en una sola etapa, se podr\u00edan considerar t\u00e9cnicas como la expansi\u00f3n tisular, aunque esto es menos com\u00fan para la reducci\u00f3n primaria de la l\u00ednea capilar y requiere varios pasos.<\/li>\n\n\n\n<li><strong>Discusi\u00f3n del dise\u00f1o de la incisi\u00f3n:<\/strong> El cirujano planificar\u00e1 la incisi\u00f3n a lo largo de la nueva l\u00ednea capilar propuesta. Una t\u00e9cnica clave utilizada para minimizar la visibilidad de la cicatriz es la <strong>incisi\u00f3n tricof\u00edtica<\/strong>Este tipo de incisi\u00f3n es biselada (cortada en \u00e1ngulo) y se realiza <em>dentro<\/em> La l\u00ednea del cabello, espec\u00edficamente delante de los fol\u00edculos pilosos. El objetivo es que, a medida que el cabello vuelve a crecer a trav\u00e9s de la cicatriz, esta se disimule, haci\u00e9ndola menos visible con el tiempo. El dise\u00f1o espec\u00edfico de la incisi\u00f3n se adaptar\u00e1 a la forma natural de la l\u00ednea del cabello de cada persona (p. ej., recta, curva, con puntos temporales).<\/li>\n<\/ul>\n\n\n\n<h3 class=\"wp-block-heading\"><span class=\"ez-toc-section\" id=\"The_Surgical_Procedure\"><\/span>El procedimiento quir\u00fargico<span class=\"ez-toc-section-end\"><\/span><\/h3>\n\n\n\n<p>La cirug\u00eda generalmente se realiza bajo anestesia general, aunque en algunos casos se puede optar por anestesia local con sedaci\u00f3n. El procedimiento<sup>1<\/sup> implica varios pasos clave:<\/p>\n\n\n\n<ol class=\"wp-block-list\">\n<li><strong>Administraci\u00f3n de anestesia:<\/strong> Se administra anestesia para garantizar la comodidad del paciente y una experiencia sin dolor durante la cirug\u00eda.<\/li>\n\n\n\n<li><strong>Incisi\u00f3n:<\/strong> Tras las marcas preoperatorias, el cirujano realiza la incisi\u00f3n a lo largo de la nueva l\u00ednea capilar propuesta utilizando la t\u00e9cnica tricof\u00edtica planificada. Se realiza una segunda incisi\u00f3n horizontal a lo largo de la frente, en el nivel de reducci\u00f3n deseado.<\/li>\n\n\n\n<li><strong>Escisi\u00f3n de la piel de la frente:<\/strong> Se retira con cuidado la franja de piel de la frente entre las dos incisiones. El ancho de esta franja determina cu\u00e1nto se rebajar\u00e1 la l\u00ednea del cabello.<\/li>\n\n\n\n<li><strong>Socavamiento y avance del cuero cabelludo:<\/strong> El cirujano socava cuidadosamente el tejido del cuero cabelludo, separ\u00e1ndolo de la galea aponeur\u00f3tica subyacente y, en ocasiones, del periostio, seg\u00fan la movilidad requerida. Este es un paso delicado que requiere una t\u00e9cnica cuidadosa para preservar el riego sangu\u00edneo y nervioso del cuero cabelludo. El objetivo es crear suficiente movilidad para permitir el avance del cuero cabelludo sin tensi\u00f3n excesiva. La magnitud del socavamiento se determina seg\u00fan el avance requerido y la laxitud inherente del cuero cabelludo.<\/li>\n\n\n\n<li><strong>Fijaci\u00f3n:<\/strong> El cuero cabelludo avanzado se lleva luego hacia adelante hasta la l\u00ednea de incisi\u00f3n inferior. La galea aponeur\u00f3tica del colgajo de cuero cabelludo avanzado suele fijarse al periostio subyacente del hueso frontal mediante suturas. Esto proporciona una fijaci\u00f3n firme que mantiene el cuero cabelludo en su nueva posici\u00f3n y reduce la tensi\u00f3n en el cierre cut\u00e1neo.<\/li>\n\n\n\n<li><strong>Cierre:<\/strong> Los bordes de la piel del cuero cabelludo avanzado y la parte inferior de la frente (ahora la nueva l\u00ednea capilar) se suturan meticulosamente. La naturaleza tricof\u00edtica de la incisi\u00f3n superior es crucial, ya que garantiza que los fol\u00edculos pilosos se ubiquen correctamente a lo largo de la cicatriz para promover el crecimiento del cabello. Para un cierre seguro, se suelen utilizar varias capas de sutura, comenzando por las capas m\u00e1s profundas (como la galea y la dermis) y terminando con las suturas o grapas cut\u00e1neas.<\/li>\n\n\n\n<li><strong>Vendaje:<\/strong> Se aplica un ap\u00f3sito est\u00e9ril para proteger la incisi\u00f3n. Se pueden colocar drenajes temporales para ayudar a eliminar el l\u00edquido acumulado.<\/li>\n<\/ol>\n\n\n\n<p>La duraci\u00f3n de la cirug\u00eda suele oscilar entre 1,5 y 3 horas, dependiendo de la complejidad y la cantidad de reducci\u00f3n realizada.<\/p>\n\n\n\n<h3 class=\"wp-block-heading\"><span class=\"ez-toc-section\" id=\"Technical_Considerations_and_Anatomical_Structures\"><\/span>Consideraciones t\u00e9cnicas y estructuras anat\u00f3micas<span class=\"ez-toc-section-end\"><\/span><\/h3>\n\n\n\n<p>Durante el procedimiento, los cirujanos deben navegar y proteger varias estructuras anat\u00f3micas vitales:<\/p>\n\n\n\n<ul class=\"wp-block-list\">\n<li><strong>Galea aponeur\u00f3tica:<\/strong> Se trata de una capa fibrosa resistente que se encuentra debajo del tejido subcut\u00e1neo del cuero cabelludo. Es importante para fortalecerlo y suele utilizarse para la fijaci\u00f3n durante el procedimiento.<\/li>\n\n\n\n<li><strong>Periostio:<\/strong> Membrana que recubre el hueso. La fijaci\u00f3n de la galea al periostio proporciona un anclaje firme para el cuero cabelludo avanzado.<\/li>\n\n\n\n<li><strong>Nervios supraorbitario y supratroclear:<\/strong> Estos nervios sensoriales salen de la \u00f3rbita (cuenca ocular) y proporcionan sensibilidad a la frente y el cuero cabelludo. Recorren justo por encima del periostio. El cirujano debe tener cuidado de no da\u00f1ar estos nervios durante el proceso de socavaci\u00f3n, ya que el da\u00f1o puede provocar entumecimiento temporal o permanente en la frente y el cuero cabelludo.<\/li>\n\n\n\n<li><strong>Vasos sangu\u00edneos:<\/strong> El cuero cabelludo cuenta con un abundante aporte sangu\u00edneo, proveniente principalmente de las arterias temporal superficial y supraorbitaria\/supratroclear. Se requiere una t\u00e9cnica quir\u00fargica cuidadosa para minimizar el sangrado y preservar el flujo sangu\u00edneo al colgajo avanzado del cuero cabelludo para asegurar una cicatrizaci\u00f3n adecuada.<\/li>\n\n\n\n<li><strong>M\u00fasculo frontal:<\/strong> Este m\u00fasculo es responsable de levantar las cejas y crear las arrugas de la frente. Si bien la incisi\u00f3n suele realizarse por encima de este m\u00fasculo, una socavaci\u00f3n o manipulaci\u00f3n excesiva podr\u00eda afectar su funci\u00f3n, aunque esto es poco com\u00fan con las t\u00e9cnicas est\u00e1ndar de reducci\u00f3n de la l\u00ednea del cabello.<\/li>\n<\/ul>\n\n\n\n<p>En <strong>incisi\u00f3n tricof\u00edtica<\/strong> Es una t\u00e9cnica sofisticada que distingue la reducci\u00f3n de la l\u00ednea capilar de una simple escisi\u00f3n y cierre de la piel. Al inclinar la incisi\u00f3n, el cirujano preserva los fol\u00edculos pilosos en el borde del colgajo del cuero cabelludo. Al avanzar el cuero cabelludo y suturarlo a la piel de la frente, estos fol\u00edculos preservados se posicionan para crecer a trav\u00e9s de la l\u00ednea de la cicatriz. Esto ayuda a crear una transici\u00f3n de aspecto natural y reduce significativamente la visibilidad de la cicatriz en comparaci\u00f3n con una incisi\u00f3n perpendicular est\u00e1ndar, donde el crecimiento del cabello se interrumpe en el borde de la cicatriz.<\/p>\n\n\n\n<h2 class=\"wp-block-heading\"><span class=\"ez-toc-section\" id=\"Suitability_and_Candidate_Selection_for_Hairline_Lowering\"><\/span>Idoneidad y selecci\u00f3n de candidatos para la reducci\u00f3n de la l\u00ednea del cabello<span class=\"ez-toc-section-end\"><\/span><\/h2>\n\n\n\n<p>No todos son candidatos adecuados para la reducci\u00f3n quir\u00fargica de la l\u00ednea del cabello. Una evaluaci\u00f3n exhaustiva por parte de un cirujano experimentado es crucial para determinar si el procedimiento es adecuado y para gestionar las expectativas. Los factores clave a considerar incluyen:<\/p>\n\n\n\n<ul class=\"wp-block-list\">\n<li><strong>Laxitud del cuero cabelludo:<\/strong> Como se mencion\u00f3, este es el factor m\u00e1s cr\u00edtico. Las personas con buena elasticidad del cuero cabelludo pueden lograr una mayor reducci\u00f3n en un solo procedimiento (normalmente de 1 a 3 cm, a veces m\u00e1s en casos selectos). Quienes tienen el cuero cabelludo tenso pueden lograr solo una reducci\u00f3n m\u00ednima o requerir procedimientos alternativos o por etapas.<\/li>\n\n\n\n<li><strong>Altura de la frente:<\/strong> El procedimiento es m\u00e1s beneficioso para personas con una frente significativamente alta (generalmente &gt; 7 cm). Para quienes tienen una frente ligeramente alta, los beneficios potenciales podr\u00edan no compensar los riesgos y las cicatrices asociadas con la cirug\u00eda.<\/li>\n\n\n\n<li><strong>Densidad y calidad del cabello:<\/strong> Una l\u00ednea capilar sana y relativamente densa es importante para obtener el mejor resultado est\u00e9tico y camuflar las cicatrices. Las personas con un adelgazamiento significativo de la l\u00ednea capilar o con alopecia androgen\u00e9tica activa podr\u00edan no ser candidatas ideales para la reducci\u00f3n de la l\u00ednea capilar \u00fanicamente, ya que la futura ca\u00edda del cabello podr\u00eda exponer la cicatriz. En estos casos, se podr\u00eda considerar un enfoque combinado con trasplante capilar para reforzar la nueva l\u00ednea capilar.<\/li>\n\n\n\n<li><strong>Direcci\u00f3n del cabello:<\/strong> Durante la planificaci\u00f3n se eval\u00faa la direcci\u00f3n natural del crecimiento del cabello a lo largo de la l\u00ednea del cabello para garantizar que la incisi\u00f3n tricof\u00edtica est\u00e9 dise\u00f1ada para promover el crecimiento a trav\u00e9s de la cicatriz en un patr\u00f3n natural.<\/li>\n\n\n\n<li><strong>Salud m\u00e9dica:<\/strong> Los candidatos deben gozar de buena salud general y no presentar afecciones m\u00e9dicas que puedan dificultar la cicatrizaci\u00f3n, aumentar los riesgos quir\u00fargicos o contraindicar la anestesia. Se deben considerar cuidadosamente afecciones como diabetes no controlada, trastornos hemorr\u00e1gicos o enfermedades cardiovasculares importantes.<\/li>\n\n\n\n<li><strong>Salud del cuero cabelludo:<\/strong> El cuero cabelludo debe estar libre de infecciones activas, condiciones inflamatorias (como dermatitis severa) o cicatrices significativas de traumatismos o cirug\u00edas previas.<\/li>\n\n\n\n<li><strong>Expectativas realistas:<\/strong> Los candidatos deben comprender claramente lo que la cirug\u00eda puede y no puede lograr. Deben ser conscientes de los posibles riesgos, el proceso de recuperaci\u00f3n y la naturaleza de la cicatriz resultante.<\/li>\n\n\n\n<li><strong>Preparaci\u00f3n psicol\u00f3gica:<\/strong> Los candidatos deben buscar la cirug\u00eda por motivos propios y tener un estado psicol\u00f3gico estable.<\/li>\n<\/ul>\n\n\n\n<p>Las personas con p\u00e9rdida capilar difusa significativa, poca laxitud del cuero cabelludo o antecedentes de cicatrices queloides (cicatrices gruesas y elevadas) podr\u00edan no ser candidatas adecuadas para la reducci\u00f3n quir\u00fargica de la l\u00ednea de implantaci\u00f3n del cabello. Opciones alternativas, como m\u00faltiples sesiones de trasplante capilar, podr\u00edan ser m\u00e1s apropiadas en estos casos.<\/p>\n\n\n\n<h2 class=\"wp-block-heading\"><span class=\"ez-toc-section\" id=\"The_Consultation_Process_A_Critical_First_Step\"><\/span>El proceso de consulta: un primer paso crucial<span class=\"ez-toc-section-end\"><\/span><\/h2>\n\n\n\n<p>La consulta inicial es fundamental para el \u00e9xito de un procedimiento de reducci\u00f3n de la l\u00ednea capilar. Es una oportunidad para que el paciente conozca al cirujano, converse sobre sus inquietudes y objetivos, y para que este eval\u00fae su idoneidad y desarrolle un plan quir\u00fargico personalizado.<\/p>\n\n\n\n<p>Durante la consulta, el cirujano:<\/p>\n\n\n\n<ul class=\"wp-block-list\">\n<li>Escuche atentamente las motivaciones del paciente y el resultado deseado.<\/li>\n\n\n\n<li>Realizar un examen f\u00edsico detallado de la frente, el cuero cabelludo y la l\u00ednea del cabello, evaluando la laxitud del cuero cabelludo, la calidad de la piel y las caracter\u00edsticas del cabello.<\/li>\n\n\n\n<li>Tome fotograf\u00edas para registros m\u00e9dicos y posibles comparaciones antes y despu\u00e9s.<\/li>\n\n\n\n<li>Mida la altura actual de la frente y analice la reducci\u00f3n alcanzable en funci\u00f3n de la laxitud del cuero cabelludo.<\/li>\n\n\n\n<li>Discuta la t\u00e9cnica quir\u00fargica en detalle, explicando los pasos involucrados, el tipo de incisi\u00f3n (tricof\u00edtica) y d\u00f3nde se ubicar\u00e1 la cicatriz.<\/li>\n\n\n\n<li>Revise los posibles riesgos y complicaciones asociados con la cirug\u00eda.<\/li>\n\n\n\n<li>Explique el proceso de recuperaci\u00f3n esperado y el cronograma.<\/li>\n\n\n\n<li>Discuta las opciones de anestesia.<\/li>\n\n\n\n<li>Proporcionar informaci\u00f3n sobre los costos involucrados.<\/li>\n\n\n\n<li>Responda todas las preguntas del paciente completamente.<\/li>\n<\/ul>\n\n\n\n<p>Se recomienda que los pacientes vengan preparados con una lista de preguntas. Algunas preguntas importantes incluyen:<\/p>\n\n\n\n<ul class=\"wp-block-list\">\n<li>\u00bfCu\u00e1nto se puede bajar realmente mi l\u00ednea del cabello?<\/li>\n\n\n\n<li>\u00bfQu\u00e9 tipo de incisi\u00f3n se utilizar\u00e1 y d\u00f3nde quedar\u00e1 la cicatriz?<\/li>\n\n\n\n<li>\u00bfQu\u00e9 t\u00e9cnicas se utilizar\u00e1n para minimizar la visibilidad de las cicatrices?<\/li>\n\n\n\n<li>\u00bfCu\u00e1les son los posibles riesgos y complicaciones espec\u00edficos de mi caso?<\/li>\n\n\n\n<li>\u00bfCu\u00e1l es el tiempo de recuperaci\u00f3n esperado?<\/li>\n\n\n\n<li>\u00bfCu\u00e1ndo puedo volver a trabajar y hacer ejercicio?<\/li>\n\n\n\n<li>\u00bfQu\u00e9 tipo de resultados puedo esperar y cu\u00e1nto tiempo tardar\u00e9 en ver los resultados finales?<\/li>\n\n\n\n<li>\u00bfQu\u00e9 experiencia tiene usted con la cirug\u00eda de reducci\u00f3n de la l\u00ednea del cabello?<\/li>\n\n\n\n<li>\u00bfPuedo ver fotograf\u00edas de antes y despu\u00e9s de sus pacientes anteriores que se han sometido a este procedimiento?<\/li>\n<\/ul>\n\n\n\n<p>Un buen cirujano dedicar\u00e1 suficiente tiempo al paciente, brind\u00e1ndole informaci\u00f3n clara y honesta. Tambi\u00e9n debe evaluar su preparaci\u00f3n psicol\u00f3gica y asegurarse de que sus expectativas sean realistas. En ocasiones, un cirujano puede desaconsejar la cirug\u00eda si considera que los riesgos superan los posibles beneficios para esa persona o si el resultado deseado no es realista.<\/p>\n\n\n\n<h2 class=\"wp-block-heading\"><span class=\"ez-toc-section\" id=\"Potential_Risks_and_Complications_of_Hairline_Lowering\"><\/span>Posibles riesgos y complicaciones de la reducci\u00f3n de la l\u00ednea del cabello<span class=\"ez-toc-section-end\"><\/span><\/h2>\n\n\n\n<p>Como cualquier procedimiento quir\u00fargico, la reducci\u00f3n de la l\u00ednea del cabello conlleva posibles riesgos y complicaciones. Si bien generalmente se considera segura cuando la realiza un cirujano experimentado, es fundamental que los pacientes conozcan estas posibilidades.<\/p>\n\n\n\n<ul class=\"wp-block-list\">\n<li><strong>Cicatrizaci\u00f3n:<\/strong> La preocupaci\u00f3n m\u00e1s com\u00fan es una cicatriz visible a lo largo de la nueva l\u00ednea capilar. Si bien la incisi\u00f3n tricof\u00edtica est\u00e1 dise\u00f1ada para minimizar la visibilidad permitiendo el crecimiento del cabello a trav\u00e9s de la cicatriz, su apariencia puede variar seg\u00fan la cicatrizaci\u00f3n, el tipo de piel y la t\u00e9cnica quir\u00fargica. En algunos casos, la cicatriz puede ser roja, elevada (hipertr\u00f3fica) o ensanchada. Las t\u00e9cnicas de tratamiento de cicatrices (masajes, l\u00e1minas de silicona, inyecciones de esteroides) pueden ayudar a mejorar su apariencia, pero siempre puede quedar una l\u00ednea tenue.<\/li>\n\n\n\n<li><strong>Entumecimiento:<\/strong> El entumecimiento temporal o permanente de la frente y el cuero cabelludo es un efecto secundario com\u00fan. Esto se debe al posible estiramiento o la interrupci\u00f3n temporal de los nervios supraorbitario y supratroclear durante el proceso de socavaci\u00f3n. La sensibilidad suele recuperarse gradualmente a lo largo de varios meses, pero en algunos casos, puede persistir una peque\u00f1a zona de entumecimiento permanente detr\u00e1s de la cicatriz.<\/li>\n\n\n\n<li><strong>Dolor y malestar:<\/strong> Es normal que haya dolor, hinchaz\u00f3n y hematomas despu\u00e9s de la cirug\u00eda. El dolor suele controlarse con medicamentos recetados y suele remitir en pocos d\u00edas.<\/li>\n\n\n\n<li><strong>Hinchaz\u00f3n y hematomas:<\/strong> La hinchaz\u00f3n y los hematomas en la frente y alrededor de los ojos son comunes y pueden tardar varias semanas en desaparecer por completo.<\/li>\n\n\n\n<li><strong>Sangrado y hematomas:<\/strong> Aunque es poco frecuente, puede producirse sangrado durante o despu\u00e9s de la cirug\u00eda, lo que podr\u00eda provocar un hematoma (acumulaci\u00f3n de sangre bajo la piel). Esto podr\u00eda requerir drenaje.<\/li>\n\n\n\n<li><strong>Infecci\u00f3n:<\/strong> Como con cualquier cirug\u00eda, existe el riesgo de infecci\u00f3n en la incisi\u00f3n. Esto suele tratarse con antibi\u00f3ticos.<\/li>\n\n\n\n<li><strong>Mala cicatrizaci\u00f3n de heridas:<\/strong> Factores como fumar, problemas de salud subyacentes y una tensi\u00f3n excesiva en el cierre pueden perjudicar la cicatrizaci\u00f3n de la herida, lo que puede provocar la separaci\u00f3n de la herida o un retraso en la cicatrizaci\u00f3n.<\/li>\n\n\n\n<li><strong>P\u00e9rdida temporal del cabello por choque (efluvio tel\u00f3geno):<\/strong> Algunas personas pueden experimentar una ca\u00edda temporal de los fol\u00edculos pilosos cerca de la l\u00ednea de incisi\u00f3n debido al estr\u00e9s de la cirug\u00eda. Esto suele ser temporal y el cabello vuelve a crecer en unos meses.<\/li>\n\n\n\n<li><strong>Asimetr\u00eda:<\/strong> Si bien los cirujanos se esfuerzan por lograr la simetr\u00eda, pueden ocurrir ligeras asimetr\u00edas en la posici\u00f3n o forma de la l\u00ednea del cabello.<\/li>\n\n\n\n<li><strong>Reducci\u00f3n inadecuada:<\/strong> La laxitud del cuero cabelludo limita la profundidad del descenso. En algunos casos, el descenso logrado puede ser menor al deseado.<\/li>\n\n\n\n<li><strong>Ensanchamiento de la cicatriz:<\/strong> En algunas personas, la cicatriz puede estirarse y ensancharse con el tiempo, especialmente si hay una tensi\u00f3n significativa en el cierre o una producci\u00f3n deficiente de col\u00e1geno durante la curaci\u00f3n.<\/li>\n\n\n\n<li><strong>Da\u00f1o nervioso (motor):<\/strong> Aunque es poco frecuente con el descenso est\u00e1ndar de la l\u00ednea capilar, la lesi\u00f3n de la rama temporal del nervio facial (que controla el movimiento de las cejas) constituye un riesgo te\u00f3rico, especialmente durante el socavamiento en las \u00e1reas temporales. El da\u00f1o podr\u00eda provocar una debilidad temporal o permanente en la elevaci\u00f3n de las cejas en un lado. Los cirujanos tienen mucho cuidado de evitar este nervio.<\/li>\n<\/ul>\n\n\n\n<p>Es importante que los pacientes sigan meticulosamente las instrucciones preoperatorias y posoperatorias de su cirujano para minimizar el riesgo de complicaciones. Esto incluye evitar fumar (que dificulta significativamente la cicatrizaci\u00f3n), controlar las afecciones subyacentes y asistir a todas las citas de seguimiento.<\/p>\n\n\n\n<h2 class=\"wp-block-heading\"><span class=\"ez-toc-section\" id=\"The_Recovery_Journey_After_Hairline_Lowering\"><\/span>El viaje de recuperaci\u00f3n despu\u00e9s de la reducci\u00f3n de la l\u00ednea del cabello<span class=\"ez-toc-section-end\"><\/span><\/h2>\n\n\n\n<p>La recuperaci\u00f3n tras la cirug\u00eda de reducci\u00f3n de la l\u00ednea capilar es gradual. Comprender qu\u00e9 esperar es crucial para gestionar eficazmente el postoperatorio.<\/p>\n\n\n\n<h3 class=\"wp-block-heading\"><span class=\"ez-toc-section\" id=\"Immediate_Post-Operative_Period_First_Few_Days\"><\/span>Periodo postoperatorio inmediato (primeros d\u00edas)<span class=\"ez-toc-section-end\"><\/span><\/h3>\n\n\n\n<ul class=\"wp-block-list\">\n<li><strong>Estancia en el hospital:<\/strong> La mayor\u00eda de los pacientes pueden regresar a casa el mismo d\u00eda o permanecer una noche en el hospital, dependiendo de la extensi\u00f3n de la cirug\u00eda y la preferencia del cirujano.<\/li>\n\n\n\n<li><strong>Ap\u00f3sitos y drenajes:<\/strong> Se aplicar\u00e1 un vendaje en la cabeza inmediatamente despu\u00e9s de la cirug\u00eda para proteger la incisi\u00f3n y minimizar la inflamaci\u00f3n. Si se utilizan drenajes, estos se retirar\u00e1n generalmente en las primeras 24 a 48 horas.<\/li>\n\n\n\n<li><strong>Tratamiento del dolor:<\/strong> Se le recetar\u00e1n analg\u00e9sicos para controlar las molestias. El dolor suele ser m\u00e1s notorio durante los primeros d\u00edas y disminuye gradualmente.<\/li>\n\n\n\n<li><strong>Hinchaz\u00f3n y hematomas:<\/strong> Se espera una hinchaz\u00f3n y hematomas importantes en la frente y alrededor de los ojos. Mantener la cabeza elevada, incluso al dormir, puede ayudar a reducir la hinchaz\u00f3n. Las compresas fr\u00edas tambi\u00e9n pueden ser beneficiosas durante las primeras 24 a 48 horas.<\/li>\n\n\n\n<li><strong>Entumecimiento y rigidez:<\/strong> Es com\u00fan sentir entumecimiento y tirantez en la frente y el cuero cabelludo debido a la manipulaci\u00f3n del nervio y al avance del cuero cabelludo.<\/li>\n\n\n\n<li><strong>Restricciones de actividad:<\/strong> Se debe evitar la actividad extenuante y levantar objetos pesados durante el per\u00edodo de recuperaci\u00f3n inicial para prevenir el aumento de la hinchaz\u00f3n y el sangrado.<\/li>\n<\/ul>\n\n\n\n<h3 class=\"wp-block-heading\"><span class=\"ez-toc-section\" id=\"First_Week\"><\/span>Primera semana<span class=\"ez-toc-section-end\"><\/span><\/h3>\n\n\n\n<ul class=\"wp-block-list\">\n<li><strong>Cita de seguimiento:<\/strong> Generalmente, se programa una cita de seguimiento con el cirujano dentro de la primera semana para revisar la incisi\u00f3n, retirar los drenajes (si hay) y cambiar los vendajes.<\/li>\n\n\n\n<li><strong>Extracci\u00f3n de suturas\/grapas:<\/strong> Las suturas o grapas de la piel a lo largo de la l\u00ednea de incisi\u00f3n generalmente se retiran entre 7 y 14 d\u00edas.<\/li>\n\n\n\n<li><strong>Ducharse y lavarse el cabello:<\/strong> El cirujano le indicar\u00e1 cu\u00e1ndo y c\u00f3mo lavarse el cabello y ducharse de forma segura. Es importante limpiar suavemente la zona de la incisi\u00f3n.<\/li>\n\n\n\n<li><strong>Regreso gradual a las actividades:<\/strong> Las actividades ligeras pueden reanudarse gradualmente. Sin embargo, se deben evitar el ejercicio intenso y las actividades que aumenten la presi\u00f3n arterial en la cabeza.<\/li>\n<\/ul>\n\n\n\n<h3 class=\"wp-block-heading\"><span class=\"ez-toc-section\" id=\"Weeks_2-4\"><\/span>Semanas 2-4<span class=\"ez-toc-section-end\"><\/span><\/h3>\n\n\n\n<ul class=\"wp-block-list\">\n<li><strong>Disminuci\u00f3n de la hinchaz\u00f3n y los hematomas:<\/strong> La hinchaz\u00f3n y los hematomas continuar\u00e1n disminuyendo, aunque puede persistir algo de hinchaz\u00f3n residual durante varias semanas.<\/li>\n\n\n\n<li><strong>Regreso al trabajo:<\/strong> La mayor\u00eda de los pacientes pueden regresar a trabajar dentro de 1 a 2 semanas, dependiendo de la naturaleza de su trabajo y su curaci\u00f3n individual.<\/li>\n\n\n\n<li><strong>Manejo del entumecimiento y la picaz\u00f3n:<\/strong> El entumecimiento puede persistir y es com\u00fan sentir picaz\u00f3n a lo largo de la incisi\u00f3n en proceso de cicatrizaci\u00f3n. Un masaje suave (una vez aprobado por el cirujano) y cremas antipicaz\u00f3n de venta libre pueden aliviar el dolor.<\/li>\n\n\n\n<li><strong>Apariencia de la cicatriz:<\/strong> Al principio, la l\u00ednea de la incisi\u00f3n estar\u00e1 roja y visible. Esto es normal y desaparecer\u00e1 con el tiempo.<\/li>\n<\/ul>\n\n\n\n<h3 class=\"wp-block-heading\"><span class=\"ez-toc-section\" id=\"Months_1-6\"><\/span>Meses 1-6<span class=\"ez-toc-section-end\"><\/span><\/h3>\n\n\n\n<ul class=\"wp-block-list\">\n<li><strong>Maduraci\u00f3n de la cicatriz:<\/strong> La cicatriz continuar\u00e1 madurando, volvi\u00e9ndose m\u00e1s plana, m\u00e1s suave y menos roja. Este proceso puede durar desde varios meses hasta un a\u00f1o o m\u00e1s. Es importante seguir las recomendaciones para el tratamiento de la cicatriz (masajes, protecci\u00f3n solar).<\/li>\n\n\n\n<li><strong>El regreso de la sensaci\u00f3n:<\/strong> La sensibilidad en la frente y el cuero cabelludo se recuperar\u00e1 gradualmente a medida que los nervios se regeneran. Esto puede tardar varios meses, y algunas zonas de entumecimiento podr\u00edan ser permanentes.<\/li>\n\n\n\n<li><strong>Crecimiento del cabello a trav\u00e9s de la cicatriz:<\/strong> En quienes se someten a una incisi\u00f3n tricof\u00edtica, el cabello comenzar\u00e1 a crecer a trav\u00e9s de la cicatriz, lo que ayudar\u00e1 a disimularla. Este crecimiento se hace m\u00e1s evidente con el paso de los meses.<\/li>\n\n\n\n<li><strong>Regresar a la actividad completa:<\/strong> La mayor\u00eda de las personas pueden reanudar todas sus actividades normales, incluido el ejercicio extenuante, en un plazo de 4 a 6 semanas.<\/li>\n<\/ul>\n\n\n\n<h3 class=\"wp-block-heading\"><span class=\"ez-toc-section\" id=\"Beyond_6_Months\"><\/span>M\u00e1s all\u00e1 de los 6 meses<span class=\"ez-toc-section-end\"><\/span><\/h3>\n\n\n\n<ul class=\"wp-block-list\">\n<li><strong>Resultados finales:<\/strong> Los resultados est\u00e9ticos finales se hacen m\u00e1s evidentes a medida que la hinchaz\u00f3n desaparece por completo y la cicatriz madura.<\/li>\n\n\n\n<li><strong>Manejo de cicatrices a largo plazo:<\/strong> El cirujano podr\u00eda recomendar el tratamiento continuo de la cicatriz.<\/li>\n<\/ul>\n\n\n\n<p>Es importante seguir las instrucciones postoperatorias espec\u00edficas del cirujano, que pueden variar seg\u00fan cada paciente y los detalles de la cirug\u00eda. Cualquier inquietud o s\u00edntoma inusual durante la recuperaci\u00f3n debe informarse al equipo quir\u00fargico de inmediato.<\/p>\n\n\n\n<h2 class=\"wp-block-heading\"><span class=\"ez-toc-section\" id=\"Hairline_Lowering_vs_Hair_Transplantation_Choosing_the_Right_Procedure\"><\/span>Reducci\u00f3n de la l\u00ednea capilar vs. trasplante capilar: C\u00f3mo elegir el procedimiento adecuado<span class=\"ez-toc-section-end\"><\/span><\/h2>\n\n\n\n<p>Comprender la diferencia fundamental entre la cirug\u00eda de reducci\u00f3n de la l\u00ednea capilar y el trasplante capilar es crucial, ya que abordan diferentes problemas e implican t\u00e9cnicas distintas. En ocasiones, un enfoque combinado puede ser la soluci\u00f3n m\u00e1s adecuada.<\/p>\n\n\n\n<p><strong>Reducci\u00f3n de la l\u00ednea del cabello (avance quir\u00fargico de la l\u00ednea del cabello):<\/strong><\/p>\n\n\n\n<ul class=\"wp-block-list\">\n<li><strong>Objetivo principal:<\/strong> Reducir f\u00edsicamente la altura de la frente quitando quir\u00fargicamente una tira de piel de la frente y avanzando la l\u00ednea del cabello existente hacia adelante.<\/li>\n\n\n\n<li><strong>Mecanismo:<\/strong> Implica alterar quir\u00fargicamente la posici\u00f3n del cuero cabelludo.<\/li>\n\n\n\n<li><strong>M\u00e1s adecuado para:<\/strong> Individuos con una frente alta pero con una l\u00ednea de implantaci\u00f3n del cabello relativamente densa y estable.<\/li>\n\n\n\n<li><strong>Cantidad de reducci\u00f3n:<\/strong> Generalmente se logra una reducci\u00f3n significativa en la altura de la frente (1 a 3 cm o m\u00e1s) en un solo procedimiento, limitada por la laxitud del cuero cabelludo.<\/li>\n\n\n\n<li><strong>Cicatriz:<\/strong> Produce una cicatriz lineal a lo largo de la nueva l\u00ednea capilar. La incisi\u00f3n tricof\u00edtica busca minimizar la visibilidad de la cicatriz.<\/li>\n\n\n\n<li><strong>Recuperaci\u00f3n:<\/strong> Implica recuperaci\u00f3n quir\u00fargica con hinchaz\u00f3n, hematomas y una l\u00ednea de incisi\u00f3n para cicatrizar.<\/li>\n<\/ul>\n\n\n\n<p><strong>Trasplante capilar:<\/strong><\/p>\n\n\n\n<ul class=\"wp-block-list\">\n<li><strong>Objetivo principal:<\/strong> Para aumentar la densidad del cabello o recrear una l\u00ednea capilar trasplantando fol\u00edculos pilosos de un \u00e1rea donante (normalmente la parte posterior del cuero cabelludo) al \u00e1rea receptora.<\/li>\n\n\n\n<li><strong>Mecanismo:<\/strong> Implica la reubicaci\u00f3n de fol\u00edculos pilosos individuales.<\/li>\n\n\n\n<li><strong>M\u00e1s adecuado para:<\/strong> Personas que experimentan p\u00e9rdida o adelgazamiento del cabello, o aquellas que desean crear o refinar una l\u00ednea de cabello donde actualmente no hay cabello o el crecimiento es escaso.<\/li>\n\n\n\n<li><strong>Cantidad de cobertura\/reducci\u00f3n:<\/strong> Se puede crear o reducir gradualmente la l\u00ednea del cabello rellenando \u00e1reas espec\u00edficas. El grado de reducci\u00f3n obtenido depende del n\u00famero de injertos trasplantados y de la densidad deseada. Para lograr una densidad o reducci\u00f3n significativa, pueden ser necesarias varias sesiones.<\/li>\n\n\n\n<li><strong>Cicatriz:<\/strong> El resultado son peque\u00f1as cicatrices puntuales (FUE, Extracci\u00f3n de Unidades Foliculares) o una cicatriz lineal en la zona donante (FUT, Trasplante de Unidades Foliculares). La zona receptora suele presentar inicialmente peque\u00f1as costras, que cicatrizan sin dejar cicatrices visibles.<\/li>\n\n\n\n<li><strong>Recuperaci\u00f3n:<\/strong> Generalmente es menos invasiva que la cirug\u00eda de reducci\u00f3n de la l\u00ednea capilar, con una recuperaci\u00f3n inicial m\u00e1s r\u00e1pida, aunque puede presentarse inflamaci\u00f3n. El crecimiento completo del cabello a partir de los fol\u00edculos trasplantados tarda varios meses.<\/li>\n<\/ul>\n\n\n\n<p><strong>Enfoque combinado:<\/strong><\/p>\n\n\n\n<p>En algunos casos, un enfoque combinado puede ser el m\u00e1s eficaz. Por ejemplo, una persona con frente alta y cabello fino a lo largo de la l\u00ednea de implantaci\u00f3n capilar podr\u00eda someterse a una reducci\u00f3n de la l\u00ednea de implantaci\u00f3n capilar para lograr la reducci\u00f3n estructural deseada en la altura de la frente, seguida de un trasplante capilar a lo largo de la nueva l\u00ednea de implantaci\u00f3n capilar para aumentar la densidad y disimular a\u00fan m\u00e1s la cicatriz. Este enfoque se adapta a las necesidades y objetivos espec\u00edficos de cada persona.<\/p>\n\n\n\n<p>Elegir entre la reducci\u00f3n de la l\u00ednea de implantaci\u00f3n capilar y el trasplante capilar, o considerar un enfoque combinado, requiere una consulta exhaustiva con un cirujano con experiencia en ambos procedimientos. El cirujano evaluar\u00e1 la l\u00ednea de implantaci\u00f3n capilar, el cuero cabelludo, la densidad capilar y los objetivos generales del paciente para recomendar el plan de tratamiento m\u00e1s adecuado.<\/p>\n\n\n\n<h2 class=\"wp-block-heading\"><span class=\"ez-toc-section\" id=\"Considering_Antalya_for_Hairline_Lowering_Surgery\"><\/span>Considerando Antalya para la cirug\u00eda de reducci\u00f3n de la l\u00ednea del cabello<span class=\"ez-toc-section-end\"><\/span><\/h2>\n\n\n\n<p>Antalya, una vibrante ciudad costera de Turqu\u00eda, se ha convertido en un importante destino para el turismo m\u00e9dico, que incluye procedimientos de cirug\u00eda est\u00e9tica como la reducci\u00f3n de la l\u00ednea del cabello. Varios factores contribuyen a su popularidad:<\/p>\n\n\n\n<ul class=\"wp-block-list\">\n<li><strong>Instalaciones m\u00e9dicas de calidad:<\/strong> Antalya cuenta con modernos hospitales y cl\u00ednicas privadas equipadas con tecnolog\u00eda avanzada y que cumplen con los est\u00e1ndares internacionales de atenci\u00f3n. Muchas cl\u00ednicas est\u00e1n acreditadas por organizaciones internacionales, lo que demuestra su compromiso con la calidad y la seguridad del paciente.<\/li>\n\n\n\n<li><strong>Cirujanos experimentados:<\/strong> Turqu\u00eda, en general, goza de una s\u00f3lida reputaci\u00f3n en cirug\u00eda est\u00e9tica, y Antalya atrae a numerosos cirujanos pl\u00e1sticos y especialistas en restauraci\u00f3n capilar altamente cualificados y con experiencia. Es fundamental investigar las credenciales del cirujano, su experiencia espec\u00edfica en reducci\u00f3n de la l\u00ednea capilar y ver sus resultados antes y despu\u00e9s. Si bien los dermat\u00f3logos son valiosos para la salud del cuero cabelludo antes y despu\u00e9s de la operaci\u00f3n, el procedimiento quir\u00fargico en s\u00ed lo realizan principalmente cirujanos pl\u00e1sticos o maxilofaciales con experiencia en est\u00e9tica facial y cirug\u00eda del cuero cabelludo.<\/li>\n\n\n\n<li><strong>Rentabilidad:<\/strong> En comparaci\u00f3n con muchos pa\u00edses de Europa Occidental y Norteam\u00e9rica, el costo de la cirug\u00eda est\u00e9tica en Turqu\u00eda, incluida la reducci\u00f3n de la l\u00ednea del cabello, puede ser significativamente menor. Esto la convierte en una opci\u00f3n atractiva para quienes buscan atenci\u00f3n de alta calidad a un precio m\u00e1s asequible. Sin embargo, es importante garantizar que el ahorro no se reduzca a la calidad ni a la seguridad.<\/li>\n\n\n\n<li><strong>Atractivo tur\u00edstico:<\/strong> Antalya es un popular destino tur\u00edstico con hermosas playas, sitios hist\u00f3ricos y un clima agradable. Esto permite a los pacientes combinar su viaje m\u00e9dico con un relajante per\u00edodo de recuperaci\u00f3n en un lugar ideal.<\/li>\n\n\n\n<li><strong>Accesibilidad:<\/strong> Antalya tiene un aeropuerto internacional con buenas conexiones a muchas ciudades del mundo, lo que hace que viajar sea relativamente c\u00f3modo.<\/li>\n<\/ul>\n\n\n\n<p><strong>Factores a considerar al elegir una cl\u00ednica\/cirujano en Antalya:<\/strong><\/p>\n\n\n\n<p>Si est\u00e1 considerando <strong>Reducci\u00f3n de la l\u00ednea del cabello en Antalya<\/strong>La investigaci\u00f3n diligente es esencial:<\/p>\n\n\n\n<ul class=\"wp-block-list\">\n<li><strong>Cualificaciones y experiencia del cirujano:<\/strong> Verifique la certificaci\u00f3n, la capacitaci\u00f3n y la experiencia espec\u00edfica del cirujano en procedimientos de reducci\u00f3n de la l\u00ednea capilar. Pregunte cu\u00e1ntos de estos procedimientos ha realizado.<\/li>\n\n\n\n<li><strong>Acreditaci\u00f3n y est\u00e1ndares de la cl\u00ednica:<\/strong> Verifique si la cl\u00ednica est\u00e1 acreditada por organismos nacionales o internacionales. Eval\u00fae la limpieza y modernidad de las instalaciones.<\/li>\n\n\n\n<li><strong>Rese\u00f1as y testimonios de pacientes:<\/strong> Busque rese\u00f1as y testimonios de pacientes que se hayan sometido a una reducci\u00f3n de la l\u00ednea capilar con el cirujano o la cl\u00ednica. Tenga cuidado con las rese\u00f1as demasiado positivas o negativas y busque comentarios consistentes.<\/li>\n\n\n\n<li><strong>Fotos del antes y el despu\u00e9s:<\/strong> Revise una cartera completa de fotograf\u00edas de antes y despu\u00e9s del cirujano espec\u00edficamente para la reducci\u00f3n de la l\u00ednea del cabello para evaluar sus resultados est\u00e9ticos y los resultados de las cicatrices.<\/li>\n\n\n\n<li><strong>Comunicaci\u00f3n:<\/strong> Aseg\u00farese de que haya una comunicaci\u00f3n clara y abierta con el personal de la cl\u00ednica y el cirujano, especialmente en lo que respecta a las instrucciones preoperatorias, el procedimiento en s\u00ed y los cuidados postoperatorios. Si existe una barrera ling\u00fc\u00edstica, aseg\u00farese de que los servicios de interpretaci\u00f3n est\u00e9n disponibles y sean confiables.<\/li>\n\n\n\n<li><strong>Inclusiones del paquete:<\/strong> Entienda qu\u00e9 incluye el precio cotizado (honorarios de cirug\u00eda, anestesia, hospitalizaci\u00f3n, medicamentos, citas de seguimiento). \u00bfEst\u00e1n incluidos los vuelos y el alojamiento o debe gestionarlos por separado?<\/li>\n\n\n\n<li><strong>Cuidados posteriores y seguimiento:<\/strong> Confirme los detalles de los cuidados postoperatorios y las citas de seguimiento, tanto mientras est\u00e9 en Antalya como a su regreso a casa.<\/li>\n<\/ul>\n\n\n\n<p>Viajar al extranjero para una cirug\u00eda requiere una planificaci\u00f3n y una reflexi\u00f3n cuidadosas. Es importante tener en cuenta el tiempo necesario para la consulta, la cirug\u00eda en s\u00ed y el per\u00edodo de recuperaci\u00f3n inicial antes de regresar a casa. Aseg\u00farese de tener un plan claro para el seguimiento postoperatorio con su cirujano en Antalya y considere informar a su m\u00e9dico de cabecera local sobre la cirug\u00eda a su regreso.<\/p>\n\n\n\n<h2 class=\"wp-block-heading\"><span class=\"ez-toc-section\" id=\"Expected_Results_and_Managing_Expectations\"><\/span>Resultados esperados y gesti\u00f3n de expectativas<span class=\"ez-toc-section-end\"><\/span><\/h2>\n\n\n\n<p>El objetivo de la cirug\u00eda de reducci\u00f3n de la l\u00ednea capilar es lograr una apariencia facial m\u00e1s equilibrada y armoniosa mediante la reducci\u00f3n de la altura vertical de la frente. Las expectativas realistas son fundamentales para la satisfacci\u00f3n del paciente.<\/p>\n\n\n\n<ul class=\"wp-block-list\">\n<li><strong>Cantidad de reducci\u00f3n:<\/strong> El grado de reducci\u00f3n que se puede lograr est\u00e1 limitado principalmente por la laxitud del cuero cabelludo, pero suele oscilar entre 1 y 3 cm o m\u00e1s en casos seleccionados. Es importante hablar con el cirujano sobre el grado de reducci\u00f3n realista posible para su anatom\u00eda espec\u00edfica durante la consulta.<\/li>\n\n\n\n<li><strong>Apariencia de la cicatriz:<\/strong> Si bien la incisi\u00f3n tricof\u00edtica est\u00e1 dise\u00f1ada para camuflar la cicatriz, se observar\u00e1 una cicatriz lineal a lo largo de la nueva l\u00ednea capilar. La apariencia de la cicatriz evolucionar\u00e1 con el tiempo, haci\u00e9ndose menos visible a medida que madura y crece el cabello. La cicatrizaci\u00f3n var\u00eda seg\u00fan la persona, y algunas cicatrices pueden ser m\u00e1s visibles que otras.<\/li>\n\n\n\n<li><strong>Forma de la l\u00ednea del cabello:<\/strong> El cirujano trabajar\u00e1 para crear una forma de l\u00ednea del cabello de aspecto natural que complemente sus rasgos faciales.<\/li>\n\n\n\n<li><strong>Equilibrio facial:<\/strong> El resultado principal es una mejora en la proporci\u00f3n y el equilibrio facial, con una frente que parece menos dominante.<\/li>\n\n\n\n<li><strong>Permanencia:<\/strong> Los resultados de la reducci\u00f3n de la l\u00ednea capilar generalmente se consideran permanentes, ya que el cuero cabelludo se avanza quir\u00fargicamente a una nueva posici\u00f3n. Sin embargo, el proceso natural de envejecimiento y la posible p\u00e9rdida de cabello en el futuro (si no se tratan) podr\u00edan afectar la apariencia general de la l\u00ednea capilar con el tiempo.<\/li>\n<\/ul>\n\n\n\n<p>Es importante recordar que los resultados finales de la cirug\u00eda no ser\u00e1n completamente visibles de inmediato. La hinchaz\u00f3n y los hematomas disminuir\u00e1n en varias semanas, y la cicatriz tardar\u00e1 varios meses en madurar. El crecimiento del cabello a trav\u00e9s de una incisi\u00f3n tricof\u00edtica tambi\u00e9n es un proceso gradual. La paciencia es clave durante el per\u00edodo de recuperaci\u00f3n.<\/p>\n\n\n\n<p>Las fotos de antes y despu\u00e9s son una herramienta valiosa para gestionar las expectativas. Ofrecen una representaci\u00f3n visual de lo que se puede lograr de forma realista y demuestran el sentido est\u00e9tico y la habilidad quir\u00fargica del cirujano.<\/p>\n\n\n\n<h2 class=\"wp-block-heading\"><span class=\"ez-toc-section\" id=\"Long-Term_Care_and_Follow-up\"><\/span>Atenci\u00f3n a largo plazo y seguimiento<span class=\"ez-toc-section-end\"><\/span><\/h2>\n\n\n\n<p>Los cuidados postoperatorios se extienden m\u00e1s all\u00e1 del per\u00edodo de recuperaci\u00f3n inicial. El seguimiento a largo plazo con el cirujano es importante para supervisar la cicatrizaci\u00f3n, evaluar la maduraci\u00f3n de la cicatriz y abordar cualquier posible problema a largo plazo.<\/p>\n\n\n\n<ul class=\"wp-block-list\">\n<li><strong>Gesti\u00f3n de cicatrices:<\/strong> El cirujano puede recomendar t\u00e9cnicas de tratamiento continuo de cicatrices, como masajes, productos de silicona o cremas t\u00f3picas, para optimizar su apariencia. Proteger la cicatriz de la exposici\u00f3n solar tambi\u00e9n es crucial, ya que la radiaci\u00f3n UV puede pigmentarla y hacerla m\u00e1s visible.<\/li>\n\n\n\n<li><strong>Monitoreo de complicaciones:<\/strong> Si bien la mayor\u00eda de las complicaciones ocurren en el postoperatorio temprano, es posible que se presenten complicaciones tard\u00edas, aunque poco frecuentes. Cualquier s\u00edntoma nuevo o persistente debe informarse al cirujano.<\/li>\n\n\n\n<li><strong>C\u00f3mo abordar la futura p\u00e9rdida de cabello:<\/strong> Si existe riesgo de calvicie de patr\u00f3n en el futuro, es recomendable consultar con un dermat\u00f3logo o un especialista en restauraci\u00f3n capilar para mantener la densidad capilar a lo largo de la nueva l\u00ednea capilar. Esto podr\u00eda implicar tratamientos m\u00e9dicos (como minoxidil o finasterida) o, potencialmente, un trasplante capilar.<\/li>\n\n\n\n<li><strong>Chequeos de rutina:<\/strong> Los controles regulares con su cirujano le permitir\u00e1n monitorear los resultados a largo plazo y abordar cualquier pregunta o inquietud que pueda tener.<\/li>\n<\/ul>\n\n\n\n<p>Mantener la salud general del cuero cabelludo tambi\u00e9n es importante a largo plazo. Un dermat\u00f3logo puede brindar orientaci\u00f3n sobre el cuidado capilar adecuado y tratar cualquier afecci\u00f3n del cuero cabelludo que pueda surgir.<\/p>\n\n\n\n<h2 class=\"wp-block-heading\"><span class=\"ez-toc-section\" id=\"Conclusion\"><\/span>Conclusi\u00f3n<span class=\"ez-toc-section-end\"><\/span><\/h2>\n\n\n\n<p><strong>Reducci\u00f3n de la l\u00ednea del cabello en Antalya<\/strong> Ofrece una soluci\u00f3n viable para quienes buscan reducir la altura vertical de la frente y lograr una est\u00e9tica facial m\u00e1s equilibrada. El procedimiento, conocido como avance quir\u00fargico de la l\u00ednea capilar, consiste en mover quir\u00fargicamente el cuero cabelludo hacia adelante tras retirar una franja de piel de la frente. Aunque lo realizan principalmente cirujanos pl\u00e1sticos o maxilofaciales, los dermat\u00f3logos participan en la evaluaci\u00f3n preoperatoria del cuero cabelludo y, potencialmente, en el manejo de las cicatrices postoperatorias.<\/p>\n\n\n\n<p>Comprender la anatom\u00eda, la t\u00e9cnica quir\u00fargica, los posibles riesgos y complicaciones, y el proceso de recuperaci\u00f3n esperado es fundamental para cualquier persona que est\u00e9 considerando este procedimiento. La idoneidad del procedimiento se determina por factores como la laxitud del cuero cabelludo, la altura de la frente y el estado general de salud. Una consulta exhaustiva con un cirujano experimentado es el paso m\u00e1s importante para analizar los objetivos individuales, evaluar la idoneidad y desarrollar un plan de tratamiento personalizado.<\/p>\n\n\n\n<p>Antalya ofrece una opci\u00f3n atractiva para el turismo m\u00e9dico, ya que ofrece acceso a instalaciones m\u00e9dicas de calidad y cirujanos experimentados a un costo potencialmente menor, adem\u00e1s de la oportunidad de recuperarse en un ambiente agradable. Sin embargo, es fundamental investigar a fondo la cualificaci\u00f3n del cirujano y los est\u00e1ndares de la cl\u00ednica.<\/p>\n\n\n\n<p>Si bien una cicatriz visible es un resultado inherente, el uso de t\u00e9cnicas como la incisi\u00f3n tricof\u00edtica busca minimizar su visibilidad con el tiempo. Tener expectativas realistas sobre la profundidad de la cicatrizaci\u00f3n, la apariencia de la cicatriz y el tiempo de recuperaci\u00f3n es crucial para la satisfacci\u00f3n del paciente. El seguimiento a largo plazo y el cuidado adecuado de la cicatriz contribuyen al mejor resultado posible.<\/p>\n\n\n\n<p>Para quienes sufren de una frente prominente, la reducci\u00f3n de la l\u00ednea del cabello puede ser un procedimiento transformador que mejora la armon\u00eda facial, aumenta la confianza y ofrece mayor libertad para elegir el peinado. Sin embargo, es un procedimiento quir\u00fargico con posibles riesgos, y la decisi\u00f3n de someterse a una cirug\u00eda debe tomarse tras una cuidadosa reflexi\u00f3n y una consulta exhaustiva con un profesional m\u00e9dico cualificado.<\/p>\n\n\n\n<p>Descubra la experiencia de la Dra. Ebru Okyay, su m\u00e9dico de confianza.&nbsp;<a href=\"https:\/\/drebruokyay.com\/es\/sobre-nosotros\/\" target=\"_blank\" rel=\"noreferrer noopener\">dermat\u00f3logo<\/a>&nbsp;en&nbsp;<a href=\"https:\/\/antalya.goturkiye.com\/homepage\" target=\"_blank\" rel=\"noreferrer noopener nofollow\">Antalya<\/a>Ya sea que est\u00e9 buscando abordar problemas m\u00e9dicos de la piel o mejorar su belleza natural con tratamientos cosm\u00e9ticos, el Dr. Okyay est\u00e1 aqu\u00ed para ayudarlo. Con atenci\u00f3n personalizada y t\u00e9cnicas avanzadas, lograr sus objetivos para la piel nunca ha sido tan f\u00e1cil.<\/p>","protected":false},"excerpt":{"rendered":"<p>Una estructura facial equilibrada y armoniosa suele considerarse un aspecto clave del atractivo est\u00e9tico. Un factor importante que contribuye a este equilibrio es la posici\u00f3n y la forma de la l\u00ednea del cabello. Una l\u00ednea del cabello alta o en retroceso puede crear la apariencia de una frente grande, que algunas personas consideran desproporcionada o envejecida. Si bien los tratamientos para la ca\u00edda del cabello y el trasplante capilar abordan problemas de densidad y recesi\u00f3n causados por afecciones como la alopecia androgen\u00e9tica (calvicie de patr\u00f3n masculino o femenino), la reducci\u00f3n quir\u00fargica de la l\u00ednea del cabello, tambi\u00e9n conocida como reducci\u00f3n de la frente o avance quir\u00fargico de la l\u00ednea del cabello, es un procedimiento dise\u00f1ado espec\u00edficamente para desplazar f\u00edsicamente el cuero cabelludo hacia adelante, disminuyendo as\u00ed la altura vertical de la frente. Considerar la reducci\u00f3n de la l\u00ednea del cabello en Antalya se ha convertido en una opci\u00f3n cada vez m\u00e1s popular para quienes buscan esta mejora est\u00e9tica, ya que combina el acceso a profesionales m\u00e9dicos experimentados con el atractivo de un vibrante destino internacional. Desde una perspectiva m\u00e9dica, comprender la anatom\u00eda de la frente y el cuero cabelludo es fundamental antes de considerar cualquier procedimiento. La frente es la zona delimitada superiormente por la l\u00ednea del cabello, inferiormente por las cejas y lateralmente por las crestas temporales. Su altura es un factor determinante del equilibrio facial general. El cuero cabelludo en s\u00ed es una estructura compleja que comprende varias capas: la piel, el tejido subcut\u00e1neo, la galea aponeur\u00f3tica, una capa de tejido areolar laxo y, finalmente, el periostio que cubre el cr\u00e1neo. La elasticidad del cuero cabelludo es un factor cr\u00edtico para determinar la cantidad potencial de avance de la l\u00ednea del cabello que se puede lograr mediante la reducci\u00f3n quir\u00fargica. Un cuero cabelludo con buena laxitud se puede estirar m\u00e1s f\u00e1cilmente para cubrir el \u00e1rea de piel de la frente eliminada. Comprensi\u00f3n de la anatom\u00eda y la est\u00e9tica de la frente La dimensi\u00f3n vertical de la frente generalmente se mide desde la glabela (el \u00e1rea lisa entre las cejas) hasta la l\u00ednea central del cabello. Si bien no existe una \u00fanica altura &quot;ideal&quot; de la frente, a menudo se cita una medida promedio de entre 5 y 7 cent\u00edmetros. Las desviaciones de esto, en particular las alturas que exceden este rango, pueden percibirse como una frente alta. Una l\u00ednea de cabello alta puede ser cong\u00e9nita (presente desde el nacimiento) o adquirida, a menudo debido a factores como la edad, ciertos peinados que causan alopecia por tracci\u00f3n, cirug\u00edas previas o simplemente la gen\u00e9tica individual. Puede contribuir a una sensaci\u00f3n de desproporci\u00f3n, haciendo que el rostro parezca m\u00e1s largo o que el tercio superior domine la estructura general. El objetivo de la cirug\u00eda de reducci\u00f3n de la l\u00ednea capilar no es simplemente adelantar el cabello, sino crear una proporci\u00f3n facial m\u00e1s est\u00e9tica y equilibrada. Esto implica una planificaci\u00f3n cuidadosa para garantizar que la nueva posici\u00f3n de la l\u00ednea capilar sea natural, complemente los rasgos faciales y mantenga la armon\u00eda con las cejas y otros elementos faciales. Desde la perspectiva de un dermat\u00f3logo, si bien el procedimiento quir\u00fargico en s\u00ed es competencia de los cirujanos pl\u00e1sticos o maxilofaciales, la salud del cuero cabelludo y los fol\u00edculos pilosos es primordial tanto antes como despu\u00e9s del procedimiento. Un dermat\u00f3logo puede participar en la evaluaci\u00f3n del estado del cuero cabelludo, el diagn\u00f3stico de cualquier problema subyacente de p\u00e9rdida de cabello (que podr\u00eda influir en la idoneidad de la reducci\u00f3n de la l\u00ednea capilar frente al trasplante capilar o un enfoque combinado) y brindar asesoramiento sobre el manejo de las cicatrices y la salud del cuero cabelludo despu\u00e9s de la operaci\u00f3n. Afecciones como la dermatitis seborreica, la psoriasis del cuero cabelludo o la p\u00e9rdida de cabello activa deben abordarse y controlarse antes de considerar la cirug\u00eda para asegurar una cicatrizaci\u00f3n \u00f3ptima y el crecimiento del cabello a lo largo de la nueva l\u00ednea capilar. Razones para la reducci\u00f3n de la l\u00ednea capilar: Las personas buscan la reducci\u00f3n de la l\u00ednea capilar por diversas razones, principalmente para mejorar la est\u00e9tica facial y abordar el impacto psicol\u00f3gico de una frente alta. Es fundamental diferenciar las motivaciones para la reducci\u00f3n de la l\u00ednea capilar de quienes buscan tratamientos para la ca\u00edda del cabello. La reducci\u00f3n de la l\u00ednea capilar aborda la posici\u00f3n de una l\u00ednea capilar existente y sana, mientras que el trasplante capilar aborda la densidad o presencia de cabello en las zonas afectadas por la ca\u00edda. Si bien algunas personas pueden beneficiarse de un enfoque combinado si presentan una l\u00ednea capilar alta y zonas de adelgazamiento, el objetivo principal de la reducci\u00f3n de la l\u00ednea capilar es la reducci\u00f3n estructural de la frente. Avance quir\u00fargico de la l\u00ednea capilar: Explicaci\u00f3n del procedimiento. El avance quir\u00fargico de la l\u00ednea capilar es la t\u00e9cnica m\u00e1s com\u00fan para la reducci\u00f3n de la l\u00ednea capilar. Este procedimiento implica la extirpaci\u00f3n quir\u00fargica de una tira de piel de la frente y el avance del cuero cabelludo hacia adelante para coincidir con el nuevo l\u00edmite inferior de la frente. El grado de avance posible depende directamente de la elasticidad del cuero cabelludo del paciente. Fase preoperatoria: Antes de la cirug\u00eda, es esencial una consulta exhaustiva. Esto implica: El procedimiento quir\u00fargico La cirug\u00eda generalmente se realiza bajo anestesia general, aunque la anestesia local con sedaci\u00f3n puede ser una opci\u00f3n en algunos casos. El procedimiento1 implica varios pasos clave: La duraci\u00f3n de la cirug\u00eda generalmente var\u00eda de 1.5 a 3 horas, dependiendo de la complejidad y la cantidad de reducci\u00f3n realizada. Consideraciones t\u00e9cnicas y estructuras anat\u00f3micas Durante el procedimiento, los cirujanos deben navegar y proteger varias estructuras anat\u00f3micas vitales: La incisi\u00f3n tricof\u00edtica es una t\u00e9cnica sofisticada que distingue la reducci\u00f3n de la l\u00ednea del cabello de una simple escisi\u00f3n y cierre de la piel. Al angular la incisi\u00f3n, el cirujano preserva los fol\u00edculos pilosos en el borde del colgajo del cuero cabelludo. Cuando el cuero cabelludo avanza y se sutura a la piel de la frente, estos fol\u00edculos preservados se posicionan para crecer a trav\u00e9s de la l\u00ednea de la cicatriz. Esto ayuda a crear una transici\u00f3n de aspecto natural y reduce significativamente la visibilidad de la cicatriz en comparaci\u00f3n con una incisi\u00f3n perpendicular est\u00e1ndar donde el crecimiento del cabello se interrumpe en el borde de la cicatriz. Idoneidad y selecci\u00f3n de candidatos para la reducci\u00f3n de la l\u00ednea del cabello No todos son candidatos adecuados para la reducci\u00f3n quir\u00fargica de la l\u00ednea del cabello. Una evaluaci\u00f3n exhaustiva por parte de un cirujano experimentado es crucial para determinar si el procedimiento es apropiado y para manejar las expectativas. Los factores clave que se consideran incluyen: Las personas con p\u00e9rdida de cabello difusa significativa, poca laxitud del cuero cabelludo o antecedentes de cicatrices queloides (cicatrices gruesas y elevadas) pueden no ser candidatos adecuados para la reducci\u00f3n quir\u00fargica de la l\u00ednea del cabello. Opciones alternativas, como m\u00faltiples sesiones de trasplante capilar, podr\u00edan ser m\u00e1s apropiadas en estos casos. El proceso de consulta: un primer paso cr\u00edtico. La consulta inicial es la base de un procedimiento exitoso de reducci\u00f3n de la l\u00ednea del cabello. Es una oportunidad para que el paciente conozca al cirujano, discuta sus inquietudes y objetivos, y para que el cirujano eval\u00fae la idoneidad del paciente y desarrolle un plan quir\u00fargico personalizado. Durante la consulta, el cirujano: Se recomienda que los pacientes vengan preparados con una lista de preguntas. Algunas preguntas importantes para hacer<\/p>","protected":false},"author":1,"featured_media":2115,"comment_status":"open","ping_status":"open","sticky":false,"template":"","format":"standard","meta":{"_daextam_enable_autolinks":"1","site-sidebar-layout":"default","site-content-layout":"","ast-site-content-layout":"","site-content-style":"default","site-sidebar-style":"default","ast-global-header-display":"","ast-banner-title-visibility":"","ast-main-header-display":"","ast-hfb-above-header-display":"","ast-hfb-below-header-display":"","ast-hfb-mobile-header-display":"","site-post-title":"","ast-breadcrumbs-content":"","ast-featured-img":"","footer-sml-layout":"","ast-disable-related-posts":"","theme-transparent-header-meta":"","adv-header-id-meta":"","stick-header-meta":"","header-above-stick-meta":"","header-main-stick-meta":"","header-below-stick-meta":"","astra-migrate-meta-layouts":"default","ast-page-background-enabled":"default","ast-page-background-meta":{"desktop":{"background-color":"var(--ast-global-color-4)","background-image":"","background-repeat":"repeat","background-position":"center center","background-size":"auto","background-attachment":"scroll","background-type":"","background-media":"","overlay-type":"","overlay-color":"","overlay-opacity":"","overlay-gradient":""},"tablet":{"background-color":"","background-image":"","background-repeat":"repeat","background-position":"center center","background-size":"auto","background-attachment":"scroll","background-type":"","background-media":"","overlay-type":"","overlay-color":"","overlay-opacity":"","overlay-gradient":""},"mobile":{"background-color":"","background-image":"","background-repeat":"repeat","background-position":"center center","background-size":"auto","background-attachment":"scroll","background-type":"","background-media":"","overlay-type":"","overlay-color":"","overlay-opacity":"","overlay-gradient":""}},"ast-content-background-meta":{"desktop":{"background-color":"var(--ast-global-color-5)","background-image":"","background-repeat":"repeat","background-position":"center center","background-size":"auto","background-attachment":"scroll","background-type":"","background-media":"","overlay-type":"","overlay-color":"","overlay-opacity":"","overlay-gradient":""},"tablet":{"background-color":"var(--ast-global-color-5)","background-image":"","background-repeat":"repeat","background-position":"center center","background-size":"auto","background-attachment":"scroll","background-type":"","background-media":"","overlay-type":"","overlay-color":"","overlay-opacity":"","overlay-gradient":""},"mobile":{"background-color":"var(--ast-global-color-5)","background-image":"","background-repeat":"repeat","background-position":"center center","background-size":"auto","background-attachment":"scroll","background-type":"","background-media":"","overlay-type":"","overlay-color":"","overlay-opacity":"","overlay-gradient":""}},"footnotes":""},"categories":[22],"tags":[],"class_list":["post-2114","post","type-post","status-publish","format-standard","has-post-thumbnail","hentry","category-hair-and-hair-transplantation"],"_links":{"self":[{"href":"https:\/\/drebruokyay.com\/es\/wp-json\/wp\/v2\/posts\/2114","targetHints":{"allow":["GET"]}}],"collection":[{"href":"https:\/\/drebruokyay.com\/es\/wp-json\/wp\/v2\/posts"}],"about":[{"href":"https:\/\/drebruokyay.com\/es\/wp-json\/wp\/v2\/types\/post"}],"author":[{"embeddable":true,"href":"https:\/\/drebruokyay.com\/es\/wp-json\/wp\/v2\/users\/1"}],"replies":[{"embeddable":true,"href":"https:\/\/drebruokyay.com\/es\/wp-json\/wp\/v2\/comments?post=2114"}],"version-history":[{"count":2,"href":"https:\/\/drebruokyay.com\/es\/wp-json\/wp\/v2\/posts\/2114\/revisions"}],"predecessor-version":[{"id":2119,"href":"https:\/\/drebruokyay.com\/es\/wp-json\/wp\/v2\/posts\/2114\/revisions\/2119"}],"wp:featuredmedia":[{"embeddable":true,"href":"https:\/\/drebruokyay.com\/es\/wp-json\/wp\/v2\/media\/2115"}],"wp:attachment":[{"href":"https:\/\/drebruokyay.com\/es\/wp-json\/wp\/v2\/media?parent=2114"}],"wp:term":[{"taxonomy":"category","embeddable":true,"href":"https:\/\/drebruokyay.com\/es\/wp-json\/wp\/v2\/categories?post=2114"},{"taxonomy":"post_tag","embeddable":true,"href":"https:\/\/drebruokyay.com\/es\/wp-json\/wp\/v2\/tags?post=2114"}],"curies":[{"name":"gracias","href":"https:\/\/api.w.org\/{rel}","templated":true}]}}