{"id":1034,"date":"2024-11-21T10:02:07","date_gmt":"2024-11-21T10:02:07","guid":{"rendered":"https:\/\/drebruokyay.com\/?p=1034"},"modified":"2024-11-24T15:46:20","modified_gmt":"2024-11-24T15:46:20","slug":"que-vitamina-es-mejor-para-el-melasma","status":"publish","type":"post","link":"https:\/\/drebruokyay.com\/es\/which-vitamin-is-best-for-melasma\/","title":{"rendered":"\u00bfQu\u00e9 vitamina es mejor para el melasma?"},"content":{"rendered":"<p>\u00bfQu\u00e9 vitamina es mejor para el melasma? El melasma es una afecci\u00f3n cut\u00e1nea com\u00fan que se caracteriza por la aparici\u00f3n de manchas oscuras y descoloridas en el rostro, generalmente causadas por la exposici\u00f3n al sol, los cambios hormonales o ciertos medicamentos. Si bien no existe cura para el melasma, los tratamientos pueden ayudar a aclarar las manchas oscuras y evitar que empeoren. Entre las diversas opciones de tratamiento, las vitaminas desempe\u00f1an un papel fundamental en el manejo del melasma.<\/p>\n\n\n\n<div id=\"ez-toc-container\" class=\"ez-toc-v2_0_82_2 ez-toc-wrap-left counter-hierarchy ez-toc-counter ez-toc-transparent ez-toc-container-direction\">\n<div class=\"ez-toc-title-container\">\n<p class=\"ez-toc-title\" style=\"cursor:inherit\">Tabla de contenido<\/p>\n<span class=\"ez-toc-title-toggle\"><a href=\"#\" class=\"ez-toc-pull-right ez-toc-btn ez-toc-btn-xs ez-toc-btn-default ez-toc-toggle\" aria-label=\"Alternar tabla de contenidos\"><span class=\"ez-toc-js-icon-con\"><span class=\"\"><span class=\"eztoc-hide\" style=\"display:none;\">Palanca<\/span><span class=\"ez-toc-icon-toggle-span\"><svg style=\"fill: #999;color:#999\" xmlns=\"http:\/\/www.w3.org\/2000\/svg\" class=\"list-377408\" width=\"20px\" height=\"20px\" viewbox=\"0 0 24 24\" fill=\"none\"><path d=\"M6 6H4v2h2V6zm14 0H8v2h12V6zM4 11h2v2H4v-2zm16 0H8v2h12v-2zM4 16h2v2H4v-2zm16 0H8v2h12v-2z\" fill=\"currentColor\"><\/path><\/svg><svg style=\"fill: #999;color:#999\" class=\"arrow-unsorted-368013\" xmlns=\"http:\/\/www.w3.org\/2000\/svg\" width=\"10px\" height=\"10px\" viewbox=\"0 0 24 24\" version=\"1.2\" baseprofile=\"tiny\"><path d=\"M18.2 9.3l-6.2-6.3-6.2 6.3c-.2.2-.3.4-.3.7s.1.5.3.7c.2.2.4.3.7.3h11c.3 0 .5-.1.7-.3.2-.2.3-.5.3-.7s-.1-.5-.3-.7zM5.8 14.7l6.2 6.3 6.2-6.3c.2-.2.3-.5.3-.7s-.1-.5-.3-.7c-.2-.2-.4-.3-.7-.3h-11c-.3 0-.5.1-.7.3-.2.2-.3.5-.3.7s.1.5.3.7z\"\/><\/svg><\/span><\/span><\/span><\/a><\/span><\/div>\n<nav><ul class='ez-toc-list ez-toc-list-level-1' ><li class='ez-toc-page-1 ez-toc-heading-level-2'><a class=\"ez-toc-link ez-toc-heading-1\" href=\"https:\/\/drebruokyay.com\/es\/which-vitamin-is-best-for-melasma\/#Understanding_Melasma_A_Common_Skin_Condition\" >Entendiendo el melasma: una afecci\u00f3n cut\u00e1nea com\u00fan<\/a><\/li><li class='ez-toc-page-1 ez-toc-heading-level-2'><a class=\"ez-toc-link ez-toc-heading-2\" href=\"https:\/\/drebruokyay.com\/es\/which-vitamin-is-best-for-melasma\/#The_Role_of_Vitamins_in_Melasma_Treatment\" >El papel de las vitaminas en el tratamiento del melasma<\/a><\/li><li class='ez-toc-page-1 ez-toc-heading-level-2'><a class=\"ez-toc-link ez-toc-heading-3\" href=\"https:\/\/drebruokyay.com\/es\/which-vitamin-is-best-for-melasma\/#Identifying_the_Best_Vitamin_for_Your_Melasma\" >C\u00f3mo identificar la mejor vitamina para el melasma<\/a><\/li><li class='ez-toc-page-1 ez-toc-heading-level-2'><a class=\"ez-toc-link ez-toc-heading-4\" href=\"https:\/\/drebruokyay.com\/es\/which-vitamin-is-best-for-melasma\/#Personalized_Vitamin_Recommendations_for_Melasma\" >Recomendaciones de vitaminas personalizadas para el melasma<\/a><\/li><li class='ez-toc-page-1 ez-toc-heading-level-2'><a class=\"ez-toc-link ez-toc-heading-5\" href=\"https:\/\/drebruokyay.com\/es\/which-vitamin-is-best-for-melasma\/#Frequently_Asked_Questions\" >Preguntas frecuentes<\/a><ul class='ez-toc-list-level-3' ><li class='ez-toc-heading-level-3'><a class=\"ez-toc-link ez-toc-heading-6\" href=\"https:\/\/drebruokyay.com\/es\/which-vitamin-is-best-for-melasma\/#What_is_Melasma\" >\u00bfQu\u00e9 es el melasma?<\/a><\/li><li class='ez-toc-page-1 ez-toc-heading-level-3'><a class=\"ez-toc-link ez-toc-heading-7\" href=\"https:\/\/drebruokyay.com\/es\/which-vitamin-is-best-for-melasma\/#How_Do_Vitamins_Help_Treat_Melasma\" >\u00bfC\u00f3mo ayudan las vitaminas a tratar el melasma?<\/a><\/li><li class='ez-toc-page-1 ez-toc-heading-level-3'><a class=\"ez-toc-link ez-toc-heading-8\" href=\"https:\/\/drebruokyay.com\/es\/which-vitamin-is-best-for-melasma\/#Which_Vitamin_is_Best_for_My_Melasma\" >\u00bfQu\u00e9 vitamina es mejor para mi melasma?<\/a><\/li><li class='ez-toc-page-1 ez-toc-heading-level-3'><a class=\"ez-toc-link ez-toc-heading-9\" href=\"https:\/\/drebruokyay.com\/es\/which-vitamin-is-best-for-melasma\/#How_Can_I_Incorporate_Vitamins_into_My_Melasma_Treatment\" >\u00bfC\u00f3mo puedo incorporar vitaminas en mi tratamiento del melasma?<\/a><\/li><li class='ez-toc-page-1 ez-toc-heading-level-3'><a class=\"ez-toc-link ez-toc-heading-10\" href=\"https:\/\/drebruokyay.com\/es\/which-vitamin-is-best-for-melasma\/#Should_I_Consult_a_Dermatologist_for_Melasma_Treatment\" >\u00bfDebo consultar a un dermat\u00f3logo para el tratamiento del melasma?<\/a><\/li><\/ul><\/li><\/ul><\/nav><\/div>\n<h2 class=\"wp-block-heading\"><span class=\"ez-toc-section\" id=\"Understanding_Melasma_A_Common_Skin_Condition\"><\/span>Entendiendo el melasma: una afecci\u00f3n cut\u00e1nea com\u00fan<span class=\"ez-toc-section-end\"><\/span><\/h2>\n\n\n\n<p>El melasma afecta a millones de personas en todo el mundo, en particular a aquellas con tonos de piel m\u00e1s oscuros. Suele aparecer en el rostro, m\u00e1s com\u00fanmente en las mejillas, la frente y el labio superior. Las manchas oscuras son causadas por un aumento en la producci\u00f3n de melanina, el pigmento que le da color a la piel. El melasma se puede clasificar en tres tipos: epid\u00e9rmico, d\u00e9rmico y mixto, seg\u00fan la profundidad de la decoloraci\u00f3n en la piel.<\/p>\n\n\n\n<h2 class=\"wp-block-heading\"><span class=\"ez-toc-section\" id=\"The_Role_of_Vitamins_in_Melasma_Treatment\"><\/span>El papel de las vitaminas en el tratamiento del melasma<span class=\"ez-toc-section-end\"><\/span><\/h2>\n\n\n\n<p>Las vitaminas son nutrientes esenciales que desempe\u00f1an un papel fundamental en el mantenimiento de la salud de la piel y la prevenci\u00f3n de da\u00f1os en la misma. En el caso del melasma, se ha descubierto que ciertas vitaminas son especialmente beneficiosas para reducir la aparici\u00f3n de manchas oscuras. Estas vitaminas act\u00faan inhibiendo la producci\u00f3n de melanina, protegiendo la piel del da\u00f1o solar y promoviendo la renovaci\u00f3n celular de la piel.<\/p>\n\n\n\n<h2 class=\"wp-block-heading\"><span class=\"ez-toc-section\" id=\"Identifying_the_Best_Vitamin_for_Your_Melasma\"><\/span>C\u00f3mo identificar la mejor vitamina para el melasma<span class=\"ez-toc-section-end\"><\/span><\/h2>\n\n\n\n<p>La mejor vitamina para el melasma depende del tipo de piel de cada persona, la gravedad de la afecci\u00f3n y otros factores. Algunas de las vitaminas m\u00e1s recomendadas para el melasma son:<\/p>\n\n\n\n<ul class=\"wp-block-list\">\n<li>Vitamina C: Un poderoso antioxidante que inhibe la producci\u00f3n de melanina y protege la piel del da\u00f1o solar.<\/li>\n\n\n\n<li>Vitamina E: Otro antioxidante que ayuda a proteger la piel del da\u00f1o de los radicales libres y promueve la renovaci\u00f3n celular de la piel.<\/li>\n\n\n\n<li>Niacinamida (vitamina B3): una forma de vitamina B3 que ayuda a reducir la inflamaci\u00f3n y aclarar las manchas oscuras.<\/li>\n\n\n\n<li>\u00c1cido tranex\u00e1mico: Un amino\u00e1cido sint\u00e9tico que inhibe la producci\u00f3n de melanina y reduce la aparici\u00f3n de manchas oscuras.<\/li>\n<\/ul>\n\n\n\n<h2 class=\"wp-block-heading\"><span class=\"ez-toc-section\" id=\"Personalized_Vitamin_Recommendations_for_Melasma\"><\/span>Recomendaciones de vitaminas personalizadas para el melasma<span class=\"ez-toc-section-end\"><\/span><\/h2>\n\n\n\n<p>To determine the best vitamin for melasma, it is essential to consult a dermatologist or healthcare professional. They can assess your skin type, the severity of your melasma, and any underlying medical conditions to recommend the most appropriate vitamin or combination of vitamins. Personalized vitamin recommendations may include:<\/p>\n\n\n\n<ul class=\"wp-block-list\">\n<li>Aplicaci\u00f3n t\u00f3pica de sueros o cremas de vitamina C o niacinamida.<\/li>\n\n\n\n<li>Suplementos orales de vitamina E o \u00e1cido tranex\u00e1mico<\/li>\n\n\n\n<li>Una combinaci\u00f3n de tratamientos t\u00f3picos y orales.<\/li>\n<\/ul>\n\n\n\n<p>Las vitaminas desempe\u00f1an un papel importante en el tratamiento del melasma, ya que reducen la aparici\u00f3n de manchas oscuras y evitan que empeoren. Si se conocen las vitaminas espec\u00edficas que son beneficiosas para el melasma y se buscan recomendaciones personalizadas de un profesional de la salud, las personas pueden incorporar vitaminas de manera eficaz a su rutina de cuidado de la piel para mejorar la salud y el aspecto de la misma.<\/p>\n\n\n\n<h2 class=\"wp-block-heading\"><span class=\"ez-toc-section\" id=\"Frequently_Asked_Questions\"><\/span><strong>Preguntas frecuentes<\/strong><span class=\"ez-toc-section-end\"><\/span><\/h2>\n\n\n\n<h3 class=\"wp-block-heading\"><span class=\"ez-toc-section\" id=\"What_is_Melasma\"><\/span>\u00bfQu\u00e9 es el melasma?<span class=\"ez-toc-section-end\"><\/span><\/h3>\n\n\n\n<p>El melasma es una afecci\u00f3n cut\u00e1nea com\u00fan que se caracteriza por la aparici\u00f3n de manchas oscuras y descoloridas en el rostro. Estas manchas suelen aparecer por exposici\u00f3n al sol, cambios hormonales o determinados medicamentos. Si bien no existe una cura definitiva, existen diversos tratamientos que pueden ayudar a aclarar la decoloraci\u00f3n y evitar que empeore.<\/p>\n\n\n\n<h3 class=\"wp-block-heading\"><span class=\"ez-toc-section\" id=\"How_Do_Vitamins_Help_Treat_Melasma\"><\/span>\u00bfC\u00f3mo ayudan las vitaminas a tratar el melasma?<span class=\"ez-toc-section-end\"><\/span><\/h3>\n\n\n\n<p>Ciertas vitaminas desempe\u00f1an un papel fundamental en el tratamiento del melasma. Act\u00faan inhibiendo la producci\u00f3n de melanina, protegiendo la piel del da\u00f1o solar y promoviendo la renovaci\u00f3n celular de la piel. Vitaminas como la vitamina C, la vitamina E, la niacinamida y el \u00e1cido tranex\u00e1mico son especialmente beneficiosas para reducir la aparici\u00f3n de manchas oscuras.<\/p>\n\n\n\n<figure class=\"wp-block-image size-large\"><img fetchpriority=\"high\" decoding=\"async\" width=\"1024\" height=\"576\" src=\"https:\/\/drebruokyay.com\/wp-content\/uploads\/2024\/11\/image-44-1024x576.png\" alt=\"\" class=\"wp-image-1053\" srcset=\"https:\/\/drebruokyay.com\/wp-content\/uploads\/2024\/11\/image-44-1024x576.png 1024w, https:\/\/drebruokyay.com\/wp-content\/uploads\/2024\/11\/image-44-300x169.png 300w, https:\/\/drebruokyay.com\/wp-content\/uploads\/2024\/11\/image-44-768x432.png 768w, https:\/\/drebruokyay.com\/wp-content\/uploads\/2024\/11\/image-44-1536x864.png 1536w, https:\/\/drebruokyay.com\/wp-content\/uploads\/2024\/11\/image-44.png 1920w\" sizes=\"(max-width: 1024px) 100vw, 1024px\" \/><\/figure>\n\n\n\n<h3 class=\"wp-block-heading\"><span class=\"ez-toc-section\" id=\"Which_Vitamin_is_Best_for_My_Melasma\"><\/span>\u00bfQu\u00e9 vitamina es mejor para mi melasma?<span class=\"ez-toc-section-end\"><\/span><\/h3>\n\n\n\n<p>La mejor vitamina para el melasma depende de factores como el tipo de piel, la gravedad de la afecci\u00f3n y otros factores subyacentes. Un dermat\u00f3logo puede evaluar sus necesidades espec\u00edficas y recomendar la vitamina o combinaci\u00f3n de vitaminas m\u00e1s adecuada.<\/p>\n\n\n\n<figure class=\"wp-block-image size-large\"><img decoding=\"async\" width=\"1024\" height=\"445\" src=\"https:\/\/drebruokyay.com\/wp-content\/uploads\/2024\/11\/image-45-1024x445.png\" alt=\"\" class=\"wp-image-1054\" srcset=\"https:\/\/drebruokyay.com\/wp-content\/uploads\/2024\/11\/image-45-1024x445.png 1024w, https:\/\/drebruokyay.com\/wp-content\/uploads\/2024\/11\/image-45-300x130.png 300w, https:\/\/drebruokyay.com\/wp-content\/uploads\/2024\/11\/image-45-768x334.png 768w, https:\/\/drebruokyay.com\/wp-content\/uploads\/2024\/11\/image-45.png 1150w\" sizes=\"(max-width: 1024px) 100vw, 1024px\" \/><\/figure>\n\n\n\n<h3 class=\"wp-block-heading\"><span class=\"ez-toc-section\" id=\"How_Can_I_Incorporate_Vitamins_into_My_Melasma_Treatment\"><\/span>\u00bfC\u00f3mo puedo incorporar vitaminas en mi tratamiento del melasma?<span class=\"ez-toc-section-end\"><\/span><\/h3>\n\n\n\n<p>Las vitaminas se pueden incorporar a tu rutina de cuidado de la piel a trav\u00e9s de varios m\u00e9todos:<\/p>\n\n\n\n<ul class=\"wp-block-list\">\n<li><strong>Aplicaci\u00f3n t\u00f3pica:<\/strong> Los sueros y cremas que contienen vitamina C o niacinamida se pueden aplicar directamente en las zonas afectadas.<\/li>\n\n\n\n<li><strong>Suplementos orales:<\/strong> Los suplementos de vitamina E o \u00e1cido tranex\u00e1mico se pueden tomar por v\u00eda oral para proporcionar beneficios sist\u00e9micos.<\/li>\n<\/ul>\n\n\n\n<h3 class=\"wp-block-heading\"><span class=\"ez-toc-section\" id=\"Should_I_Consult_a_Dermatologist_for_Melasma_Treatment\"><\/span>\u00bfDebo consultar a un dermat\u00f3logo para el tratamiento del melasma?<span class=\"ez-toc-section-end\"><\/span><\/h3>\n\n\n\n<p>Es muy recomendable consultar a un dermat\u00f3logo para obtener un diagn\u00f3stico adecuado y un plan de tratamiento personalizado. \u00c9l podr\u00e1 evaluar el estado de tu piel, recomendarte las vitaminas adecuadas y guiarte durante el proceso de tratamiento.<\/p>\n\n\n\n<p>Descubra la experiencia de la Dra. Ebru Okyay, su m\u00e9dico de confianza.\u00a0<a href=\"https:\/\/drebruokyay.com\/es\/sobre-nosotros\/\" target=\"_blank\" rel=\"noreferrer noopener\">dermat\u00f3logo<\/a>\u00a0en\u00a0<a href=\"https:\/\/antalya.goturkiye.com\/homepage\" target=\"_blank\" rel=\"noreferrer noopener nofollow\">Antalya<\/a>Ya sea que est\u00e9 buscando abordar problemas m\u00e9dicos de la piel o mejorar su belleza natural con tratamientos cosm\u00e9ticos, el Dr. Okyay est\u00e1 aqu\u00ed para ayudarlo. Con atenci\u00f3n personalizada y t\u00e9cnicas avanzadas, lograr sus objetivos para la piel nunca ha sido tan f\u00e1cil.<\/p>","protected":false},"excerpt":{"rendered":"<p>El melasma, una afecci\u00f3n cut\u00e1nea com\u00fan, se debe a una sobreproducci\u00f3n de melanina. Vitaminas como la vitamina C y la niacinamida pueden ayudar a reducir la producci\u00f3n de melanina y a aclarar la apariencia del melasma. Descubre qu\u00e9 vitamina es la m\u00e1s eficaz para tus necesidades espec\u00edficas y c\u00f3mo incorporarla a tu rutina de cuidado facial.<\/p>","protected":false},"author":1,"featured_media":1052,"comment_status":"open","ping_status":"open","sticky":false,"template":"","format":"standard","meta":{"_daextam_enable_autolinks":"1","site-sidebar-layout":"default","site-content-layout":"","ast-site-content-layout":"","site-content-style":"default","site-sidebar-style":"default","ast-global-header-display":"","ast-banner-title-visibility":"","ast-main-header-display":"","ast-hfb-above-header-display":"","ast-hfb-below-header-display":"","ast-hfb-mobile-header-display":"","site-post-title":"","ast-breadcrumbs-content":"","ast-featured-img":"","footer-sml-layout":"","ast-disable-related-posts":"","theme-transparent-header-meta":"","adv-header-id-meta":"","stick-header-meta":"","header-above-stick-meta":"","header-main-stick-meta":"","header-below-stick-meta":"","astra-migrate-meta-layouts":"default","ast-page-background-enabled":"default","ast-page-background-meta":{"desktop":{"background-color":"var(--ast-global-color-4)","background-image":"","background-repeat":"repeat","background-position":"center center","background-size":"auto","background-attachment":"scroll","background-type":"","background-media":"","overlay-type":"","overlay-color":"","overlay-opacity":"","overlay-gradient":""},"tablet":{"background-color":"","background-image":"","background-repeat":"repeat","background-position":"center center","background-size":"auto","background-attachment":"scroll","background-type":"","background-media":"","overlay-type":"","overlay-color":"","overlay-opacity":"","overlay-gradient":""},"mobile":{"background-color":"","background-image":"","background-repeat":"repeat","background-position":"center center","background-size":"auto","background-attachment":"scroll","background-type":"","background-media":"","overlay-type":"","overlay-color":"","overlay-opacity":"","overlay-gradient":""}},"ast-content-background-meta":{"desktop":{"background-color":"var(--ast-global-color-5)","background-image":"","background-repeat":"repeat","background-position":"center center","background-size":"auto","background-attachment":"scroll","background-type":"","background-media":"","overlay-type":"","overlay-color":"","overlay-opacity":"","overlay-gradient":""},"tablet":{"background-color":"var(--ast-global-color-5)","background-image":"","background-repeat":"repeat","background-position":"center center","background-size":"auto","background-attachment":"scroll","background-type":"","background-media":"","overlay-type":"","overlay-color":"","overlay-opacity":"","overlay-gradient":""},"mobile":{"background-color":"var(--ast-global-color-5)","background-image":"","background-repeat":"repeat","background-position":"center center","background-size":"auto","background-attachment":"scroll","background-type":"","background-media":"","overlay-type":"","overlay-color":"","overlay-opacity":"","overlay-gradient":""}},"footnotes":""},"categories":[10],"tags":[],"class_list":["post-1034","post","type-post","status-publish","format-standard","has-post-thumbnail","hentry","category-common-skin-diseases"],"_links":{"self":[{"href":"https:\/\/drebruokyay.com\/es\/wp-json\/wp\/v2\/posts\/1034","targetHints":{"allow":["GET"]}}],"collection":[{"href":"https:\/\/drebruokyay.com\/es\/wp-json\/wp\/v2\/posts"}],"about":[{"href":"https:\/\/drebruokyay.com\/es\/wp-json\/wp\/v2\/types\/post"}],"author":[{"embeddable":true,"href":"https:\/\/drebruokyay.com\/es\/wp-json\/wp\/v2\/users\/1"}],"replies":[{"embeddable":true,"href":"https:\/\/drebruokyay.com\/es\/wp-json\/wp\/v2\/comments?post=1034"}],"version-history":[{"count":1,"href":"https:\/\/drebruokyay.com\/es\/wp-json\/wp\/v2\/posts\/1034\/revisions"}],"predecessor-version":[{"id":1055,"href":"https:\/\/drebruokyay.com\/es\/wp-json\/wp\/v2\/posts\/1034\/revisions\/1055"}],"wp:featuredmedia":[{"embeddable":true,"href":"https:\/\/drebruokyay.com\/es\/wp-json\/wp\/v2\/media\/1052"}],"wp:attachment":[{"href":"https:\/\/drebruokyay.com\/es\/wp-json\/wp\/v2\/media?parent=1034"}],"wp:term":[{"taxonomy":"category","embeddable":true,"href":"https:\/\/drebruokyay.com\/es\/wp-json\/wp\/v2\/categories?post=1034"},{"taxonomy":"post_tag","embeddable":true,"href":"https:\/\/drebruokyay.com\/es\/wp-json\/wp\/v2\/tags?post=1034"}],"curies":[{"name":"gracias","href":"https:\/\/api.w.org\/{rel}","templated":true}]}}